{"id":3841,"date":"2023-08-22T19:02:13","date_gmt":"2023-08-22T17:02:13","guid":{"rendered":"https:\/\/cri.it\/umbria\/?p=3841"},"modified":"2023-09-01T11:26:41","modified_gmt":"2023-09-01T09:26:41","slug":"19esima-edizione-gara-regionale-di-primo-soccorso","status":"publish","type":"post","link":"https:\/\/cri.it\/umbria\/2023\/08\/22\/19esima-edizione-gara-regionale-di-primo-soccorso\/","title":{"rendered":"19ESIMA EDIZIONE GARA REGIONALE DI PRIMO SOCCORSO &#8211; AVIGLIANO UMBRO 3 SETTEMBRE 2023"},"content":{"rendered":"<div class=\"xdj266r x11i5rnm xat24cr x1mh8g0r x1vvkbs x126k92a\"><\/div>\n<div class=\"x11i5rnm xat24cr x1mh8g0r x1vvkbs xtlvy1s x126k92a\">\n<div dir=\"auto\">Domenica 3 settembre 2023 dalle ore 11 alle ore 16:30, ad Avigliano Umbro, sede di uno dei 19 Comitati Territoriali afferenti alla CRI Umbria, avr\u00e0 luogo la XIX Edizione della Gara Regionale di Primo Soccorso.<br \/>\nLa citt\u00e0 si trasformer\u00e0 in un campo di gara. Protagonisti della giornata saranno i volontari che gareggeranno in diversi scenari di emergenza allestiti nei luoghi pi\u00f9 caratteristici della citt\u00e0, trasformati per l\u2019occasione in posti di intervento.<br \/>\nLe squadre partecipanti saranno dieci, di cui 8 in gara, provenienti da altrettanti Comitati Territoriali della Regione Umbria: Bastia Umbra, Citt\u00e0 di Castello, Corciano, Gualdo Tadino, Perugia, Spoleto, Terni, Valnestore.<br \/>\nL\u2019evento sar\u00e0 inoltre impreziosito dalla partecipazione di due squadre ospiti, provenienti rispettivamente dal Comitato Territoriale di Aprilia, appartenente alla CRI Lazio e dalla Sede di Tirana della consorella Societ\u00e0 Nazionale Croce Rossa Albanese, a dimostrazione del forte spirito di coesione e collaborazione che lega non solo le singole realt\u00e0 territoriali appartenenti alla Croce Rossa Italiana, ma anche tutte le Societ\u00e0 Nazionali, in ossequio al principio di<br \/>\nUniversalit\u00e0.<br \/>\nLa competizione, che ha avuto un fermo a causa della pandemia, riparte e vede molti volontari sfidarsi nella gestione e nell\u2019intervento in situazioni di emergenza simulate, relative a tutte le attivit\u00e0 specifiche della Croce Rossa: dai simulatori ai truccatori, dai giudici ai master, dagli istruttori di diritto internazionale umanitario, agli operatori di servizio psicosociale, agli esperti in logistica.<br \/>\nLe simulazioni di soccorso in cui i partecipanti dovranno intervenire vanno dagli incidenti sportivi e\/o domestici, agli infortuni sul luogo di lavoro, e incidenti stradali.<br \/>\nSar\u00e0 la somma dei punteggi ottenuti a decretare la squadra vincitrice, che rappresenter\u00e0 poi la CRI Umbria alla XXVIII edizione delle Gare Nazionali di Primo Soccorso della Croce Rossa Italiana che avr\u00e0 luogo a Caserta il 16 Settembre p.v.<br \/>\n<em>\u201cLa gara<\/em> \u2013 afferma il Presidente Regionale CRI Umbria Paolo Scura \u2013 d<em>opo gli anni di fermo dovuti alla crisi pandemica, costituisce una giornata all\u2019insegna della formazione e del divertimento, a cui potranno assistere i cittadini e rappresenta un appuntamento molto sentito per la Croce Rossa. Per i volontari rappresenta un\u2019importante occasione formativa e di confronto in cui mettere in pratica le conoscenze acquisite nel corso degli anni. La formazione e l\u2019addestramento costante, infatti, costituiscono uno dei pilastri della nostra Associazione e prerogativa di ogni nostro volontario&#8221;.<\/em><br \/>\nLa cerimonia di premiazione avr\u00e0 luogo alle ore 18:30 in Piazza Piave.<\/div>\n<\/div>\n<div class=\"x11i5rnm xat24cr x1mh8g0r x1vvkbs xtlvy1s x126k92a\">\n<div dir=\"auto\">Grazie per la disponibilit\u00e0 al <span><a class=\"x1i10hfl xjbqb8w x6umtig x1b1mbwd xaqea5y xav7gou x9f619 x1ypdohk xt0psk2 xe8uvvx xdj266r x11i5rnm xat24cr x1mh8g0r xexx8yu x4uap5 x18d9i69 xkhd6sd x16tdsg8 x1hl2dhg xggy1nq x1a2a7pz xt0b8zv x1qq9wsj xo1l8bm\" href=\"https:\/\/www.facebook.com\/cri.aviglianoumbro?__cft__[0]=AZUMN9cWN4nfGY6Ap9hpuA-Ph4PagM5-pURL35q-PDeO96mylFiaq3B1QoEI1sJ8VnNDMRzgzc966u8dv3qf7AIJQuVJGtpU_1pxKWTspvTn_xfKPnVgkmiGKJsgJwYCs0NAtUxBQTLow1MgTWVXT3XYLgccCScLS54aFKBHaSGLHkr_gzP896ckcivRhFKspyE&amp;__tn__=-]K-R\" role=\"link\" tabindex=\"0\" target=\"_blank\" rel=\"noopener\"><span class=\"xt0psk2\">Croce Rossa Italiana &#8211; Comitato di Avigliano Umbro<\/span><\/a><\/span> ed a tutti i comitati CRI che hanno aderito all&#8217;evento.<\/div>\n<\/div>\n<div class=\"x11i5rnm xat24cr x1mh8g0r x1vvkbs xtlvy1s x126k92a\">\n<div dir=\"auto\"><span><a class=\"x1i10hfl xjbqb8w x6umtig x1b1mbwd xaqea5y xav7gou x9f619 x1ypdohk xt0psk2 xe8uvvx xdj266r x11i5rnm xat24cr x1mh8g0r xexx8yu x4uap5 x18d9i69 xkhd6sd x16tdsg8 x1hl2dhg xggy1nq x1a2a7pz xt0b8zv x1qq9wsj xo1l8bm\" href=\"https:\/\/www.facebook.com\/hashtag\/garaprimososccorso?__eep__=6&amp;__cft__[0]=AZUMN9cWN4nfGY6Ap9hpuA-Ph4PagM5-pURL35q-PDeO96mylFiaq3B1QoEI1sJ8VnNDMRzgzc966u8dv3qf7AIJQuVJGtpU_1pxKWTspvTn_xfKPnVgkmiGKJsgJwYCs0NAtUxBQTLow1MgTWVXT3XYLgccCScLS54aFKBHaSGLHkr_gzP896ckcivRhFKspyE&amp;__tn__=*NK-R\" role=\"link\" tabindex=\"0\" target=\"_blank\" rel=\"noopener\">#garaprimososccorso<\/a><\/span><\/div>\n<div dir=\"auto\"><span><a class=\"x1i10hfl xjbqb8w x6umtig x1b1mbwd xaqea5y xav7gou x9f619 x1ypdohk xt0psk2 xe8uvvx xdj266r x11i5rnm xat24cr x1mh8g0r xexx8yu x4uap5 x18d9i69 xkhd6sd x16tdsg8 x1hl2dhg xggy1nq x1a2a7pz xt0b8zv x1qq9wsj xo1l8bm\" href=\"https:\/\/www.facebook.com\/hashtag\/personeinprimapersona?__eep__=6&amp;__cft__[0]=AZUMN9cWN4nfGY6Ap9hpuA-Ph4PagM5-pURL35q-PDeO96mylFiaq3B1QoEI1sJ8VnNDMRzgzc966u8dv3qf7AIJQuVJGtpU_1pxKWTspvTn_xfKPnVgkmiGKJsgJwYCs0NAtUxBQTLow1MgTWVXT3XYLgccCScLS54aFKBHaSGLHkr_gzP896ckcivRhFKspyE&amp;__tn__=*NK-R\" role=\"link\" tabindex=\"0\" target=\"_blank\" rel=\"noopener\">#personeinprimapersona<\/a><\/span><\/div>\n<\/div>\n<div class=\"x11i5rnm xat24cr x1mh8g0r x1vvkbs xtlvy1s x126k92a\">\n<div dir=\"auto\"><span><a class=\"x1i10hfl xjbqb8w x6umtig x1b1mbwd xaqea5y xav7gou x9f619 x1ypdohk xt0psk2 xe8uvvx xdj266r x11i5rnm xat24cr x1mh8g0r xexx8yu x4uap5 x18d9i69 xkhd6sd x16tdsg8 x1hl2dhg xggy1nq x1a2a7pz xt0b8zv x1qq9wsj xo1l8bm\" href=\"https:\/\/www.facebook.com\/ItalianRedCross?__cft__[0]=AZUMN9cWN4nfGY6Ap9hpuA-Ph4PagM5-pURL35q-PDeO96mylFiaq3B1QoEI1sJ8VnNDMRzgzc966u8dv3qf7AIJQuVJGtpU_1pxKWTspvTn_xfKPnVgkmiGKJsgJwYCs0NAtUxBQTLow1MgTWVXT3XYLgccCScLS54aFKBHaSGLHkr_gzP896ckcivRhFKspyE&amp;__tn__=-]K-R\" role=\"link\" tabindex=\"0\" target=\"_blank\" rel=\"noopener\"><span class=\"xt0psk2\">Croce Rossa Italiana &#8211; Italian Red Cross<\/span><\/a><\/span><\/div>\n<div dir=\"auto\"><span><a class=\"x1i10hfl xjbqb8w x6umtig x1b1mbwd xaqea5y xav7gou x9f619 x1ypdohk xt0psk2 xe8uvvx xdj266r x11i5rnm xat24cr x1mh8g0r xexx8yu x4uap5 x18d9i69 xkhd6sd x16tdsg8 x1hl2dhg xggy1nq x1a2a7pz xt0b8zv x1qq9wsj xo1l8bm\" href=\"https:\/\/www.facebook.com\/Regione.Umbria.official?__cft__[0]=AZUMN9cWN4nfGY6Ap9hpuA-Ph4PagM5-pURL35q-PDeO96mylFiaq3B1QoEI1sJ8VnNDMRzgzc966u8dv3qf7AIJQuVJGtpU_1pxKWTspvTn_xfKPnVgkmiGKJsgJwYCs0NAtUxBQTLow1MgTWVXT3XYLgccCScLS54aFKBHaSGLHkr_gzP896ckcivRhFKspyE&amp;__tn__=-]K-R\" role=\"link\" tabindex=\"0\" target=\"_blank\" rel=\"noopener\"><span class=\"xt0psk2\">Regione Umbria<\/span><\/a><\/span><\/div>\n<\/div>\n<div dir=\"auto\">\n\n\t\t<style type=\"text\/css\">\n\t\t\t#gallery-1 {\n\t\t\t\tmargin: auto;\n\t\t\t}\n\t\t\t#gallery-1 .gallery-item {\n\t\t\t\tfloat: left;\n\t\t\t\tmargin-top: 10px;\n\t\t\t\ttext-align: center;\n\t\t\t\twidth: 33%;\n\t\t\t}\n\t\t\t#gallery-1 img {\n\t\t\t\tborder: 2px solid #cfcfcf;\n\t\t\t}\n\t\t\t#gallery-1 .gallery-caption {\n\t\t\t\tmargin-left: 0;\n\t\t\t}\n\t\t\t\/* see gallery_shortcode() in wp-includes\/media.php *\/\n\t\t<\/style>\n\t\t<div id='gallery-1' class='gallery galleryid-3841 gallery-columns-3 gallery-size-thumbnail'><dl class='gallery-item'>\n\t\t\t<dt class='gallery-icon landscape'>\n\t\t\t\t<a href=\"https:\/\/cri.it\/umbria\/2023\/08\/22\/19esima-edizione-gara-regionale-di-primo-soccorso\/attachment\/1-3\/\"><img decoding=\"async\" width=\"150\" height=\"150\" src=\"https:\/\/cri.it\/umbria\/wp-content\/uploads\/sites\/20\/2023\/08\/1-150x150.jpg\" class=\"attachment-thumbnail size-thumbnail\" alt=\"\" \/><\/a>\n\t\t\t<\/dt><\/dl><dl class='gallery-item'>\n\t\t\t<dt class='gallery-icon landscape'>\n\t\t\t\t<a href=\"https:\/\/cri.it\/umbria\/2023\/08\/22\/19esima-edizione-gara-regionale-di-primo-soccorso\/attachment\/2-2\/\"><img decoding=\"async\" width=\"150\" height=\"150\" src=\"https:\/\/cri.it\/umbria\/wp-content\/uploads\/sites\/20\/2023\/08\/2-150x150.jpg\" class=\"attachment-thumbnail size-thumbnail\" alt=\"\" \/><\/a>\n\t\t\t<\/dt><\/dl><dl class='gallery-item'>\n\t\t\t<dt class='gallery-icon landscape'>\n\t\t\t\t<a href=\"https:\/\/cri.it\/umbria\/2023\/08\/22\/19esima-edizione-gara-regionale-di-primo-soccorso\/attachment\/3-2\/\"><img decoding=\"async\" width=\"150\" height=\"150\" src=\"https:\/\/cri.it\/umbria\/wp-content\/uploads\/sites\/20\/2023\/08\/3-150x150.jpg\" class=\"attachment-thumbnail size-thumbnail\" alt=\"\" \/><\/a>\n\t\t\t<\/dt><\/dl><br style=\"clear: both\" \/><dl class='gallery-item'>\n\t\t\t<dt class='gallery-icon landscape'>\n\t\t\t\t<a href=\"https:\/\/cri.it\/umbria\/2023\/08\/22\/19esima-edizione-gara-regionale-di-primo-soccorso\/attachment\/4-2\/\"><img loading=\"lazy\" decoding=\"async\" width=\"150\" height=\"148\" src=\"https:\/\/cri.it\/umbria\/wp-content\/uploads\/sites\/20\/2023\/08\/4-150x148.jpg\" class=\"attachment-thumbnail size-thumbnail\" alt=\"\" \/><\/a>\n\t\t\t<\/dt><\/dl>\n\t\t\t<br style='clear: both' \/>\n\t\t<\/div>\n\n<\/div>\n","protected":false},"excerpt":{"rendered":"<p>Domenica 3 settembre 2023 dalle ore 11 alle ore 16:30, ad Avigliano Umbro, sede di uno dei 19 Comitati Territoriali afferenti alla CRI Umbria, avr\u00e0 luogo la XIX Edizione della Gara Regionale di Primo Soccorso. La citt\u00e0 si trasformer\u00e0 in un campo di gara. Protagonisti della giornata saranno i volontari [&hellip;]<\/p>\n","protected":false},"author":121,"featured_media":3842,"comment_status":"closed","ping_status":"closed","sticky":false,"template":"","format":"standard","meta":{"_themeisle_gutenberg_block_has_review":false,"footnotes":""},"categories":[5,4],"tags":[],"class_list":["post-3841","post","type-post","status-publish","format-standard","has-post-thumbnail","hentry","category-eventi","category-primo-piano-generico"],"interactive":false,"_links":{"self":[{"href":"https:\/\/cri.it\/umbria\/wp-json\/wp\/v2\/posts\/3841","targetHints":{"allow":["GET"]}}],"collection":[{"href":"https:\/\/cri.it\/umbria\/wp-json\/wp\/v2\/posts"}],"about":[{"href":"https:\/\/cri.it\/umbria\/wp-json\/wp\/v2\/types\/post"}],"author":[{"embeddable":true,"href":"https:\/\/cri.it\/umbria\/wp-json\/wp\/v2\/users\/121"}],"replies":[{"embeddable":true,"href":"https:\/\/cri.it\/umbria\/wp-json\/wp\/v2\/comments?post=3841"}],"version-history":[{"count":3,"href":"https:\/\/cri.it\/umbria\/wp-json\/wp\/v2\/posts\/3841\/revisions"}],"predecessor-version":[{"id":3851,"href":"https:\/\/cri.it\/umbria\/wp-json\/wp\/v2\/posts\/3841\/revisions\/3851"}],"wp:featuredmedia":[{"embeddable":true,"href":"https:\/\/cri.it\/umbria\/wp-json\/wp\/v2\/media\/3842"}],"wp:attachment":[{"href":"https:\/\/cri.it\/umbria\/wp-json\/wp\/v2\/media?parent=3841"}],"wp:term":[{"taxonomy":"category","embeddable":true,"href":"https:\/\/cri.it\/umbria\/wp-json\/wp\/v2\/categories?post=3841"},{"taxonomy":"post_tag","embeddable":true,"href":"https:\/\/cri.it\/umbria\/wp-json\/wp\/v2\/tags?post=3841"}],"curies":[{"name":"wp","href":"https:\/\/api.w.org\/{rel}","templated":true}]}}