{"id":971,"date":"2018-07-03T01:00:00","date_gmt":"2018-07-02T23:00:00","guid":{"rendered":"https:\/\/cri.it\/trentino\/2018\/07\/03\/croce-rossa-in-azione-nel-fango-di-moena\/"},"modified":"2018-07-03T01:00:00","modified_gmt":"2018-07-02T23:00:00","slug":"croce-rossa-in-azione-nel-fango-di-moena","status":"publish","type":"post","link":"https:\/\/cri.it\/trentino\/2018\/07\/03\/croce-rossa-in-azione-nel-fango-di-moena\/","title":{"rendered":"Croce Rossa in azione nel fango di Moena"},"content":{"rendered":"<h1 class=\"viewTitolo viewTitolo1\">Croce Rossa in azione nel fango di Moena<\/h1>\n<div class='viewLineBreak'>&nbsp;<\/div>\n<div class='viewLineBreak'>&nbsp;<\/div>\n<div class='BLOBWidth100'>\n<div class='BLOBFloatRight BLOBIMGSpacerLeft'><img fetchpriority=\"high\" id='img-84' src='https:\/\/cri.it\/wp-content\/uploads\/cri-content\/images\/c\/d\/9\/D.372e03b8a847952debd6\/WhatsApp_Image_2018_07_04_at_12.23.54.jpeg'  width=\"300\" height=\"225\" alt='Moena CRI nubifragio' \/><\/div>\n<div class='viewParCell BLOBAlignJustify'>\n<p>Nel pomeriggio di marted\u00ec 3 luglio una eccezionale precipitazione atmosferica ha messo in ginocchio l\u2019abitato di Moena e i suoi dintorni. Il violento nubifragio ha scaricato nel giro di un paio d\u2019ore oltre 140 millimetri d\u2019acqua in un raggio di sei chilometri provocando il repentino ingrossamento dei corsi d\u2019acqua che hanno trascinato a valle un fiume impetuoso di fango e detriti di ogni genere. Complici alcuni ponti che hanno fatto da diga, la massa melmosa \u00e8 uscita dagli argini e ha invaso strade e scantinati provocando ingenti danni e bloccando ogni attivit\u00e0; fortunatamente non si sono registrati danni alle persone.<br \/>La Croce rossa italiana del Trentino \u00e8 particolarmente vicina ed esprime la propria solidariet\u00e0 alla gente e agli ospiti di Moena e dintorni, zona duramente colpita dalle eccezionali precipitazioni atmosferiche e al tempo stesso, guarda con orgoglio ai volontari del Comitato della Val di Fassa che si sono prontamente messi a disposizione e hanno saputo gestire l\u2019intervento con efficace professionalit\u00e0, in particolare creando la struttura d\u2019accoglienza per gli sfollati, allestendo un Posto medico avanzato e garantendo interventi e mobilit\u00e0 con mezzi fuoristrada. \u00c8 grazie al loro ininterrotto lavoro, unitamente a quello dei Vigili del fuoco volontari e di tutte le organizzazioni di Protezione civile coordinate dalla Sala operativa provinciale, che a meno di ventiquattro ore di distanza dalla disastrosa precipitazione l\u2019allarme si \u00e8 potuto considerare quasi concluso e la vita del paese si \u00e8 avviata verso normalit\u00e0. (gip)<\/p>\n<\/div>\n<div class='BLOBFloatClear BLOBRow1px'>&nbsp;<\/div>\n<\/div>\n<div class='viewLineBreak'>&nbsp;<\/div>\n<div>\n<hr class='viewHR BLOBAlignLeft' \/><\/div>\n<div class='BLOBBlockAlignLeft'><img id='img-85' src='https:\/\/cri.it\/wp-content\/uploads\/cri-content\/images\/4\/2\/c\/D.e181bd20258e89e0661a\/6.jpeg'  width=\"499\" height=\"336\" alt='Moena alluvione 3 luglio' class='viewImg' \/><\/div>\n<div class='BLOBFloatClear'><\/div>\n<div class='viewLineBreak'>&nbsp;<\/div>\n","protected":false},"excerpt":{"rendered":"<p>Nel pomeriggio di marted\u00ec 3 luglio una eccezionale precipitazione atmosferica ha messo in ginocchio l\u2019abitato di Moena e i suoi dintorni.<br \/>&nbsp;Il violento nubifragio ha scaricato nel giro di un paio d\u2019ore oltre 140 millimetri d\u2019acqua in un raggio di sei chilometri provocando il repentino ingrossamento dei corsi d\u2019acqua che hanno trascinato a valle un fiume impetuoso di fango e<br \/>detriti di ogni genere.<\/p>\n","protected":false},"author":47,"featured_media":972,"comment_status":"open","ping_status":"open","sticky":false,"template":"","format":"standard","meta":{"_themeisle_gutenberg_block_has_review":false,"footnotes":""},"categories":[2,3,4],"tags":[],"class_list":["post-971","post","type-post","status-publish","format-standard","has-post-thumbnail","hentry","category-comitato-prov-aut-trento","category-news","category-secondo-piano-generico"],"interactive":false,"_links":{"self":[{"href":"https:\/\/cri.it\/trentino\/wp-json\/wp\/v2\/posts\/971","targetHints":{"allow":["GET"]}}],"collection":[{"href":"https:\/\/cri.it\/trentino\/wp-json\/wp\/v2\/posts"}],"about":[{"href":"https:\/\/cri.it\/trentino\/wp-json\/wp\/v2\/types\/post"}],"author":[{"embeddable":true,"href":"https:\/\/cri.it\/trentino\/wp-json\/wp\/v2\/users\/47"}],"replies":[{"embeddable":true,"href":"https:\/\/cri.it\/trentino\/wp-json\/wp\/v2\/comments?post=971"}],"version-history":[{"count":0,"href":"https:\/\/cri.it\/trentino\/wp-json\/wp\/v2\/posts\/971\/revisions"}],"wp:featuredmedia":[{"embeddable":true,"href":"https:\/\/cri.it\/trentino\/wp-json\/wp\/v2\/media\/972"}],"wp:attachment":[{"href":"https:\/\/cri.it\/trentino\/wp-json\/wp\/v2\/media?parent=971"}],"wp:term":[{"taxonomy":"category","embeddable":true,"href":"https:\/\/cri.it\/trentino\/wp-json\/wp\/v2\/categories?post=971"},{"taxonomy":"post_tag","embeddable":true,"href":"https:\/\/cri.it\/trentino\/wp-json\/wp\/v2\/tags?post=971"}],"curies":[{"name":"wp","href":"https:\/\/api.w.org\/{rel}","templated":true}]}}