{"id":930,"date":"2018-10-25T00:00:00","date_gmt":"2018-10-24T22:00:00","guid":{"rendered":"https:\/\/cri.it\/trentino\/2018\/10\/25\/un-altro-anno-con-le-unita-cinofile\/"},"modified":"2018-10-25T00:00:00","modified_gmt":"2018-10-24T22:00:00","slug":"un-altro-anno-con-le-unita-cinofile","status":"publish","type":"post","link":"https:\/\/cri.it\/trentino\/2018\/10\/25\/un-altro-anno-con-le-unita-cinofile\/","title":{"rendered":"Un altro anno con le Unit\u00e0 cinofile"},"content":{"rendered":"<h1 class=\"viewTitolo viewTitolo1\">Calendario Unit&agrave; cinofile <acronym title='Croce Rossa Italiana' lang='it'>CRI<\/acronym> 2019<\/h1>\n<div class='viewLineBreak'>&nbsp;<\/div>\n<div class='viewLineBreak'>&nbsp;<\/div>\n<div class='BLOBWidth100'>\n<div class='BLOBFloatRight BLOBIMGSpacerLeft'>\n<dl class='viewCaption' style='width: 294px;'>\n<dt><img fetchpriority=\"high\" id='img-66' src='https:\/\/cri.it\/wp-content\/uploads\/cri-content\/images\/2\/5\/4\/D.66dd9e92d3ba513bd23d\/Prima_pagina_calendario_UC_2019.jpg' width=\"294\" height=\"500\" alt='' \/><\/dt>\n<dd>Il Calendario UC 2019<\/dd>\n<\/dl><\/div>\n<h2 class='viewSotTitCell'>Dodici mesi in compagnia dei cani da ricerca e da esibizione della <acronym title='Croce Rossa Italiana' lang='it'>Cri<\/acronym> del Trentino<\/h2>\n<div class='viewParCell BLOBAlignJustify'>\n<p>&nbsp;Ci avviamo verso la fine di questo 2018 e puntualmente eccolo qui, fresco di stampa, il nuovo <span class='il'>calendario<\/span> delle Unit\u00e0 cinofile. Dodici immagini dei nostri cani, accuratamente scelte tra le decine di fotografie scattate dai loro conduttori, che ci terranno compagnia nel 2019 che verr\u00e0. Il <span class='il'>calendario<\/span> \u00e8 in distribuzione gi\u00e0 da questa settimana, per riceverne una o pi\u00f9 copie \u00e8 sufficiente contattare la referente provinciale delle Unit\u00e0 cinofile, Silvia Nardin, al telefono 345-2473639 o via email <a href='[[undefined]]'>silvia.nardin@trentino.cri.it<\/a><\/p>\n<\/div>\n<div class='BLOBFloatClear BLOBRow1px'>&nbsp;<\/div>\n<\/div>\n","protected":false},"excerpt":{"rendered":"<p>Dodici mesi in compagnia dei cani da ricerca e da esibizione della Cri del Trentino. Ecco&nbsp; il nuovo calendario 2019, fresco&nbsp; di stampa ed in distribuzione gi\u00e0 da questa settimana. Non perdetelo!<\/p>\n","protected":false},"author":47,"featured_media":931,"comment_status":"open","ping_status":"open","sticky":false,"template":"","format":"standard","meta":{"_themeisle_gutenberg_block_has_review":false,"footnotes":""},"categories":[2,3,23,4],"tags":[],"class_list":["post-930","post","type-post","status-publish","format-standard","has-post-thumbnail","hentry","category-comitato-prov-aut-trento","category-news","category-salute","category-secondo-piano-generico"],"interactive":false,"_links":{"self":[{"href":"https:\/\/cri.it\/trentino\/wp-json\/wp\/v2\/posts\/930","targetHints":{"allow":["GET"]}}],"collection":[{"href":"https:\/\/cri.it\/trentino\/wp-json\/wp\/v2\/posts"}],"about":[{"href":"https:\/\/cri.it\/trentino\/wp-json\/wp\/v2\/types\/post"}],"author":[{"embeddable":true,"href":"https:\/\/cri.it\/trentino\/wp-json\/wp\/v2\/users\/47"}],"replies":[{"embeddable":true,"href":"https:\/\/cri.it\/trentino\/wp-json\/wp\/v2\/comments?post=930"}],"version-history":[{"count":0,"href":"https:\/\/cri.it\/trentino\/wp-json\/wp\/v2\/posts\/930\/revisions"}],"wp:featuredmedia":[{"embeddable":true,"href":"https:\/\/cri.it\/trentino\/wp-json\/wp\/v2\/media\/931"}],"wp:attachment":[{"href":"https:\/\/cri.it\/trentino\/wp-json\/wp\/v2\/media?parent=930"}],"wp:term":[{"taxonomy":"category","embeddable":true,"href":"https:\/\/cri.it\/trentino\/wp-json\/wp\/v2\/categories?post=930"},{"taxonomy":"post_tag","embeddable":true,"href":"https:\/\/cri.it\/trentino\/wp-json\/wp\/v2\/tags?post=930"}],"curies":[{"name":"wp","href":"https:\/\/api.w.org\/{rel}","templated":true}]}}