{"id":884,"date":"2018-11-25T00:00:00","date_gmt":"2018-11-24T23:00:00","guid":{"rendered":"https:\/\/cri.it\/trentino\/2018\/11\/25\/telecamere-al-comitato-provinciale-cri-di-trento\/"},"modified":"2018-11-25T00:00:00","modified_gmt":"2018-11-24T23:00:00","slug":"telecamere-al-comitato-provinciale-cri-di-trento","status":"publish","type":"post","link":"https:\/\/cri.it\/trentino\/2018\/11\/25\/telecamere-al-comitato-provinciale-cri-di-trento\/","title":{"rendered":"Telecamere al Comitato provinciale Cri di Trento"},"content":{"rendered":"<h1 class=\"viewTitolo viewTitolo1\">Telecamere al Comitato provinciale <acronym title='Croce Rossa Italiana' lang='it'>Cri<\/acronym> di Trento<\/h1>\n<div class='viewLineBreak'>&nbsp;<\/div>\n<div class='viewLineBreak'>&nbsp;<\/div>\n<div class='BLOBWidth100'>\n<div class='BLOBFloatRight BLOBIMGSpacerLeft'>\n<dl class='viewCaption' style='width: 400px;'>\n<dt><img fetchpriority=\"high\" id='img-54' src='https:\/\/cri.it\/wp-content\/uploads\/cri-content\/images\/4\/b\/a\/D.904c724810bded9350e1\/20181122_174733.jpg'  width=\"400\" height=\"300\" alt='' \/><\/dt>\n<dd>Telecamere in Presidenza al Comitato Provinciale<\/dd>\n<\/dl><\/div>\n<div class='viewParCell BLOBAlignJustify'>\n<p>Che ci fa una troupe televisiva nell\u2019ufficio del Presidente del Comitato provinciale?<br \/>A quale fuoco di domande si \u00e8 sottoposto Alessandro Brunialti davanti alle telecamere? <\/p>\n<p>La curiosit\u00e0 potr\u00e0 essere soddisfatta solo domenica 9 dicembre, alle 9.15, quando su Rai regione andr\u00e0 in onda una puntata di VivinTrentino dedicata alle associazioni di protezione civile. <\/p>\n<p>Di certo sappiamo solo che il nostro Presidente, con l\u2019entusiasmo di sempre, ha raccontato la <acronym title='Croce Rossa Italiana' lang='it'>Cri<\/acronym> del Trentino a trecentosessanta gradi, spaziando tra le aree di intervento e relativi obiettivi strategici, sottolineando le attivit\u00e0 qualificanti senza trascurare quelle marginali. Un paio di settimane d\u2019attesa, dunque, e poi tutti pronti col telecomando in mano. Stay tuned!<\/p>\n<\/div>\n<div class='BLOBFloatClear BLOBRow1px'>&nbsp;<\/div>\n<\/div>\n","protected":false},"excerpt":{"rendered":"<p>Che ci fa una troupe televisiva nell\u2019ufficio del Presidente del Comitato provinciale? A quale fuoco di domande si \u00e8 sottoposto Alessandro Brunialti davanti alle telecamere?&nbsp;<\/p>\n","protected":false},"author":47,"featured_media":885,"comment_status":"open","ping_status":"open","sticky":false,"template":"","format":"standard","meta":{"_themeisle_gutenberg_block_has_review":false,"footnotes":""},"categories":[2,3,4],"tags":[],"class_list":["post-884","post","type-post","status-publish","format-standard","has-post-thumbnail","hentry","category-comitato-prov-aut-trento","category-news","category-secondo-piano-generico"],"interactive":false,"_links":{"self":[{"href":"https:\/\/cri.it\/trentino\/wp-json\/wp\/v2\/posts\/884","targetHints":{"allow":["GET"]}}],"collection":[{"href":"https:\/\/cri.it\/trentino\/wp-json\/wp\/v2\/posts"}],"about":[{"href":"https:\/\/cri.it\/trentino\/wp-json\/wp\/v2\/types\/post"}],"author":[{"embeddable":true,"href":"https:\/\/cri.it\/trentino\/wp-json\/wp\/v2\/users\/47"}],"replies":[{"embeddable":true,"href":"https:\/\/cri.it\/trentino\/wp-json\/wp\/v2\/comments?post=884"}],"version-history":[{"count":0,"href":"https:\/\/cri.it\/trentino\/wp-json\/wp\/v2\/posts\/884\/revisions"}],"wp:featuredmedia":[{"embeddable":true,"href":"https:\/\/cri.it\/trentino\/wp-json\/wp\/v2\/media\/885"}],"wp:attachment":[{"href":"https:\/\/cri.it\/trentino\/wp-json\/wp\/v2\/media?parent=884"}],"wp:term":[{"taxonomy":"category","embeddable":true,"href":"https:\/\/cri.it\/trentino\/wp-json\/wp\/v2\/categories?post=884"},{"taxonomy":"post_tag","embeddable":true,"href":"https:\/\/cri.it\/trentino\/wp-json\/wp\/v2\/tags?post=884"}],"curies":[{"name":"wp","href":"https:\/\/api.w.org\/{rel}","templated":true}]}}