{"id":38,"date":"2017-11-20T00:00:00","date_gmt":"2017-11-19T23:00:00","guid":{"rendered":"https:\/\/sito.cri.intra\/trentino\/2017\/11\/20\/dalla-mongolia-al-trentino-per-la-prima-volta-una-delegazione-della-croce-rossa-della-mongolia-ha-incontrato-il-comitato-provinciale-del-trentino\/"},"modified":"2017-11-20T00:00:00","modified_gmt":"2017-11-19T23:00:00","slug":"dalla-mongolia-al-trentino-per-la-prima-volta-una-delegazione-della-croce-rossa-della-mongolia-ha-incontrato-il-comitato-provinciale-del-trentino","status":"publish","type":"post","link":"https:\/\/cri.it\/trentino\/2017\/11\/20\/dalla-mongolia-al-trentino-per-la-prima-volta-una-delegazione-della-croce-rossa-della-mongolia-ha-incontrato-il-comitato-provinciale-del-trentino\/","title":{"rendered":"Dalla Mongolia al Trentino: per la prima volta una delegazione della Croce Rossa della Mongolia ha incontrato il Comitato Provinciale del Trentino"},"content":{"rendered":"<h1 >Dalla Mongolia al Trentino: per la prima volta una delegazione della Croce Rossa della Mongolia ha incontrato il Comitato Provinciale del Trentino<\/h1>\n<div >\u00a0<\/div>\n<div >\n<div ><img fetchpriority=\"high\"  src='http:\/\/cri.it\/wp-content\/uploads\/cri-content\/images\/b\/f\/e\/D.c74be054d58a331d2e26\/Foto_cri_Mongolia.jpg'  width=\"350\" height=\"233\" alt='Dalla Mongolia al Trentino: per la prima volta una delegazione della Croce Rossa della Mongolia ha incontrato il Comitato Provinciale del Trentino' \/><\/div>\n<div >\n<p>Si \u00e8 conclusa con la giornata di <strong >venerd\u00ec 13 ottobre<\/strong>, in Trentino, la visita di una delegazione nazionale della Croce Rossa della Mongolia rappresentata dal loro Segretario generale, <strong >Bolormaa<\/strong>, direttore amministrativo <strong >Enkhtaivan<\/strong> e dal direttore della Programmazione e Cooperazione internazionale<strong > Davavjargal<\/strong>.<\/p>\n<p>Dopo l\u2019incontro con i vertici della <strong >Croce Rossa Nazionale a Roma<\/strong>, dove sono stati ospiti per alcuni giorni, l\u201911 ottobre la delegazione \u00e8 stata accolta dal <strong >Comitato Provinciale Trentino<\/strong>, dove hanno potuto affacciarsi ad una realt\u00e0 territoriale che fosse a loro familiare, con le sfide legate ad un contesto regionale prettamente montuoso, come quello della Mongolia.<\/p>\n<p>Nella giornata di gioved\u00ec hanno conosciuto le realt\u00e0 e l\u2019organizzazione dei Comitati di <strong >Vigo di Fassa<\/strong> e <strong >Canal San Bovo<\/strong>, mentre, nella giornata di venerd\u00ec, dopo la conferenza stampa con il Presidente Provinciale ed i consiglieri sono tornati a <strong >Venezia<\/strong> per un breve tour ed il rientro in Mongolia.<\/p>\n<p>Per la realt\u00e0 della croce rossa Trentina \u00e8 stato importante capire come, in Mongolia, \u00e8 direttamente il <strong >governo ad occuparsi del primo soccorso<\/strong> e del servizio in ambulanza. La Croce Rossa Nazionale Mongola invece si occupa in particolar modo del Sociale e delle Emergenze Ambientali.<\/p>\n<p>Data la vastit\u00e0 del territorio e le temperature molto rigide in inverno infatti, la Croce Rossa va a supporto delle realt\u00e0 molto isolate fornendo viveri, assistenza e beni di prima necessit\u00e0. Altro importante impegno della <acronym title='Croce Rossa Italiana' lang='it'>CRI<\/acronym> Mongolia quello a supporto della povert\u00e0 nazionale in quanto il loro tasso di povert\u00e0 \u00e8 molto alto.<\/p>\n<\/div>\n<div >\u00a0<\/div>\n<\/div>\n","protected":false},"excerpt":{"rendered":"<p>Si \u00e8 conclusa con la giornata di venerd\u00ec 13 ottobre, in Trentino, la visita di una delegazione nazionale della Croce Rossa della Mongolia rappresentata dal loro Segretario generale, Bolormaa, direttore amministrativo Enkhtaivan e dal direttore della Programmazione e Cooperazione internazionale Davavjargal.<\/p>\n","protected":false},"author":20,"featured_media":39,"comment_status":"closed","ping_status":"closed","sticky":false,"template":"","format":"standard","meta":{"_themeisle_gutenberg_block_has_review":false,"footnotes":""},"categories":[2,3,4],"tags":[],"class_list":["post-38","post","type-post","status-publish","format-standard","has-post-thumbnail","hentry","category-comitato-prov-aut-trento","category-news","category-secondo-piano-generico"],"interactive":false,"_links":{"self":[{"href":"https:\/\/cri.it\/trentino\/wp-json\/wp\/v2\/posts\/38","targetHints":{"allow":["GET"]}}],"collection":[{"href":"https:\/\/cri.it\/trentino\/wp-json\/wp\/v2\/posts"}],"about":[{"href":"https:\/\/cri.it\/trentino\/wp-json\/wp\/v2\/types\/post"}],"author":[{"embeddable":true,"href":"https:\/\/cri.it\/trentino\/wp-json\/wp\/v2\/users\/20"}],"replies":[{"embeddable":true,"href":"https:\/\/cri.it\/trentino\/wp-json\/wp\/v2\/comments?post=38"}],"version-history":[{"count":0,"href":"https:\/\/cri.it\/trentino\/wp-json\/wp\/v2\/posts\/38\/revisions"}],"wp:featuredmedia":[{"embeddable":true,"href":"https:\/\/cri.it\/trentino\/wp-json\/wp\/v2\/media\/39"}],"wp:attachment":[{"href":"https:\/\/cri.it\/trentino\/wp-json\/wp\/v2\/media?parent=38"}],"wp:term":[{"taxonomy":"category","embeddable":true,"href":"https:\/\/cri.it\/trentino\/wp-json\/wp\/v2\/categories?post=38"},{"taxonomy":"post_tag","embeddable":true,"href":"https:\/\/cri.it\/trentino\/wp-json\/wp\/v2\/tags?post=38"}],"curies":[{"name":"wp","href":"https:\/\/api.w.org\/{rel}","templated":true}]}}