{"id":1282,"date":"2022-01-12T15:51:15","date_gmt":"2022-01-12T14:51:15","guid":{"rendered":"https:\/\/cri.it\/trentino\/?p=1282"},"modified":"2022-01-12T15:53:34","modified_gmt":"2022-01-12T14:53:34","slug":"casa-sebastiano-croce-rossa-finanzia-il-giardino-terapeutico","status":"publish","type":"post","link":"https:\/\/cri.it\/trentino\/2022\/01\/12\/casa-sebastiano-croce-rossa-finanzia-il-giardino-terapeutico\/","title":{"rendered":"Casa Sebastiano, Croce Rossa finanzia il giardino terapeutico"},"content":{"rendered":"<p style=\"font-weight: 400\"><strong><i>Donati 45 mila euro, in primavera pronta la struttura progettata dal Politecnico di Milano<\/i><\/strong><\/p>\n<p style=\"font-weight: 400\">Casa Sebastiano, il centro di riabilitazione socio sanitaria per persone autistiche con sede a Coredo (Val di Non) e noto a livello internazionale per le ricerche e le soluzioni all\u2019avanguardia nello studio e nel trattamento della specifica patologia, si arricchisce di un nuovo strumento utile a stimolare e dosare l\u2019attivit\u00e0 motoria: il giardino terapeutico.<\/p>\n<p style=\"font-weight: 400\">Un progetto che diventer\u00e0 realt\u00e0 nella prossima primavera, auspicabilmente entro il 2 aprile, \u201cGiornata mondiale della consapevolezza dell\u2019autismo\u201d, grazie al finanziamento di Croce Rossa che in occasione di un breve incontro ha messo nelle mani del presidente della Fondazione Trentina per l\u2019Autismo,\u00a0<strong>Giovanni Coletti<\/strong>, un assegno da 45 mila euro. \u201cSono soldi provenienti dai cittadini trentini \u2013 ha tenuto a precisare\u00a0<strong>Alessandro Brunialti<\/strong>, presidente del Comitato provinciale di Trento della Croce Rossa Italiana \u2013 affidati alla Cri perch\u00e9 possano essere proficuamente investiti in progetti di utilit\u00e0 sociale e che, in questo caso, si \u00e8 pensato di donare a Casa Sebastiano per finanziare la realizzazione del giardino terapeutico, uno strumento innovativo e utile per lo sviluppo dell\u2019attivit\u00e0 motoria degli ospiti\u201d.<\/p>\n<p><img fetchpriority=\"high\" decoding=\"async\" src=\"https:\/\/cri.it\/trentino\/wp-content\/uploads\/sites\/19\/2022\/01\/Incontro-300x225.jpg\" alt=\"\" width=\"300\" height=\"225\" class=\"alignnone size-medium wp-image-1283\" srcset=\"https:\/\/cri.it\/trentino\/wp-content\/uploads\/sites\/19\/2022\/01\/Incontro-300x225.jpg 300w, https:\/\/cri.it\/trentino\/wp-content\/uploads\/sites\/19\/2022\/01\/Incontro-1024x768.jpg 1024w, https:\/\/cri.it\/trentino\/wp-content\/uploads\/sites\/19\/2022\/01\/Incontro-768x576.jpg 768w, https:\/\/cri.it\/trentino\/wp-content\/uploads\/sites\/19\/2022\/01\/Incontro-1536x1152.jpg 1536w, https:\/\/cri.it\/trentino\/wp-content\/uploads\/sites\/19\/2022\/01\/Incontro-2048x1536.jpg 2048w, https:\/\/cri.it\/trentino\/wp-content\/uploads\/sites\/19\/2022\/01\/Incontro-1280x960.jpg 1280w, https:\/\/cri.it\/trentino\/wp-content\/uploads\/sites\/19\/2022\/01\/Incontro-1920x1440.jpg 1920w\" sizes=\"(max-width: 300px) 100vw, 300px\" \/> <img decoding=\"async\" src=\"https:\/\/cri.it\/trentino\/wp-content\/uploads\/sites\/19\/2022\/01\/Brunialti-Coletti-e-Martinelli-300x225.jpg\" alt=\"\" width=\"300\" height=\"225\" class=\"alignnone size-medium wp-image-1284\" srcset=\"https:\/\/cri.it\/trentino\/wp-content\/uploads\/sites\/19\/2022\/01\/Brunialti-Coletti-e-Martinelli-300x225.jpg 300w, https:\/\/cri.it\/trentino\/wp-content\/uploads\/sites\/19\/2022\/01\/Brunialti-Coletti-e-Martinelli-1024x768.jpg 1024w, https:\/\/cri.it\/trentino\/wp-content\/uploads\/sites\/19\/2022\/01\/Brunialti-Coletti-e-Martinelli-768x576.jpg 768w, https:\/\/cri.it\/trentino\/wp-content\/uploads\/sites\/19\/2022\/01\/Brunialti-Coletti-e-Martinelli-1536x1152.jpg 1536w, https:\/\/cri.it\/trentino\/wp-content\/uploads\/sites\/19\/2022\/01\/Brunialti-Coletti-e-Martinelli-2048x1536.jpg 2048w, https:\/\/cri.it\/trentino\/wp-content\/uploads\/sites\/19\/2022\/01\/Brunialti-Coletti-e-Martinelli-1280x960.jpg 1280w, https:\/\/cri.it\/trentino\/wp-content\/uploads\/sites\/19\/2022\/01\/Brunialti-Coletti-e-Martinelli-1920x1440.jpg 1920w\" sizes=\"(max-width: 300px) 100vw, 300px\" \/> <img decoding=\"async\" src=\"https:\/\/cri.it\/trentino\/wp-content\/uploads\/sites\/19\/2022\/01\/Brunialti-e-Coletti-300x225.jpg\" alt=\"\" width=\"300\" height=\"225\" class=\"alignnone size-medium wp-image-1285\" srcset=\"https:\/\/cri.it\/trentino\/wp-content\/uploads\/sites\/19\/2022\/01\/Brunialti-e-Coletti-300x225.jpg 300w, https:\/\/cri.it\/trentino\/wp-content\/uploads\/sites\/19\/2022\/01\/Brunialti-e-Coletti-1024x768.jpg 1024w, https:\/\/cri.it\/trentino\/wp-content\/uploads\/sites\/19\/2022\/01\/Brunialti-e-Coletti-768x576.jpg 768w, https:\/\/cri.it\/trentino\/wp-content\/uploads\/sites\/19\/2022\/01\/Brunialti-e-Coletti-1536x1152.jpg 1536w, https:\/\/cri.it\/trentino\/wp-content\/uploads\/sites\/19\/2022\/01\/Brunialti-e-Coletti-2048x1536.jpg 2048w, https:\/\/cri.it\/trentino\/wp-content\/uploads\/sites\/19\/2022\/01\/Brunialti-e-Coletti-1280x960.jpg 1280w, https:\/\/cri.it\/trentino\/wp-content\/uploads\/sites\/19\/2022\/01\/Brunialti-e-Coletti-1920x1440.jpg 1920w\" sizes=\"(max-width: 300px) 100vw, 300px\" \/><\/p>\n<p style=\"font-weight: 400\">Si tratta di una sorta di \u201cpercorso vita\u201d opportunamente sviluppato dagli studenti del secondo anno della Scuola del Design del Politecnico di Milano che, ponendo al centro del processo formativo i disturbi dello spettro autistico, hanno ideato strumenti innovativi capaci di favorire un miglioramento della qualit\u00e0 della vita delle persone con autismo e dei loro famigliari grazie alla stimolazione dell\u2019apprendimento di abilit\u00e0 e competenze utili nella organizzazione e gestione delle attivit\u00e0 quotidiane.<\/p>\n<p style=\"font-weight: 400\">\u201cRecenti studi suggeriscono che l\u2019espressivit\u00e0 clinica dell\u2019autismo includa anche deficit nell\u2019apprendimento motorio e nell\u2019organizzazione del movimento \u2013 ha spiegato Giovanni Coletti \u2013 deficit che in questi ambiti compromettono non solo le azioni individuali ma anche le abilit\u00e0 motorie sociali: in questo contesto risulta efficace l\u2019utilizzo di strumenti per mediare le attivit\u00e0 motorie, come, appunto, un giardino terapeutico\u201d.<\/p>\n<p style=\"font-weight: 400\">All\u2019incontro a Casa Sebastiano, oltre al Presidente del Comitato provinciale Cri di Trento, Alessandro Brunialti, e la sua vice Marilena Martinelli, erano presenti anche il Vicepresidente del Consiglio regionale Roberto Paccher che ha portato i saluti dell\u2019assessore provinciale Stefania Segnana e numerosi amministratori dei Comuni della valle.<\/p>\n","protected":false},"excerpt":{"rendered":"<p>Donati 45 mila euro, in primavera pronta la struttura progettata dal Politecnico di Milano Casa Sebastiano, il centro di riabilitazione socio sanitaria per persone autistiche con sede a Coredo (Val di Non) e noto a livello internazionale per le ricerche e le soluzioni all\u2019avanguardia nello studio e nel trattamento della [&hellip;]<\/p>\n","protected":false},"author":66,"featured_media":1284,"comment_status":"closed","ping_status":"closed","sticky":false,"template":"","format":"standard","meta":{"_themeisle_gutenberg_block_has_review":false,"footnotes":""},"categories":[2,3,5,7],"tags":[],"class_list":["post-1282","post","type-post","status-publish","format-standard","has-post-thumbnail","hentry","category-comitato-prov-aut-trento","category-news","category-notizie-dal-territorio-generico","category-primo-piano-generico"],"interactive":false,"_links":{"self":[{"href":"https:\/\/cri.it\/trentino\/wp-json\/wp\/v2\/posts\/1282","targetHints":{"allow":["GET"]}}],"collection":[{"href":"https:\/\/cri.it\/trentino\/wp-json\/wp\/v2\/posts"}],"about":[{"href":"https:\/\/cri.it\/trentino\/wp-json\/wp\/v2\/types\/post"}],"author":[{"embeddable":true,"href":"https:\/\/cri.it\/trentino\/wp-json\/wp\/v2\/users\/66"}],"replies":[{"embeddable":true,"href":"https:\/\/cri.it\/trentino\/wp-json\/wp\/v2\/comments?post=1282"}],"version-history":[{"count":3,"href":"https:\/\/cri.it\/trentino\/wp-json\/wp\/v2\/posts\/1282\/revisions"}],"predecessor-version":[{"id":1288,"href":"https:\/\/cri.it\/trentino\/wp-json\/wp\/v2\/posts\/1282\/revisions\/1288"}],"wp:featuredmedia":[{"embeddable":true,"href":"https:\/\/cri.it\/trentino\/wp-json\/wp\/v2\/media\/1284"}],"wp:attachment":[{"href":"https:\/\/cri.it\/trentino\/wp-json\/wp\/v2\/media?parent=1282"}],"wp:term":[{"taxonomy":"category","embeddable":true,"href":"https:\/\/cri.it\/trentino\/wp-json\/wp\/v2\/categories?post=1282"},{"taxonomy":"post_tag","embeddable":true,"href":"https:\/\/cri.it\/trentino\/wp-json\/wp\/v2\/tags?post=1282"}],"curies":[{"name":"wp","href":"https:\/\/api.w.org\/{rel}","templated":true}]}}