{"id":8855,"date":"2026-03-03T11:47:30","date_gmt":"2026-03-03T10:47:30","guid":{"rendered":"https:\/\/cri.it\/toscana\/?p=8855"},"modified":"2026-03-03T11:47:30","modified_gmt":"2026-03-03T10:47:30","slug":"premio-di-laurea-prof-paolo-vanni-ii-edizione-2024-2025-promosso-da-cri","status":"publish","type":"post","link":"https:\/\/cri.it\/toscana\/2026\/03\/03\/premio-di-laurea-prof-paolo-vanni-ii-edizione-2024-2025-promosso-da-cri\/","title":{"rendered":"Premio di Laurea \u201cProf. Paolo Vanni\u201d \u2013 II edizione 2024\/2025 &#8211; Promosso da CRI"},"content":{"rendered":"<p>\u00c8 stato pubblicato dall\u2019Universit\u00e0 degli Studi di Firenze \u2013 Dipartimento di Medicina Sperimentale e Clinica \u2013 il bando per l\u2019assegnazione del <strong>Premio di Laurea intitolato al Prof. Paolo Vanni<\/strong>, giunto alla sua seconda edizione per l\u2019anno accademico 2024\/2025 .<\/p>\n<p>Il Premio,<strong> promosso grazie all\u2019erogazione della Croce Rossa Italiana<\/strong>, intende valorizzare tesi di laurea dedicate alla <strong>Storia della Medicina<\/strong>, nel ricordo del Prof. Paolo Vanni, gi\u00e0 Professore Emerito di Chimica Medica dell\u2019Ateneo fiorentino.<\/p>\n<p><strong>A chi \u00e8 rivolto:<\/strong><br \/>\nLa selezione \u00e8 riservata ai laureati dei corsi afferenti alla <strong>Scuola di Scienze della Salute Umana<\/strong> dell\u2019Universit\u00e0 di Firenze che:<\/p>\n<ul>\n<li>abbiano conseguito una laurea Triennale, Magistrale o a Ciclo Unico a partire dall\u2019anno accademico 2024\/2025;<\/li>\n<li>abbiano discusso una tesi inerente alla Storia della Medicina .<\/li>\n<\/ul>\n<p><strong>Importo del premio:<\/strong><br \/>\n\u00c8 previsto un unico premio dell\u2019importo di <strong>1.000 euro lordi<\/strong>, assegnato al candidato primo classificato secondo la valutazione della Commissione giudicatrice .<\/p>\n<p><strong>La graduatoria sar\u00e0 formulata sulla base di:<\/strong><\/p>\n<ul>\n<li>voto di laurea (fino a 40 punti);<\/li>\n<li>valutazione della tesi in coerenza con la tematica richiesta (fino a 60 punti) .<\/li>\n<\/ul>\n<p>A parit\u00e0 di punteggio, sar\u00e0 premiato il candidato pi\u00f9 giovane.<\/p>\n<p><strong>Modalit\u00e0 e scadenza:<\/strong><\/p>\n<p>Le domande dovranno essere presentate entro le ore 24.00 del <strong>15 maggio 2026<\/strong>, esclusivamente tramite posta elettronica agli indirizzi indicati nel bando ufficiale, allegando:<\/p>\n<ul>\n<li>testo completo della tesi in formato PDF;<\/li>\n<li>curriculum vitae in formato europeo con indicazione del voto di laurea;<\/li>\n<li>copia di un documento di identit\u00e0 in corso di validit\u00e0 .<\/li>\n<\/ul>\n<p><strong>Commissione e assegnazione<\/strong><br \/>\nLa Commissione sar\u00e0 nominata con Decreto del Direttore del Dipartimento e comprender\u00e0, tra gli altri, un rappresentante della Croce Rossa Italiana Toscana .<\/p>\n<p>L\u2019esito della selezione sar\u00e0 pubblicato sull\u2019Albo Ufficiale dell\u2019Universit\u00e0 e sul sito del Dipartimento .<\/p>\n<p><a href=\"https:\/\/cri.it\/toscana\/wp-content\/uploads\/sites\/18\/2026\/03\/Bando-Premio-CRI-prof.-Vanni-II-edizione-2024-25.pdf\" class=\"mtli_attachment mtli_pdf\">SCARICA IL BANDO<\/a><\/p>\n<p><strong>Il Premio rappresenta un\u2019occasione significativa per promuovere lo studio storico della medicina, rafforzando il legame tra mondo accademico e impegno umanitario, nel solco dell\u2019eredit\u00e0 scientifica e culturale del Prof. Paolo Vanni.<\/strong><\/p>\n<p>&nbsp;<\/p>\n<div class=\"wp-block-image\"><img fetchpriority=\"high\" decoding=\"async\" src=\"https:\/\/cri.it\/toscana\/wp-content\/uploads\/sites\/18\/2026\/03\/Paolo-Vanni-1024x683.jpg\" alt=\"\" width=\"750\" height=\"500\" data-warning=\"Missing alt text\" class=\"wpa-warning wpa-image-missing-alt wp-image-8856 size-large aligncenter\" srcset=\"https:\/\/cri.it\/toscana\/wp-content\/uploads\/sites\/18\/2026\/03\/Paolo-Vanni-1024x683.jpg 1024w, https:\/\/cri.it\/toscana\/wp-content\/uploads\/sites\/18\/2026\/03\/Paolo-Vanni-300x200.jpg 300w, https:\/\/cri.it\/toscana\/wp-content\/uploads\/sites\/18\/2026\/03\/Paolo-Vanni-768x512.jpg 768w, https:\/\/cri.it\/toscana\/wp-content\/uploads\/sites\/18\/2026\/03\/Paolo-Vanni-1536x1024.jpg 1536w, https:\/\/cri.it\/toscana\/wp-content\/uploads\/sites\/18\/2026\/03\/Paolo-Vanni-1280x853.jpg 1280w, https:\/\/cri.it\/toscana\/wp-content\/uploads\/sites\/18\/2026\/03\/Paolo-Vanni-360x240.jpg 360w, https:\/\/cri.it\/toscana\/wp-content\/uploads\/sites\/18\/2026\/03\/Paolo-Vanni.jpg 1920w\" sizes=\"(max-width: 750px) 100vw, 750px\" \/><\/div>\n","protected":false},"excerpt":{"rendered":"<p>\u00c8 stato pubblicato dall\u2019Universit\u00e0 degli Studi di Firenze \u2013 Dipartimento di Medicina Sperimentale e Clinica \u2013 il bando per l\u2019assegnazione del Premio di Laurea intitolato al Prof. Paolo Vanni, giunto alla sua seconda edizione per l\u2019anno accademico 2024\/2025 . Il Premio, promosso grazie all\u2019erogazione della Croce Rossa Italiana, intende valorizzare [&hellip;]<\/p>\n","protected":false},"author":156,"featured_media":8856,"comment_status":"closed","ping_status":"closed","sticky":false,"template":"","format":"standard","meta":{"_themeisle_gutenberg_block_has_review":false,"footnotes":""},"categories":[14,2,4,5,83,20],"tags":[],"class_list":["post-8855","post","type-post","status-publish","format-standard","has-post-thumbnail","hentry","category-attivita","category-comitato-toscana","category-eventi","category-news","category-storia","category-toscana"],"interactive":false,"_links":{"self":[{"href":"https:\/\/cri.it\/toscana\/wp-json\/wp\/v2\/posts\/8855","targetHints":{"allow":["GET"]}}],"collection":[{"href":"https:\/\/cri.it\/toscana\/wp-json\/wp\/v2\/posts"}],"about":[{"href":"https:\/\/cri.it\/toscana\/wp-json\/wp\/v2\/types\/post"}],"author":[{"embeddable":true,"href":"https:\/\/cri.it\/toscana\/wp-json\/wp\/v2\/users\/156"}],"replies":[{"embeddable":true,"href":"https:\/\/cri.it\/toscana\/wp-json\/wp\/v2\/comments?post=8855"}],"version-history":[{"count":1,"href":"https:\/\/cri.it\/toscana\/wp-json\/wp\/v2\/posts\/8855\/revisions"}],"predecessor-version":[{"id":8858,"href":"https:\/\/cri.it\/toscana\/wp-json\/wp\/v2\/posts\/8855\/revisions\/8858"}],"wp:featuredmedia":[{"embeddable":true,"href":"https:\/\/cri.it\/toscana\/wp-json\/wp\/v2\/media\/8856"}],"wp:attachment":[{"href":"https:\/\/cri.it\/toscana\/wp-json\/wp\/v2\/media?parent=8855"}],"wp:term":[{"taxonomy":"category","embeddable":true,"href":"https:\/\/cri.it\/toscana\/wp-json\/wp\/v2\/categories?post=8855"},{"taxonomy":"post_tag","embeddable":true,"href":"https:\/\/cri.it\/toscana\/wp-json\/wp\/v2\/tags?post=8855"}],"curies":[{"name":"wp","href":"https:\/\/api.w.org\/{rel}","templated":true}]}}