{"id":8639,"date":"2026-02-19T13:41:38","date_gmt":"2026-02-19T12:41:38","guid":{"rendered":"https:\/\/cri.it\/toscana\/?p=8639"},"modified":"2026-02-19T13:41:38","modified_gmt":"2026-02-19T12:41:38","slug":"vernio-dalla-striscia-di-gaza-allitalia-la-rete-di-solidarieta-per-la-cura-della-piccola-zaina","status":"publish","type":"post","link":"https:\/\/cri.it\/toscana\/2026\/02\/19\/vernio-dalla-striscia-di-gaza-allitalia-la-rete-di-solidarieta-per-la-cura-della-piccola-zaina\/","title":{"rendered":"Vernio: dalla Striscia di Gaza all\u2019Italia, la rete di solidariet\u00e0 per la cura della piccola Zaina"},"content":{"rendered":"<p data-start=\"95\" data-end=\"387\">\u00c8 arrivata in Italia insieme al padre <strong data-start=\"133\" data-end=\"142\">Zaina<\/strong>, una bambina di quattro anni proveniente dalla Striscia di Gaza, che necessita di un delicato intervento chirurgico alla teca cranica in seguito alle gravi ferite riportate durante un bombardamento nel quale ha perso la madre e altri familiari.<\/p>\n<p data-start=\"389\" data-end=\"994\">La patologia era stata diagnosticata in Tunisia, da dove \u00e8 stato avviato il percorso che ha condotto alla presa in carico sanitaria nel nostro Paese. L\u2019Ospedale Pediatrico Meyer ha accolto la richiesta di cura, rendendo possibile l\u2019avvio dell\u2019iter clinico necessario. In questo percorso, la bambina e il padre si sono appoggiati al Comitato di Vernio della Croce Rossa Italiana, che si \u00e8 immediatamente attivato per sostenere la famiglia negli aspetti connessi all\u2019accoglienza, raccogliendo attorno a s\u00e9 una forte partecipazione della comunit\u00e0 locale e di molte persone che stanno offrendo aiuto concreto.<\/p>\n<p data-start=\"996\" data-end=\"1271\">Il Comitato Regionale della Toscana della Croce Rossa Italiana, attraverso la cooperazione internazionale regionale, ha supportato il Comitato di Vernio nelle operazioni di prima accoglienza e di sbarco della bambina e del padre, che gi\u00e0 oggi affronteranno il primo ricovero.<\/p>\n<p data-start=\"1273\" data-end=\"1802\">\u00abQuesta vicenda ci ricorda quanto possa essere forte il Movimento della Croce Rossa, capace di attivarsi a ogni livello, dal contesto internazionale fino alla dimensione pi\u00f9 piccola e preziosa delle nostre comunit\u00e0 locali. Il Comitato di Vernio, insieme alla sua comunit\u00e0, dimostra ogni giorno che la solidariet\u00e0 concreta nasce dalla vicinanza alle persone e si traduce in una rete capace di accogliere, proteggere e prendersi cura\u00bb, ha dichiarato il Presidente Regionale Toscana della Croce Rossa Italiana, Lorenzo Andreoni.<\/p>\n<p data-start=\"1804\" data-end=\"2058\" data-is-last-node=\"\" data-is-only-node=\"\">Il Comitato Regionale della Toscana della Croce Rossa Italiana ringrazia per la collaborazione il Comitato CRI di Bologna e Bologna Aeroporto, che hanno facilitato le prime operazioni di sbarco, rendendo possibile l\u2019avvio tempestivo del percorso di cura.<\/p>\n<div class=\"wp-block-image\">\n<div class=\"wp-block-image\"><img fetchpriority=\"high\" decoding=\"async\" src=\"https:\/\/cri.it\/toscana\/wp-content\/uploads\/sites\/18\/2026\/02\/Zaina4-745x1024.jpeg\" alt=\"\" width=\"745\" height=\"1024\" data-warning=\"Missing alt text\" class=\"wpa-warning wpa-image-missing-alt aligncenter wp-image-8642 size-large\" srcset=\"https:\/\/cri.it\/toscana\/wp-content\/uploads\/sites\/18\/2026\/02\/Zaina4-745x1024.jpeg 745w, https:\/\/cri.it\/toscana\/wp-content\/uploads\/sites\/18\/2026\/02\/Zaina4-218x300.jpeg 218w, https:\/\/cri.it\/toscana\/wp-content\/uploads\/sites\/18\/2026\/02\/Zaina4-768x1056.jpeg 768w, https:\/\/cri.it\/toscana\/wp-content\/uploads\/sites\/18\/2026\/02\/Zaina4-1118x1536.jpeg 1118w, https:\/\/cri.it\/toscana\/wp-content\/uploads\/sites\/18\/2026\/02\/Zaina4-1490x2048.jpeg 1490w, https:\/\/cri.it\/toscana\/wp-content\/uploads\/sites\/18\/2026\/02\/Zaina4-1280x1759.jpeg 1280w, https:\/\/cri.it\/toscana\/wp-content\/uploads\/sites\/18\/2026\/02\/Zaina4-1048x1440.jpeg 1048w, https:\/\/cri.it\/toscana\/wp-content\/uploads\/sites\/18\/2026\/02\/Zaina4-scaled.jpeg 1863w\" sizes=\"(max-width: 745px) 100vw, 745px\" \/><\/div>\n<\/div>\n","protected":false},"excerpt":{"rendered":"<p>\u00c8 arrivata in Italia insieme al padre Zaina, una bambina di quattro anni proveniente dalla Striscia di Gaza, che necessita di un delicato intervento chirurgico alla teca cranica in seguito alle gravi ferite riportate durante un bombardamento nel quale ha perso la madre e altri familiari. La patologia era stata [&hellip;]<\/p>\n","protected":false},"author":156,"featured_media":8640,"comment_status":"closed","ping_status":"closed","sticky":false,"template":"","format":"standard","meta":{"_themeisle_gutenberg_block_has_review":false,"footnotes":""},"categories":[14,2,40,5,38,13,20],"tags":[],"class_list":["post-8639","post","type-post","status-publish","format-standard","has-post-thumbnail","hentry","category-attivita","category-comitato-toscana","category-cooperazione-internazionale","category-news","category-notizie-dal-territorio","category-salute","category-toscana"],"interactive":false,"_links":{"self":[{"href":"https:\/\/cri.it\/toscana\/wp-json\/wp\/v2\/posts\/8639","targetHints":{"allow":["GET"]}}],"collection":[{"href":"https:\/\/cri.it\/toscana\/wp-json\/wp\/v2\/posts"}],"about":[{"href":"https:\/\/cri.it\/toscana\/wp-json\/wp\/v2\/types\/post"}],"author":[{"embeddable":true,"href":"https:\/\/cri.it\/toscana\/wp-json\/wp\/v2\/users\/156"}],"replies":[{"embeddable":true,"href":"https:\/\/cri.it\/toscana\/wp-json\/wp\/v2\/comments?post=8639"}],"version-history":[{"count":1,"href":"https:\/\/cri.it\/toscana\/wp-json\/wp\/v2\/posts\/8639\/revisions"}],"predecessor-version":[{"id":8643,"href":"https:\/\/cri.it\/toscana\/wp-json\/wp\/v2\/posts\/8639\/revisions\/8643"}],"wp:featuredmedia":[{"embeddable":true,"href":"https:\/\/cri.it\/toscana\/wp-json\/wp\/v2\/media\/8640"}],"wp:attachment":[{"href":"https:\/\/cri.it\/toscana\/wp-json\/wp\/v2\/media?parent=8639"}],"wp:term":[{"taxonomy":"category","embeddable":true,"href":"https:\/\/cri.it\/toscana\/wp-json\/wp\/v2\/categories?post=8639"},{"taxonomy":"post_tag","embeddable":true,"href":"https:\/\/cri.it\/toscana\/wp-json\/wp\/v2\/tags?post=8639"}],"curies":[{"name":"wp","href":"https:\/\/api.w.org\/{rel}","templated":true}]}}