{"id":6115,"date":"2024-10-25T09:31:00","date_gmt":"2024-10-25T07:31:00","guid":{"rendered":"https:\/\/cri.it\/toscana\/?p=6115"},"modified":"2024-10-25T09:33:27","modified_gmt":"2024-10-25T07:33:27","slug":"comitato-di-casciana-terme-presentazione-del-libro-160","status":"publish","type":"post","link":"https:\/\/cri.it\/toscana\/2024\/10\/25\/comitato-di-casciana-terme-presentazione-del-libro-160\/","title":{"rendered":"Comitato di Casciana Terme: presentazione del libro &#8220;Dal Mutuo Soccorso alla Croce Rossa \u2013 solidariet\u00e0 e volontariato a Bagni di Casciana \u2013 Casciana Terme\u201d"},"content":{"rendered":"<p>Sabato 26 ottobre alle ore 21, presso il Teatro Verdi di Casciana Terme, all&#8217;interno dei festeggiamenti per i 160 anni della Croce Rossa Italiana, il Comitato di Casciana Terme presenta il libro del prof. Francesco Biasci\u00a0 \u201c<em>Dal Mutuo Soccorso alla Croce Rossa \u2013 solidariet\u00e0 e volontariato a Bagni di Casciana \u2013 Casciana Terme\u201d <\/em>pubblicato da Tagete Edizioni.<\/p>\n<p>Alla serata, saranno presenti anche <strong>Debora Diodati Vicepresidente della CRI nazionale, Lorenzo Andreoni Presidente CRI Regione Toscana e il Sindaco di Casciana Terme Lari Paolo Mori.<\/strong><\/p>\n<p>Una presentazione del libro, ma anche un viaggio tra le pagine pieno di emozioni e storie di solidariet\u00e0, uno spettacolo di umanit\u00e0 in cui saranno coinvolti i Volontari dell\u2019associazione e gli attori della Compagnia teatrale La Torre, con la regia tecnica di Maurizio Pasquinelli e l&#8217;intervista all\u2019autore di Michele Quirici, di Tagete Edizioni.<\/p>\n<p>Una festa di solidariet\u00e0 e di <em>umanit\u00e0<\/em>, il primo dei 7 Principi del movimento della Croce Rossa, che <em>\u201csi adopera per prevenire e lenire in ogni circostanza le sofferenze degli uomini, per far rispettare la persona umana e proteggerne la vita e la salute; favorire la comprensione reciproca, l\u2019amicizia, la cooperazione e la pace duratura fra i popoli\u201d.\u00a0 <\/em>\u00c8 proprio di questo patrimonio di umana solidariet\u00e0, ritagliato sulla vicenda negli ultimi due secoli del volontariato di una piccola comunit\u00e0 come quella di Casciana Terme, un tempo Bagni di Casciana, che si occupa questo libro.<\/p>\n<p>\u201cFratellanza e lavoro\u201d era il motto della Societ\u00e0 Operaia di Mutuo Soccorso, \u201cTutti fratelli\u201d la voce della Croce Rossa di Henry Dunant il suo fondatore, parole che possono ancora esserci da guida nelle incertezze sull\u2019oggi e sul nostro domani.<\/p>\n<p>Enrico Giacobbe, in carica da maggio e succeduto a Luca Desideri nella presidenza della Croce Rossa di Casciana, nel ringraziare tutti coloro che hanno reso possibile questa pubblicazione, esprime l\u2019impegno di tutti i volontari e le volontarie del comitato CRI di Casciana per un rilancio della loro attivit\u00e0 al servizio della comunit\u00e0 e dei suoi bisogni.<\/p>\n<p><a href=\"https:\/\/cri.it\/toscana\/wp-content\/uploads\/sites\/18\/2024\/10\/Locandina-CR-Casciana-Terme-CC.pdf\" class=\"mtli_attachment mtli_pdf\">Scarica la locandina dell&#8217;evento<\/a><\/p>\n<div class=\"wp-block-image\"><img fetchpriority=\"high\" decoding=\"async\" src=\"https:\/\/cri.it\/toscana\/wp-content\/uploads\/sites\/18\/2024\/10\/MP_4279-1024x683.jpg\" alt=\"\" width=\"1024\" height=\"683\" data-warning=\"Missing alt text\" class=\"wpa-warning wpa-image-missing-alt alignnone wp-image-6117 size-large\" srcset=\"https:\/\/cri.it\/toscana\/wp-content\/uploads\/sites\/18\/2024\/10\/MP_4279-1024x683.jpg 1024w, https:\/\/cri.it\/toscana\/wp-content\/uploads\/sites\/18\/2024\/10\/MP_4279-300x200.jpg 300w, https:\/\/cri.it\/toscana\/wp-content\/uploads\/sites\/18\/2024\/10\/MP_4279-768x512.jpg 768w, https:\/\/cri.it\/toscana\/wp-content\/uploads\/sites\/18\/2024\/10\/MP_4279-1536x1024.jpg 1536w, https:\/\/cri.it\/toscana\/wp-content\/uploads\/sites\/18\/2024\/10\/MP_4279-2048x1366.jpg 2048w, https:\/\/cri.it\/toscana\/wp-content\/uploads\/sites\/18\/2024\/10\/MP_4279-1280x854.jpg 1280w, https:\/\/cri.it\/toscana\/wp-content\/uploads\/sites\/18\/2024\/10\/MP_4279-360x240.jpg 360w\" sizes=\"(max-width: 1024px) 100vw, 1024px\" \/><\/div>\n<p><em>\u00a0<\/em><\/p>\n<p><em>\u00a0<\/em><\/p>\n<p><em>\u00a0<\/em><\/p>\n","protected":false},"excerpt":{"rendered":"<p>Sabato 26 ottobre alle ore 21, presso il Teatro Verdi di Casciana Terme, all&#8217;interno dei festeggiamenti per i 160 anni della Croce Rossa Italiana, il Comitato di Casciana Terme presenta il libro del prof. Francesco Biasci\u00a0 \u201cDal Mutuo Soccorso alla Croce Rossa \u2013 solidariet\u00e0 e volontariato a Bagni di Casciana [&hellip;]<\/p>\n","protected":false},"author":156,"featured_media":6120,"comment_status":"closed","ping_status":"closed","sticky":false,"template":"","format":"standard","meta":{"_themeisle_gutenberg_block_has_review":false,"footnotes":""},"categories":[2,4,10,5,38,83,20],"tags":[107,106,84,93],"class_list":["post-6115","post","type-post","status-publish","format-standard","has-post-thumbnail","hentry","category-comitato-toscana","category-eventi","category-eventi-culturali","category-news","category-notizie-dal-territorio","category-storia","category-toscana","tag-casciana-terme","tag-presentazione-libri","tag-storia","tag-territorio"],"interactive":false,"_links":{"self":[{"href":"https:\/\/cri.it\/toscana\/wp-json\/wp\/v2\/posts\/6115","targetHints":{"allow":["GET"]}}],"collection":[{"href":"https:\/\/cri.it\/toscana\/wp-json\/wp\/v2\/posts"}],"about":[{"href":"https:\/\/cri.it\/toscana\/wp-json\/wp\/v2\/types\/post"}],"author":[{"embeddable":true,"href":"https:\/\/cri.it\/toscana\/wp-json\/wp\/v2\/users\/156"}],"replies":[{"embeddable":true,"href":"https:\/\/cri.it\/toscana\/wp-json\/wp\/v2\/comments?post=6115"}],"version-history":[{"count":1,"href":"https:\/\/cri.it\/toscana\/wp-json\/wp\/v2\/posts\/6115\/revisions"}],"predecessor-version":[{"id":6119,"href":"https:\/\/cri.it\/toscana\/wp-json\/wp\/v2\/posts\/6115\/revisions\/6119"}],"wp:featuredmedia":[{"embeddable":true,"href":"https:\/\/cri.it\/toscana\/wp-json\/wp\/v2\/media\/6120"}],"wp:attachment":[{"href":"https:\/\/cri.it\/toscana\/wp-json\/wp\/v2\/media?parent=6115"}],"wp:term":[{"taxonomy":"category","embeddable":true,"href":"https:\/\/cri.it\/toscana\/wp-json\/wp\/v2\/categories?post=6115"},{"taxonomy":"post_tag","embeddable":true,"href":"https:\/\/cri.it\/toscana\/wp-json\/wp\/v2\/tags?post=6115"}],"curies":[{"name":"wp","href":"https:\/\/api.w.org\/{rel}","templated":true}]}}