{"id":5208,"date":"2024-04-10T23:34:25","date_gmt":"2024-04-10T21:34:25","guid":{"rendered":"https:\/\/cri.it\/toscana\/?p=5208"},"modified":"2024-04-17T08:46:14","modified_gmt":"2024-04-17T06:46:14","slug":"al-via-le-olimpiadi-regionali-di-primo-soccorso-per-studenti-otto-le-squadre-scolastiche-toscane-in-gara","status":"publish","type":"post","link":"https:\/\/cri.it\/toscana\/2023\/04\/18\/al-via-le-olimpiadi-regionali-di-primo-soccorso-per-studenti-2\/","title":{"rendered":"Al via le Olimpiadi regionali di Primo Soccorso per studenti: otto le squadre scolastiche toscane in gara"},"content":{"rendered":"\t\t<div data-elementor-type=\"wp-post\" data-elementor-id=\"5208\" class=\"elementor elementor-5208\">\n\t\t\t\t\t\t<section class=\"elementor-section elementor-top-section elementor-element elementor-element-126e404 elementor-section-boxed elementor-section-height-default elementor-section-height-default\" data-id=\"126e404\" data-element_type=\"section\" data-e-type=\"section\">\n\t\t\t\t\t\t<div class=\"elementor-container elementor-column-gap-default\">\n\t\t\t\t\t<div class=\"elementor-column elementor-col-100 elementor-top-column elementor-element elementor-element-26e0f4a\" data-id=\"26e0f4a\" data-element_type=\"column\" data-e-type=\"column\">\n\t\t\t<div class=\"elementor-widget-wrap elementor-element-populated\">\n\t\t\t\t\t\t<div class=\"elementor-element elementor-element-758d862 elementor-widget elementor-widget-text-editor\" data-id=\"758d862\" data-element_type=\"widget\" data-e-type=\"widget\" data-widget_type=\"text-editor.default\">\n\t\t\t\t<div class=\"elementor-widget-container\">\n\t\t\t\t\t\t\t\t\t<p>Si svolgeranno domenica prossima, a Viareggio, le gare regionali per le\u00a0<strong>\u201cOlimpiadi di primo soccorso per studenti\u201d<\/strong>\u00a0promosse dalla Croce Rossa &#8211; Comitato Regionale Toscana a partire dalle ore 9.00. Otto le squadre in competizione: la prima classificata, nel mese di maggio, parteciper\u00e0 alle gare nazionali a Pisa sfidando le altre squadre regionali. L&#8217;evento sar\u00e0 coordinato da\u00a0<strong>Salvatore Argese, Vicepresidente e Rappresentante dei Giovani della Croce Rossa &#8211; Comitato Regionale Toscana.<\/strong><\/p><p>Otto istituti scolastici provenienti dalla nostra regione hanno manifestato la volont\u00e0 di aderire e inviare una squadra alla competizione, accogliendo i nostri volontari per formare le classi aderenti. Le scuole coinvolte sono l\u2019<strong>Istituto Tecnico Agrario \u201cD. Anzillotti\u201d<\/strong> di Pescia; l\u2019<strong>Istituto Professionale di Stato Servizi per l&#8217;Enogastronomia e l&#8217;Ospitalit\u00e0 Alberghiera &#8220;B. Buontalenti&#8221;<\/strong> di Firenze; l\u2019<strong>Istituto Tecnico Statale \u201cMarchi-Forti\u201d <\/strong>di Pescia; il <strong>Liceo Scientifico Statale \u201cG. Marconi\u201d <\/strong>di San Miniato; il <strong>Liceo Scientifico Statale \u201cA. Gramsci\u201d<\/strong>di Firenze (gi\u00e0 partecipante lo scorso anno); l\u2019<strong>Istituto Tecnico Statale \u201cTullio Buzzi\u201d<\/strong> di Prato (gi\u00e0 partecipante lo scorso anno); l\u2019<strong>Istituto Tecnico Industriale Statale \u201c G. Galilei\u201d <\/strong>di Arezzo e l\u2019<strong>Istituto di Istruzione Superiore \u201cG. Peano\u201d<\/strong> di Firenze.<\/p><p><\/p><p>\u201cLa tutela e la promozione dell\u2019educazione alla salute e alla sicurezza delle persone \u00e8 uno degli obiettivi che la nostra Associazione si \u00e8 posta per il 2030 \u2013 spiega <strong>Salvatore Argese<\/strong> -. In questo ambito si collocano le tantissime attivit\u00e0 di formazione interna e verso la popolazione che contribuiscono a salvare migliaia di vite umane. Anche le gare di primo soccorso e le Olimpiadi per studenti rappresentano da sempre un importante momento di formazione e aggregazione per i volontari della nostra Associazione, oltre che un modo per mostrare alle comunit\u00e0 le nostre attivit\u00e0 e farle sentire protette. Quest\u2019anno abbiamo deciso di riproporre questa splendida iniziativa, coinvolgendo attivamente le giovani e i giovani della nostra regione\u201d.<\/p><p><\/p><p>Il progetto \u201cOlimpiadi di primo soccorso per studenti\u201d nello specifico ha l\u2019obiettivo di diffondere la cultura del soccorso all\u2019interno degli istituti scolastici, preparando le studentesse e gli studenti del quarto anno delle scuole secondarie di secondo grado ad affrontare una competizione in tale materia.<\/p><p>La prima fase di questo progetto prevede una selezione regionale, domenica 14 aprile a partire dalle ore 9:00 sul lungomare tra Viareggio e Lido di Camaiore a cavallo della Fossa dell\u2019Abate, per individuare la squadra che rappresenter\u00e0 la nostra regione nella seconda fase nazionale che si terr\u00e0 a Pisa a fine maggio. Il Lungomare tra Viareggio e Lido di Camaiore sar\u00e0 un\u2019ambientazione perfetta per i 5 scenari di primo soccorso che si svilupperanno tra la spiaggia, il viale e la pineta mentre in Terrazza della Repubblica nei pressi del \u201cBagno Aloha\u201d si allestir\u00e0 il Villaggio CRI.<\/p><p><\/p><p>\u201cSentiamo molto spesso definire eroe chi si trova nel posto giusto al momento giusto e che conosce le basi del primo soccorso \u2013 aggiunge <strong>Argese<\/strong> -. Tutto questo non pu\u00f2 essere solo un caso, occorre lavorare per avere una cultura di primo soccorso sempre pi\u00f9 diffusa. Per questo motivo utilizzare il gioco di squadra per veicolare i concetti base si rivela sempre una buona alternativa, soprattutto con i giovani. Abbiamo ricevuto numerose adesioni a questa seconda edizione e alcune scuole hanno deciso di partecipare per il secondo anno consecutivo. Questo \u00e8 un grandissimo risultato che speriamo possa essere confermato e migliorato per il prossimo anno\u201d.<\/p><p><\/p><p>\u201cAnche l\u2019impegno della nostra associazione non \u00e8 da meno e domenica saranno oltre 100 i volontari provenienti da tutta la Toscana: truccatori e simulatori, logisti, sanitari, giudici e staff di segreteria; una macchina gigantesca che \u00e8 pronta a far si che l\u2019evento si svolga nel migliore dei modi \u2013 conclude <strong>Salvatore Argese<\/strong>. Ci tengo a ringraziare le amministrazioni comunali di Viareggio e Camaiore che fin dal primo momento hanno accettato la nostra proposta, collaborando attivamente nell\u2019organizzazione dell\u2019evento e concedendo il loro patrocinio e tutte le scuole che ci hanno aderito all\u2019iniziativa\u201d.<\/p>\t\t\t\t\t\t\t\t<\/div>\n\t\t\t\t<\/div>\n\t\t\t\t\t<\/div>\n\t\t<\/div>\n\t\t\t\t\t<\/div>\n\t\t<\/section>\n\t\t\t\t<section class=\"elementor-section elementor-top-section elementor-element elementor-element-2324656 elementor-section-boxed elementor-section-height-default elementor-section-height-default\" data-id=\"2324656\" data-element_type=\"section\" data-e-type=\"section\">\n\t\t\t\t\t\t<div class=\"elementor-container elementor-column-gap-default\">\n\t\t\t\t\t<div class=\"elementor-column elementor-col-100 elementor-top-column elementor-element elementor-element-5b5a1a9\" data-id=\"5b5a1a9\" data-element_type=\"column\" data-e-type=\"column\">\n\t\t\t<div class=\"elementor-widget-wrap elementor-element-populated\">\n\t\t\t\t\t\t<div class=\"elementor-element elementor-element-792abbc elementor-widget elementor-widget-image\" data-id=\"792abbc\" data-element_type=\"widget\" data-e-type=\"widget\" data-widget_type=\"image.default\">\n\t\t\t\t<div class=\"elementor-widget-container\">\n\t\t\t\t\t\t\t\t\t\t\t\t\t\t\t<img fetchpriority=\"high\" decoding=\"async\" width=\"750\" height=\"750\" src=\"https:\/\/cri.it\/toscana\/wp-content\/uploads\/sites\/18\/2024\/04\/Card-IG-e-FB-Olimpiadi-Primo-Soccorso-Viareggio-2024-1024x1024.png\" class=\"attachment-large size-large wp-image-5210\" alt=\"\" srcset=\"https:\/\/cri.it\/toscana\/wp-content\/uploads\/sites\/18\/2024\/04\/Card-IG-e-FB-Olimpiadi-Primo-Soccorso-Viareggio-2024-1024x1024.png 1024w, https:\/\/cri.it\/toscana\/wp-content\/uploads\/sites\/18\/2024\/04\/Card-IG-e-FB-Olimpiadi-Primo-Soccorso-Viareggio-2024-300x300.png 300w, https:\/\/cri.it\/toscana\/wp-content\/uploads\/sites\/18\/2024\/04\/Card-IG-e-FB-Olimpiadi-Primo-Soccorso-Viareggio-2024-150x150.png 150w, https:\/\/cri.it\/toscana\/wp-content\/uploads\/sites\/18\/2024\/04\/Card-IG-e-FB-Olimpiadi-Primo-Soccorso-Viareggio-2024-768x768.png 768w, https:\/\/cri.it\/toscana\/wp-content\/uploads\/sites\/18\/2024\/04\/Card-IG-e-FB-Olimpiadi-Primo-Soccorso-Viareggio-2024.png 1080w\" sizes=\"(max-width: 750px) 100vw, 750px\" \/>\t\t\t\t\t\t\t\t\t\t\t\t\t\t\t<\/div>\n\t\t\t\t<\/div>\n\t\t\t\t\t<\/div>\n\t\t<\/div>\n\t\t\t\t\t<\/div>\n\t\t<\/section>\n\t\t\t\t<section class=\"elementor-section elementor-top-section elementor-element elementor-element-71f866c elementor-section-boxed elementor-section-height-default elementor-section-height-default\" data-id=\"71f866c\" data-element_type=\"section\" data-e-type=\"section\">\n\t\t\t\t\t\t<div class=\"elementor-container elementor-column-gap-default\">\n\t\t\t\t\t<div class=\"elementor-column elementor-col-100 elementor-top-column elementor-element elementor-element-47cb825\" data-id=\"47cb825\" data-element_type=\"column\" data-e-type=\"column\">\n\t\t\t<div class=\"elementor-widget-wrap elementor-element-populated\">\n\t\t\t\t\t\t<div class=\"elementor-element elementor-element-60b99ea elementor-widget elementor-widget-text-editor\" data-id=\"60b99ea\" data-element_type=\"widget\" data-e-type=\"widget\" data-widget_type=\"text-editor.default\">\n\t\t\t\t<div class=\"elementor-widget-container\">\n\t\t\t\t\t\t\t\t\t<p><strong>PROGRAMMA<\/strong><\/p><p><strong>ore 8:30<\/strong> &#8211; Arrivo e registrazione squadre<br \/><strong>ore 9:00<\/strong> &#8211; Inizio Olimpiadi<br \/><strong>ore 12:00<\/strong> &#8211;\u00a0 Fine Olimpiadi<br \/><strong>ore 12:15<\/strong> &#8211; Saluti istituzionali<br \/><strong>ore 12:30<\/strong> &#8211; Premiazione<br \/><strong>A seguire il pranzo<\/strong><\/p><p><span style=\"text-decoration: underline;\"><strong>Per tutta la durata dell&#8217;evento in piazza Cavalca sar\u00e0 aperta la cittadella della CRI con stand informativi.<\/strong><\/span><\/p><p><\/p>\t\t\t\t\t\t\t\t<\/div>\n\t\t\t\t<\/div>\n\t\t\t\t\t<\/div>\n\t\t<\/div>\n\t\t\t\t\t<\/div>\n\t\t<\/section>\n\t\t\t\t<section class=\"elementor-section elementor-top-section elementor-element elementor-element-ab3f6e5 elementor-section-boxed elementor-section-height-default elementor-section-height-default\" data-id=\"ab3f6e5\" data-element_type=\"section\" data-e-type=\"section\">\n\t\t\t\t\t\t<div class=\"elementor-container elementor-column-gap-default\">\n\t\t\t\t\t<div class=\"elementor-column elementor-col-25 elementor-top-column elementor-element elementor-element-b3b58de\" data-id=\"b3b58de\" data-element_type=\"column\" data-e-type=\"column\">\n\t\t\t<div class=\"elementor-widget-wrap elementor-element-populated\">\n\t\t\t\t\t\t<div class=\"elementor-element elementor-element-c1ba6c0 elementor-widget elementor-widget-image\" data-id=\"c1ba6c0\" data-element_type=\"widget\" data-e-type=\"widget\" data-widget_type=\"image.default\">\n\t\t\t\t<div class=\"elementor-widget-container\">\n\t\t\t\t\t\t\t\t\t\t\t\t\t\t\t<img decoding=\"async\" width=\"750\" height=\"501\" src=\"https:\/\/cri.it\/toscana\/wp-content\/uploads\/sites\/18\/2024\/04\/DSC_4577-1024x684.jpg\" class=\"attachment-large size-large wp-image-5211\" alt=\"edizione 2023 Olimpiadi\" srcset=\"https:\/\/cri.it\/toscana\/wp-content\/uploads\/sites\/18\/2024\/04\/DSC_4577-1024x684.jpg 1024w, https:\/\/cri.it\/toscana\/wp-content\/uploads\/sites\/18\/2024\/04\/DSC_4577-300x200.jpg 300w, https:\/\/cri.it\/toscana\/wp-content\/uploads\/sites\/18\/2024\/04\/DSC_4577-768x513.jpg 768w, https:\/\/cri.it\/toscana\/wp-content\/uploads\/sites\/18\/2024\/04\/DSC_4577-1536x1025.jpg 1536w, https:\/\/cri.it\/toscana\/wp-content\/uploads\/sites\/18\/2024\/04\/DSC_4577-2048x1367.jpg 2048w, https:\/\/cri.it\/toscana\/wp-content\/uploads\/sites\/18\/2024\/04\/DSC_4577-1280x854.jpg 1280w, https:\/\/cri.it\/toscana\/wp-content\/uploads\/sites\/18\/2024\/04\/DSC_4577-360x240.jpg 360w\" sizes=\"(max-width: 750px) 100vw, 750px\" \/>\t\t\t\t\t\t\t\t\t\t\t\t\t\t\t<\/div>\n\t\t\t\t<\/div>\n\t\t\t\t\t<\/div>\n\t\t<\/div>\n\t\t\t\t<div class=\"elementor-column elementor-col-25 elementor-top-column elementor-element elementor-element-77b6a65\" data-id=\"77b6a65\" data-element_type=\"column\" data-e-type=\"column\">\n\t\t\t<div class=\"elementor-widget-wrap elementor-element-populated\">\n\t\t\t\t\t\t<div class=\"elementor-element elementor-element-7c514d1 elementor-widget elementor-widget-image\" data-id=\"7c514d1\" data-element_type=\"widget\" data-e-type=\"widget\" data-widget_type=\"image.default\">\n\t\t\t\t<div class=\"elementor-widget-container\">\n\t\t\t\t\t\t\t\t\t\t\t\t\t\t\t<img decoding=\"async\" width=\"750\" height=\"501\" src=\"https:\/\/cri.it\/toscana\/wp-content\/uploads\/sites\/18\/2024\/04\/DSC_4526-1-1024x684.jpg\" class=\"attachment-large size-large wp-image-5214\" alt=\"Olimpiadi 2023\" srcset=\"https:\/\/cri.it\/toscana\/wp-content\/uploads\/sites\/18\/2024\/04\/DSC_4526-1-1024x684.jpg 1024w, https:\/\/cri.it\/toscana\/wp-content\/uploads\/sites\/18\/2024\/04\/DSC_4526-1-300x200.jpg 300w, https:\/\/cri.it\/toscana\/wp-content\/uploads\/sites\/18\/2024\/04\/DSC_4526-1-768x513.jpg 768w, https:\/\/cri.it\/toscana\/wp-content\/uploads\/sites\/18\/2024\/04\/DSC_4526-1-1536x1025.jpg 1536w, https:\/\/cri.it\/toscana\/wp-content\/uploads\/sites\/18\/2024\/04\/DSC_4526-1-2048x1367.jpg 2048w, https:\/\/cri.it\/toscana\/wp-content\/uploads\/sites\/18\/2024\/04\/DSC_4526-1-1280x854.jpg 1280w, https:\/\/cri.it\/toscana\/wp-content\/uploads\/sites\/18\/2024\/04\/DSC_4526-1-360x240.jpg 360w\" sizes=\"(max-width: 750px) 100vw, 750px\" \/>\t\t\t\t\t\t\t\t\t\t\t\t\t\t\t<\/div>\n\t\t\t\t<\/div>\n\t\t\t\t\t<\/div>\n\t\t<\/div>\n\t\t\t\t<div class=\"elementor-column elementor-col-25 elementor-top-column elementor-element elementor-element-f86b9c3\" data-id=\"f86b9c3\" data-element_type=\"column\" data-e-type=\"column\">\n\t\t\t<div class=\"elementor-widget-wrap elementor-element-populated\">\n\t\t\t\t\t\t<div class=\"elementor-element elementor-element-d2fba80 elementor-widget elementor-widget-image\" data-id=\"d2fba80\" data-element_type=\"widget\" data-e-type=\"widget\" data-widget_type=\"image.default\">\n\t\t\t\t<div class=\"elementor-widget-container\">\n\t\t\t\t\t\t\t\t\t\t\t\t\t\t\t<img loading=\"lazy\" decoding=\"async\" width=\"750\" height=\"501\" src=\"https:\/\/cri.it\/toscana\/wp-content\/uploads\/sites\/18\/2024\/04\/DSC_4515-1024x684.jpg\" class=\"attachment-large size-large wp-image-5213\" alt=\"Olimpiadi 2023\" srcset=\"https:\/\/cri.it\/toscana\/wp-content\/uploads\/sites\/18\/2024\/04\/DSC_4515-1024x684.jpg 1024w, https:\/\/cri.it\/toscana\/wp-content\/uploads\/sites\/18\/2024\/04\/DSC_4515-300x200.jpg 300w, https:\/\/cri.it\/toscana\/wp-content\/uploads\/sites\/18\/2024\/04\/DSC_4515-768x513.jpg 768w, https:\/\/cri.it\/toscana\/wp-content\/uploads\/sites\/18\/2024\/04\/DSC_4515-1536x1025.jpg 1536w, https:\/\/cri.it\/toscana\/wp-content\/uploads\/sites\/18\/2024\/04\/DSC_4515-2048x1367.jpg 2048w, https:\/\/cri.it\/toscana\/wp-content\/uploads\/sites\/18\/2024\/04\/DSC_4515-1280x854.jpg 1280w, https:\/\/cri.it\/toscana\/wp-content\/uploads\/sites\/18\/2024\/04\/DSC_4515-360x240.jpg 360w\" sizes=\"(max-width: 750px) 100vw, 750px\" \/>\t\t\t\t\t\t\t\t\t\t\t\t\t\t\t<\/div>\n\t\t\t\t<\/div>\n\t\t\t\t\t<\/div>\n\t\t<\/div>\n\t\t\t\t<div class=\"elementor-column elementor-col-25 elementor-top-column elementor-element elementor-element-9ea276b\" data-id=\"9ea276b\" data-element_type=\"column\" data-e-type=\"column\">\n\t\t\t<div class=\"elementor-widget-wrap elementor-element-populated\">\n\t\t\t\t\t\t<div class=\"elementor-element elementor-element-365f8d0 elementor-widget elementor-widget-image\" data-id=\"365f8d0\" data-element_type=\"widget\" data-e-type=\"widget\" data-widget_type=\"image.default\">\n\t\t\t\t<div class=\"elementor-widget-container\">\n\t\t\t\t\t\t\t\t\t\t\t\t\t\t\t<img loading=\"lazy\" decoding=\"async\" width=\"750\" height=\"501\" src=\"https:\/\/cri.it\/toscana\/wp-content\/uploads\/sites\/18\/2024\/04\/DSC_4480-1024x684.jpg\" class=\"attachment-large size-large wp-image-5212\" alt=\"Olimpiadi 2023\" srcset=\"https:\/\/cri.it\/toscana\/wp-content\/uploads\/sites\/18\/2024\/04\/DSC_4480-1024x684.jpg 1024w, https:\/\/cri.it\/toscana\/wp-content\/uploads\/sites\/18\/2024\/04\/DSC_4480-300x200.jpg 300w, https:\/\/cri.it\/toscana\/wp-content\/uploads\/sites\/18\/2024\/04\/DSC_4480-768x513.jpg 768w, https:\/\/cri.it\/toscana\/wp-content\/uploads\/sites\/18\/2024\/04\/DSC_4480-1536x1025.jpg 1536w, https:\/\/cri.it\/toscana\/wp-content\/uploads\/sites\/18\/2024\/04\/DSC_4480-2048x1367.jpg 2048w, https:\/\/cri.it\/toscana\/wp-content\/uploads\/sites\/18\/2024\/04\/DSC_4480-1280x854.jpg 1280w, https:\/\/cri.it\/toscana\/wp-content\/uploads\/sites\/18\/2024\/04\/DSC_4480-360x240.jpg 360w\" sizes=\"(max-width: 750px) 100vw, 750px\" \/>\t\t\t\t\t\t\t\t\t\t\t\t\t\t\t<\/div>\n\t\t\t\t<\/div>\n\t\t\t\t\t<\/div>\n\t\t<\/div>\n\t\t\t\t\t<\/div>\n\t\t<\/section>\n\t\t\t\t<\/div>\n\t\t","protected":false},"excerpt":{"rendered":"<p>Si svolgeranno domenica prossima, a Viareggio, le gare regionali per le\u00a0\u201cOlimpiadi di primo soccorso per studenti\u201d\u00a0promosse dalla Croce Rossa &#8211; Comitato Regionale Toscana a partire dalle ore 9.00. Otto le squadre in competizione: la prima classificata, nel mese di maggio, parteciper\u00e0 alle gare nazionali a Pisa sfidando le altre squadre [&hellip;]<\/p>\n","protected":false},"author":106,"featured_media":5211,"comment_status":"closed","ping_status":"closed","sticky":false,"template":"","format":"standard","meta":{"_themeisle_gutenberg_block_has_review":false,"footnotes":""},"categories":[14,4,17,5,13,7],"tags":[],"class_list":["post-5208","post","type-post","status-publish","format-standard","has-post-thumbnail","hentry","category-attivita","category-eventi","category-giovani","category-news","category-salute","category-sviluppo"],"interactive":false,"_links":{"self":[{"href":"https:\/\/cri.it\/toscana\/wp-json\/wp\/v2\/posts\/5208","targetHints":{"allow":["GET"]}}],"collection":[{"href":"https:\/\/cri.it\/toscana\/wp-json\/wp\/v2\/posts"}],"about":[{"href":"https:\/\/cri.it\/toscana\/wp-json\/wp\/v2\/types\/post"}],"author":[{"embeddable":true,"href":"https:\/\/cri.it\/toscana\/wp-json\/wp\/v2\/users\/106"}],"replies":[{"embeddable":true,"href":"https:\/\/cri.it\/toscana\/wp-json\/wp\/v2\/comments?post=5208"}],"version-history":[{"count":3,"href":"https:\/\/cri.it\/toscana\/wp-json\/wp\/v2\/posts\/5208\/revisions"}],"predecessor-version":[{"id":5217,"href":"https:\/\/cri.it\/toscana\/wp-json\/wp\/v2\/posts\/5208\/revisions\/5217"}],"wp:featuredmedia":[{"embeddable":true,"href":"https:\/\/cri.it\/toscana\/wp-json\/wp\/v2\/media\/5211"}],"wp:attachment":[{"href":"https:\/\/cri.it\/toscana\/wp-json\/wp\/v2\/media?parent=5208"}],"wp:term":[{"taxonomy":"category","embeddable":true,"href":"https:\/\/cri.it\/toscana\/wp-json\/wp\/v2\/categories?post=5208"},{"taxonomy":"post_tag","embeddable":true,"href":"https:\/\/cri.it\/toscana\/wp-json\/wp\/v2\/tags?post=5208"}],"curies":[{"name":"wp","href":"https:\/\/api.w.org\/{rel}","templated":true}]}}