{"id":7655,"date":"2022-07-25T14:39:20","date_gmt":"2022-07-25T12:39:20","guid":{"rendered":"https:\/\/cri.it\/sicilia\/?p=7655"},"modified":"2022-07-25T14:39:20","modified_gmt":"2022-07-25T12:39:20","slug":"al-festival-di-taormina-limpegno-della-cri-sui-cambiamenti-climatici","status":"publish","type":"post","link":"https:\/\/cri.it\/sicilia\/2022\/07\/25\/al-festival-di-taormina-limpegno-della-cri-sui-cambiamenti-climatici\/","title":{"rendered":"AL FESTIVAL DI TAORMINA L\u2019IMPEGNO DELLA CRI SUI CAMBIAMENTI CLIMATICI"},"content":{"rendered":"<section class=\"elementor-section elementor-top-section elementor-element elementor-element-ae7fc67 elementor-section-boxed elementor-section-height-default elementor-section-height-default\" data-id=\"ae7fc67\">\n<div class=\"elementor-container elementor-column-gap-default\">\n<div class=\"elementor-row\">\n<div class=\"elementor-column elementor-col-100 elementor-top-column elementor-element elementor-element-885ba45\" data-id=\"885ba45\">\n<div class=\"elementor-column-wrap elementor-element-populated\">\n<div class=\"elementor-widget-wrap\">\n<div class=\"elementor-element elementor-element-72b650a elementor-widget elementor-widget-heading\" data-id=\"72b650a\">\n<div class=\"elementor-widget-container\">\n<h5 class=\"elementor-heading-title elementor-size-medium\">VALASTRO: &#8220;QUANDO INIZIAMMO A PARLARE DI QUESTO FENOMENO MOLTI ANNI FA QUALCUNO SI CHIESE COME MAI CE NE STESSIMO OCCUPANDO&#8221;<\/h5>\n<\/div>\n<\/div>\n<\/div>\n<\/div>\n<\/div>\n<\/div>\n<\/div>\n<\/section>\n<section class=\"elementor-section elementor-top-section elementor-element elementor-element-a8ad91a elementor-section-boxed elementor-section-height-default elementor-section-height-default\" data-id=\"a8ad91a\">\n<div class=\"elementor-container elementor-column-gap-default\">\n<div class=\"elementor-row\">\n<div class=\"elementor-column elementor-col-100 elementor-top-column elementor-element elementor-element-0787dda\" data-id=\"0787dda\">\n<div class=\"elementor-column-wrap elementor-element-populated\">\n<div class=\"elementor-widget-wrap\">\n<div class=\"elementor-element elementor-element-4123ead elementor-widget elementor-widget-text-editor\" data-id=\"4123ead\">\n<div class=\"elementor-widget-container\">\n<div class=\"elementor-text-editor elementor-clearfix\">\n<p>La Croce Rossa Italiana protagonista al<strong>Taormina Film Festival<\/strong>. Nel corso della 68esima edizione della kermesse cinematografica, il<strong>Vicepresidente della CRI, Rosario Valastro<\/strong>, \u00e8 salito sul palco del Teatro Antico di Taormina per ribadire l\u2019impegno dell\u2019Associazione davanti ad una emergenza pi\u00f9 che mai attuale: i cambiamenti climatici.<\/p>\n<p>\u201cLa Croce Rossa Italiana se ne occupa da quindici anni. Quando iniziammo a parlare di questo fenomeno \u2013 ha detto<strong>Rosario Valastro<\/strong>\u2013\u00a0qualcuno si chiese come mai ce ne stessimo occupando. Se non cercheremo di porre fine agli abusi che hanno dato e stanno dando vita ai cambiamenti climatici ci saranno, a livello globale, effetti ancor pi\u00f9 gravi di quelli ai quali stiamo assistendo: aumenteranno le sofferenze di gran parte della popolazione, le migrazioni causate dall\u2019impossibilit\u00e0 di vivere in alcuni posti, le famiglie che si disgregano perch\u00e9 costrette a lasciare determinate aree del Pianeta. \u00c8 per queste ragioni che, con il sostegno di alcuni partner tra i quali Legambiente, stiamo promuovendo campagne per informare la popolazione sugli effetti dei cambiamenti climatici e sulla necessit\u00e0 di adottare alcuni accorgimenti per proteggersi dalle ondate di calore\u201d.<\/p>\n<p>Nel corso del suo intervento, Valastro ha ringraziato i 160mila<strong>Volontari della Croce Rossa Italiana, rappresentati al Festival dal Comitato di Roccalumera e Taormina e dal Comitato Regionale Sicilia.<\/strong><\/p>\n<\/div>\n<p><img fetchpriority=\"high\" decoding=\"async\" id=\"longdesc-return-7656\" longdesc=\"https:\/\/cri.it\/sicilia?longdesc=7656&amp;referrer=7655\" src=\"https:\/\/cri.it\/sicilia\/wp-content\/uploads\/sites\/17\/2022\/07\/VALASTRO-Featival-taormina-2022_01-300x169.jpeg\" alt=\"\" width=\"500\" height=\"281\" class=\"alignleft wp-image-7656\" srcset=\"https:\/\/cri.it\/sicilia\/wp-content\/uploads\/sites\/17\/2022\/07\/VALASTRO-Featival-taormina-2022_01-300x169.jpeg 300w, https:\/\/cri.it\/sicilia\/wp-content\/uploads\/sites\/17\/2022\/07\/VALASTRO-Featival-taormina-2022_01-768x432.jpeg 768w, https:\/\/cri.it\/sicilia\/wp-content\/uploads\/sites\/17\/2022\/07\/VALASTRO-Featival-taormina-2022_01.jpeg 1024w\" sizes=\"(max-width: 500px) 100vw, 500px\" \/><img decoding=\"async\" id=\"longdesc-return-7657\" longdesc=\"https:\/\/cri.it\/sicilia?longdesc=7657&amp;referrer=7655\" src=\"https:\/\/cri.it\/sicilia\/wp-content\/uploads\/sites\/17\/2022\/07\/VALASTRO-Featival-taormina-2022_02-300x169.jpeg\" alt=\"\" width=\"500\" height=\"281\" class=\"alignnone wp-image-7657\" srcset=\"https:\/\/cri.it\/sicilia\/wp-content\/uploads\/sites\/17\/2022\/07\/VALASTRO-Featival-taormina-2022_02-300x169.jpeg 300w, https:\/\/cri.it\/sicilia\/wp-content\/uploads\/sites\/17\/2022\/07\/VALASTRO-Featival-taormina-2022_02-768x432.jpeg 768w, https:\/\/cri.it\/sicilia\/wp-content\/uploads\/sites\/17\/2022\/07\/VALASTRO-Featival-taormina-2022_02.jpeg 1024w\" sizes=\"(max-width: 500px) 100vw, 500px\" \/><\/p>\n<\/div>\n<\/div>\n<\/div>\n<\/div>\n<\/div>\n<\/div>\n<\/div>\n<\/section>\n","protected":false},"excerpt":{"rendered":"<p>VALASTRO: &#8220;QUANDO INIZIAMMO A PARLARE DI QUESTO FENOMENO MOLTI ANNI FA QUALCUNO SI CHIESE COME MAI CE NE STESSIMO OCCUPANDO&#8221;<\/p>\n","protected":false},"author":65,"featured_media":7656,"comment_status":"closed","ping_status":"closed","sticky":false,"template":"","format":"standard","meta":{"_themeisle_gutenberg_block_has_review":false,"footnotes":""},"categories":[3,4,11,7,5,26,15],"tags":[],"class_list":["post-7655","post","type-post","status-publish","format-standard","has-post-thumbnail","hentry","category-comitato-sicilia","category-news","category-notizie-dal-territorio","category-primo-piano-generico","category-secondo-piano-generico","category-sicilia","category-sviluppo"],"interactive":false,"_links":{"self":[{"href":"https:\/\/cri.it\/sicilia\/wp-json\/wp\/v2\/posts\/7655","targetHints":{"allow":["GET"]}}],"collection":[{"href":"https:\/\/cri.it\/sicilia\/wp-json\/wp\/v2\/posts"}],"about":[{"href":"https:\/\/cri.it\/sicilia\/wp-json\/wp\/v2\/types\/post"}],"author":[{"embeddable":true,"href":"https:\/\/cri.it\/sicilia\/wp-json\/wp\/v2\/users\/65"}],"replies":[{"embeddable":true,"href":"https:\/\/cri.it\/sicilia\/wp-json\/wp\/v2\/comments?post=7655"}],"version-history":[{"count":3,"href":"https:\/\/cri.it\/sicilia\/wp-json\/wp\/v2\/posts\/7655\/revisions"}],"predecessor-version":[{"id":7662,"href":"https:\/\/cri.it\/sicilia\/wp-json\/wp\/v2\/posts\/7655\/revisions\/7662"}],"wp:featuredmedia":[{"embeddable":true,"href":"https:\/\/cri.it\/sicilia\/wp-json\/wp\/v2\/media\/7656"}],"wp:attachment":[{"href":"https:\/\/cri.it\/sicilia\/wp-json\/wp\/v2\/media?parent=7655"}],"wp:term":[{"taxonomy":"category","embeddable":true,"href":"https:\/\/cri.it\/sicilia\/wp-json\/wp\/v2\/categories?post=7655"},{"taxonomy":"post_tag","embeddable":true,"href":"https:\/\/cri.it\/sicilia\/wp-json\/wp\/v2\/tags?post=7655"}],"curies":[{"name":"wp","href":"https:\/\/api.w.org\/{rel}","templated":true}]}}