{"id":6212,"date":"2018-07-22T00:00:00","date_gmt":"2018-07-21T22:00:00","guid":{"rendered":"https:\/\/cri.it\/sicilia\/2018\/07\/22\/avola-sr-comunicare-croce-rossa-una-giornata-di-formazione-con-cri-sicilia\/"},"modified":"2018-07-22T00:00:00","modified_gmt":"2018-07-21T22:00:00","slug":"avola-sr-comunicare-croce-rossa-una-giornata-di-formazione-con-cri-sicilia","status":"publish","type":"post","link":"https:\/\/cri.it\/sicilia\/2018\/07\/22\/avola-sr-comunicare-croce-rossa-una-giornata-di-formazione-con-cri-sicilia\/","title":{"rendered":"Avola (SR) &#8211; &#8220;Comunicare Croce Rossa&#8221;: una giornata di formazione con CRI Sicilia"},"content":{"rendered":"<h1 class=\"viewTitolo viewTitolo1\">Avola (SR) &#8211; &quot;Comunicare Croce Rossa&quot;: una giornata di formazione con <acronym title='Croce Rossa Italiana' lang='it'>CRI<\/acronym> Sicilia <\/h1>\n<div class='viewLineBreak'>&nbsp;<\/div>\n<div class='BLOBBlockAlignCenter'><img fetchpriority=\"high\" id='img-236' src='https:\/\/cri.it\/wp-content\/uploads\/cri-content\/images\/d\/0\/2\/D.41c249ff1fa3283f6be0\/comunicare_cri.png'  width=\"648\" height=\"287\" alt='Avola (SR) - &quot;Comunicare Croce Rossa&quot;: una giornata di formazione con CRI Sicilia ' class='viewImg' \/><\/div>\n<div class='BLOBFloatClear'><\/div>\n<div class='viewLineBreak'>&nbsp;<\/div>\n<div class='viewPar BLOBAlignJustify'>\n<p ><acronym title='Croce Rossa Italiana' lang='it'>CRI<\/acronym> Sicilia ha organizzato una giornata formativa sul tema della <strong class='userFormat1'>comunicazione<\/strong> in Croce Rossa. L&#8217;evento si svolger\u00e0 domenica <strong class='userFormat1'>22 luglio<\/strong>, presso la sede del <strong class='userFormat1'>Comitato <acronym title='Croce Rossa Italiana' lang='it'>CRI<\/acronym> di Avola<\/strong>.&nbsp;<\/p>\n<p>Il corso, della durata di nove ore, intende fornire le conoscenze, le competenze e gli strumenti di base per un approccio strategico alla comunicazione. Questo tipo di approccio \u00e8 fondamentale per promuovere positivamente l&#8217;immagine e le attivit\u00e0 di un Comitato <acronym title='Croce Rossa Italiana' lang='it'>CRI<\/acronym>, selezionando e utilizzando, in maniera efficace e in linea con l&#8217;identit\u00e0 e l&#8217;etica della Croce Rossa Italiana, i principali strumenti di documentazione e di comunicazione online e offline.&nbsp;<\/p>\n<p>La giornata \u00e8 aperta alla partecipazione di 30 volontari e dipendenti dei Comitati <acronym title='Croce Rossa Italiana' lang='it'>CRI<\/acronym> della Sicilia, con particolare riferimento ai responsabili delle attivit\u00e0, ai delegati degli obiettivi strategici e referenti alla comunicazione. Ciascun volontario potr\u00e0 partecipare all&#8217;attivit\u00e0 formativa previa autorizzazione del Presidente di Comitato <acronym title='Croce Rossa Italiana' lang='it'>CRI<\/acronym> di appartenenza.&nbsp;<\/p>\n<p>L&#8217;attivit\u00e0 formativa avr\u00e0 inizio alle ore 9.00<\/p>\n<p>Di seguito, il programma:<\/p>\n<\/div>\n<div class='viewLineBreak'>&nbsp;<\/div>\n<ul class='viewUL BLOBListSymbolDisc'>\n<li class='viewLI BLOBAlignJustify'>Il marchio <acronym title='Croce Rossa Italiana' lang='it'>CRI<\/acronym><\/li>\n<li class='viewLI BLOBAlignJustify'>Sponsor, partner, patrocini e merchandaising<\/li>\n<li class='viewLI BLOBAlignJustify'>Il gestionale Gaia&nbsp;&nbsp;<\/li>\n<li class='viewLI BLOBAlignJustify'>Identificazione degli operatori <acronym title='Croce Rossa Italiana' lang='it'>CRI<\/acronym>: capitolato tecnico, patch e spille, tesserino di riconoscimento.&nbsp;<\/li>\n<li class='viewLI BLOBAlignJustify'>Veicoli <acronym title='Croce Rossa Italiana' lang='it'>CRI<\/acronym>:&nbsp;<\/li>\n<li class='viewLI BLOBAlignJustify'>Foto e Video (liberatorie,&nbsp; carta di Treviso, carta di Roma e condivisione del materiale)<\/li>\n<li class='viewLI BLOBAlignJustify'>Web e sociale<\/li>\n<li class='viewLI BLOBAlignJustify'>In pi\u00f9 ci sei tu<\/li>\n<li class='viewLI BLOBAlignJustify'>Un\u2019Italia che aiuta<\/li>\n<li class='viewLI BLOBAlignJustify'>Regolamento dei volontari e Codice Etico.&nbsp;<\/li>\n<\/ul>\n","protected":false},"excerpt":{"rendered":"<p>CRI Sicilia ha organizzato una giornata formativa sul tema della comunicazione in Croce Rossa. L&#8217;evento si svolger\u00e0 domenica 22 luglio, presso la sede del Comitato CRI di Avola.&nbsp;<\/p>\n","protected":false},"author":47,"featured_media":6213,"comment_status":"open","ping_status":"open","sticky":false,"template":"","format":"standard","meta":{"_themeisle_gutenberg_block_has_review":false,"footnotes":""},"categories":[3,4,7,8,5,15],"tags":[],"class_list":["post-6212","post","type-post","status-publish","format-standard","has-post-thumbnail","hentry","category-comitato-sicilia","category-news","category-primo-piano-generico","category-primo-piano-attivita","category-secondo-piano-generico","category-sviluppo"],"interactive":false,"_links":{"self":[{"href":"https:\/\/cri.it\/sicilia\/wp-json\/wp\/v2\/posts\/6212","targetHints":{"allow":["GET"]}}],"collection":[{"href":"https:\/\/cri.it\/sicilia\/wp-json\/wp\/v2\/posts"}],"about":[{"href":"https:\/\/cri.it\/sicilia\/wp-json\/wp\/v2\/types\/post"}],"author":[{"embeddable":true,"href":"https:\/\/cri.it\/sicilia\/wp-json\/wp\/v2\/users\/47"}],"replies":[{"embeddable":true,"href":"https:\/\/cri.it\/sicilia\/wp-json\/wp\/v2\/comments?post=6212"}],"version-history":[{"count":0,"href":"https:\/\/cri.it\/sicilia\/wp-json\/wp\/v2\/posts\/6212\/revisions"}],"wp:featuredmedia":[{"embeddable":true,"href":"https:\/\/cri.it\/sicilia\/wp-json\/wp\/v2\/media\/6213"}],"wp:attachment":[{"href":"https:\/\/cri.it\/sicilia\/wp-json\/wp\/v2\/media?parent=6212"}],"wp:term":[{"taxonomy":"category","embeddable":true,"href":"https:\/\/cri.it\/sicilia\/wp-json\/wp\/v2\/categories?post=6212"},{"taxonomy":"post_tag","embeddable":true,"href":"https:\/\/cri.it\/sicilia\/wp-json\/wp\/v2\/tags?post=6212"}],"curies":[{"name":"wp","href":"https:\/\/api.w.org\/{rel}","templated":true}]}}