{"id":6194,"date":"2018-08-03T00:00:00","date_gmt":"2018-08-02T22:00:00","guid":{"rendered":"https:\/\/cri.it\/sicilia\/2018\/08\/03\/sicilia-la-cri-a-scuola-tamara-e-serena-raccontano-la-cri-allesame-di-maturita\/"},"modified":"2018-08-03T00:00:00","modified_gmt":"2018-08-02T22:00:00","slug":"sicilia-la-cri-a-scuola-tamara-e-serena-raccontano-la-cri-allesame-di-maturita","status":"publish","type":"post","link":"https:\/\/cri.it\/sicilia\/2018\/08\/03\/sicilia-la-cri-a-scuola-tamara-e-serena-raccontano-la-cri-allesame-di-maturita\/","title":{"rendered":"Sicilia &#8211; La CRI a scuola: Tamara e Serena raccontano la CRI all\u2019esame di maturit\u00e0"},"content":{"rendered":"<h1 class=\"viewTitolo viewTitolo1\">Sicilia &#8211; La <acronym title='Croce Rossa Italiana' lang='it'>CRI<\/acronym> a scuola: Tamara e Serena raccontano la <acronym title='Croce Rossa Italiana' lang='it'>CRI<\/acronym> all&rsquo;esame di maturit&agrave;<\/h1>\n<h2 class=\"viewSottotitolo viewTitolo2\">Due tesine sulla storia della <acronym title='Croce Rossa Italiana' lang='it'>CRI<\/acronym> e l&rsquo;importanza del fare volontariato<\/h2>\n<div class='viewLineBreak'>&nbsp;<\/div>\n<div class='viewPar BLOBAlignJustify'>\n<p >\u00c8 l\u2019amore per la <acronym title='Croce Rossa Italiana' lang='it'>CRI<\/acronym> a spingere Tamara e Serena, due giovani volontarie <acronym title='Croce Rossa Italiana' lang='it'>CRI<\/acronym> siciliane, a raccontare la loro esperienza di volontariato e le attivit\u00e0 che i volontari della Croce Rossa svolgono ogni giorno in una delle pagine pi\u00f9 importanti della loro vita: l\u2019<strong class='userFormat1'>esame di maturit\u00e0<\/strong>.<\/p>\n<p>Una scelta fatta con il cuore affinch\u00e9 la conoscenza della storia e della nascita della Croce Rossa italiana possa trasmettere l\u2019entusiasmo e la voglia di far bene a quante pi\u00f9 persone possibili.<\/p>\n<p>&#8220;Croce Rossa&#8230;. e il filo rosso della mia vita&#8221; \u00e8 il titolo della tesina presentata da <strong class='userFormat1'>Tamara Carnemolla<\/strong>,&nbsp; da due anni Volontaria della <strong class='userFormat1'><acronym title='Croce Rossa Italiana' lang='it'>CRI<\/acronym> di Avola<\/strong>, per l&#8217;esame orale di maturit\u00e0.<\/p>\n<p>\u201c<em class='userFormat2'>Ho voluto approfondire il ruolo umanitario della Croce Rossa Italiana durante la Prima Guerra Mondiale <\/em>&#8211; racconta Tamara &#8211; <em class='userFormat2'>sottolineando l\u2019impegno dei volontari verso i vulnerabili, soprattutto bambini, a cui prestavano assistenza portando loro viveri e un po&#8217; di allegria durante un evento tragico quale la guerra<\/em>\u201d.<\/p>\n<\/div>\n<div class='BLOBWidth100'>\n<div class='BLOBFloatRight BLOBIMGSpacerLeft'><img id='img-231' src='https:\/\/cri.it\/wp-content\/uploads\/cri-content\/images\/9\/f\/b\/D.d90d15b11bec1bdf4efd\/received_2188417131198371.jpeg'  width=\"150\" height=\"215\" alt='Tamara e Serena raccontano la CRI all\u2019esame di maturit\u00e0' \/><\/div>\n<div class='viewParCell BLOBAlignJustify'>\n<p>Ha concluso l&#8217;esame di maturit\u00e0 discutendo una tesi sulla Croce Rossa Italiana anche <strong class='userFormat1'>Serena Tamburello<\/strong>, Volontaria <acronym title='Croce Rossa Italiana' lang='it'>CRI<\/acronym> di <strong class='userFormat1'>Campofelice di Roccella<\/strong>. Serena ha preparato una mappa concettuale sulle attivit\u00e0 di volontariato della Croce Rossa durante la Prima Guerra Mondiale, la descrizione del BLS (Basic Life Support) e delle manovre di disostruzione pediatrica.<\/p>\n<p>\u201c<em class='userFormat2'>Per l\u2019esame<\/em> &#8211; ci racconta Serena &#8211; <em class='userFormat2'>ho realizzato anche due piatti in terracotta, decorati con smalto bianco, dedicati al volontariato e all&#8217;emblema della Croce Rossa Italiana. Ho iniziato a fare volontariato un anno fa perch\u00e9 appassionata ai servizi sanitari. Da grande vorrei fare l\u2019infermiera. Diventare Volontaria <acronym title='Croce Rossa Italiana' lang='it'>CRI<\/acronym> mi ha cambiato la vita perch\u00e9 niente mi rende pi\u00f9 felice della gioia di rendermi utile per gli altri<\/em>\u201d.&nbsp; <\/p>\n<\/div>\n<div class='BLOBFloatClear BLOBRow1px'>&nbsp;<\/div>\n<\/div>\n<div class='viewLineBreak'>&nbsp;<\/div>\n<div class='viewPar BLOBAlignJustify'>\n<p >Croce Rossa Italiana, in linea con le indicazioni della Federazione Internazionale delle Societ\u00e0 di Croce Rossa e Mezzaluna Rossa, realizza un intervento volto a <strong class='userFormat1'>promuovere lo sviluppo del giovane<\/strong>.<br \/>Contribuisce a sviluppare le capacit\u00e0 dei giovani affinch\u00e9 possano agire come agenti di cambiamento all&#8217;interno delle comunit\u00e0, promuovendo una cultura della cittadinanza attiva.&nbsp;<\/p>\n<p>\u201c<em class='userFormat2'>I giovani <acronym title='Croce Rossa Italiana' lang='it'>CRI<\/acronym> si occupano di tematiche importanti, dalla prevenzione, mitigazione e recupero della devianza giovanile alla promozione della donazione volontaria del sangue, dall\u2019educazione alla sicurezza stradale alla promozione dei Principi Fondamentali e di una cultura della non-violenza e della pace \u2013 <\/em>afferma Luigi Corsaro, Presidente <acronym title='Croce Rossa Italiana' lang='it'>CRI<\/acronym> Sicilia<em class='userFormat2'> &#8211; Grazie al Protocollo di Intesa con il Miur, inoltre, facciamo attivit\u00e0 formative nelle scuole, con particolare attenzione per la promozione di stili di vita sani e sicuri, la prevenzione delle emergenze, la diffusione di conoscenza sul fenomeno del bullismo e cyberbullismo<\/em>\u201d.<\/p>\n<\/div>\n<div class='viewLineBreak'>&nbsp;<\/div>\n<div class='BLOBBlockAlignCenter'><img fetchpriority=\"high\" id='img-232' src='https:\/\/cri.it\/wp-content\/uploads\/cri-content\/images\/c\/b\/1\/D.ffe935e0635a420343b7\/serena_tamburello_2.jpg' width=\"700\" height=\"477\" alt='Tamara e Serena raccontano la CRI all\u2019esame di maturit\u00e0' class='viewImg' \/><\/div>\n<div class='BLOBFloatClear'><\/div>\n<div class='viewLineBreak'>&nbsp;<\/div>\n<div class='BLOBBlockAlignCenter'><img id='img-233' src='https:\/\/cri.it\/wp-content\/uploads\/cri-content\/images\/9\/6\/7\/D.6806ea80e4c196c2421b\/serena_tamburello_1.jpg' width=\"615\" height=\"477\" alt='Tamara e Serena raccontano la CRI all\u2019esame di maturit\u00e0' class='viewImg' \/><\/div>\n<div class='BLOBFloatClear'><\/div>\n<div class='viewLineBreak'>&nbsp;<\/div>\n<div>\n<hr class='viewHR BLOBAlignLeft' \/><\/div>\n<div class='viewPar BLOBAlignJustify'>\n<p ><em class='userFormat2'>Monica Sutera, Volontaria <acronym title='Croce Rossa Italiana' lang='it'>CRI<\/acronym> di Agrigento&nbsp;<\/em><br \/><em class='userFormat2'>Croce Rossa Italiana \u2013 Comitato Regionale della Sicilia<\/em><br \/><em class='userFormat2'>Staff Regionale Obiettivo 6 &#8211; &#8220;Sviluppo, comunicazione e promozione del volontariato&#8221;<\/em><\/p>\n<\/div>\n","protected":false},"excerpt":{"rendered":"<p>\u00c8 l\u2019amore per la CRI a spingere Tamara e Serena, due giovani volontarie CRI siciliane, a raccontare la loro esperienza di volontariato e le attivit\u00e0 che i volontari della Croce Rossa svolgono ogni giorno in una delle pagine pi\u00f9 importanti della loro vita: l\u2019esame di maturit\u00e0.<\/p>\n<p>Una scelta fatta con il cuore affinch\u00e9 la conoscenza della storia e della nascita della Croce Rossa italiana possa trasmettere l\u2019entusiasmo e la voglia di far bene a quante pi\u00f9 persone possibili.<\/p>\n","protected":false},"author":47,"featured_media":6195,"comment_status":"open","ping_status":"open","sticky":false,"template":"","format":"standard","meta":{"_themeisle_gutenberg_block_has_review":false,"footnotes":""},"categories":[3,10,4,11,7,5,15],"tags":[],"class_list":["post-6194","post","type-post","status-publish","format-standard","has-post-thumbnail","hentry","category-comitato-sicilia","category-giovani","category-news","category-notizie-dal-territorio","category-primo-piano-generico","category-secondo-piano-generico","category-sviluppo"],"interactive":false,"_links":{"self":[{"href":"https:\/\/cri.it\/sicilia\/wp-json\/wp\/v2\/posts\/6194","targetHints":{"allow":["GET"]}}],"collection":[{"href":"https:\/\/cri.it\/sicilia\/wp-json\/wp\/v2\/posts"}],"about":[{"href":"https:\/\/cri.it\/sicilia\/wp-json\/wp\/v2\/types\/post"}],"author":[{"embeddable":true,"href":"https:\/\/cri.it\/sicilia\/wp-json\/wp\/v2\/users\/47"}],"replies":[{"embeddable":true,"href":"https:\/\/cri.it\/sicilia\/wp-json\/wp\/v2\/comments?post=6194"}],"version-history":[{"count":0,"href":"https:\/\/cri.it\/sicilia\/wp-json\/wp\/v2\/posts\/6194\/revisions"}],"wp:featuredmedia":[{"embeddable":true,"href":"https:\/\/cri.it\/sicilia\/wp-json\/wp\/v2\/media\/6195"}],"wp:attachment":[{"href":"https:\/\/cri.it\/sicilia\/wp-json\/wp\/v2\/media?parent=6194"}],"wp:term":[{"taxonomy":"category","embeddable":true,"href":"https:\/\/cri.it\/sicilia\/wp-json\/wp\/v2\/categories?post=6194"},{"taxonomy":"post_tag","embeddable":true,"href":"https:\/\/cri.it\/sicilia\/wp-json\/wp\/v2\/tags?post=6194"}],"curies":[{"name":"wp","href":"https:\/\/api.w.org\/{rel}","templated":true}]}}