{"id":6162,"date":"2018-08-14T00:00:00","date_gmt":"2018-08-13T22:00:00","guid":{"rendered":"https:\/\/cri.it\/sicilia\/2018\/08\/14\/estate-2018-la-cri-rimane-aperta-per-ferie\/"},"modified":"2018-08-14T00:00:00","modified_gmt":"2018-08-13T22:00:00","slug":"estate-2018-la-cri-rimane-aperta-per-ferie","status":"publish","type":"post","link":"https:\/\/cri.it\/sicilia\/2018\/08\/14\/estate-2018-la-cri-rimane-aperta-per-ferie\/","title":{"rendered":"Estate 2018 &#8211; La CRI rimane aperta per ferie!"},"content":{"rendered":"<h1 class=\"viewTitolo viewTitolo1\">Estate 2018 &#8211; La <acronym title='Croce Rossa Italiana' lang='it'>CRI<\/acronym> rimane aperta per ferie!<\/h1>\n<h2 class=\"viewSottotitolo viewTitolo2\">La Croce Rossa a sostegno dei tanti che in estate rimangono soli e bisognosi di assistenza.<\/h2>\n<div class='viewLineBreak'>&nbsp;<\/div>\n<div class='BLOBBlockAlignCenter'><img fetchpriority=\"high\" id='img-221' src='https:\/\/cri.it\/wp-content\/uploads\/cri-content\/images\/a\/5\/a\/D.57a03ebd1421fc727099\/buone_vacanze.png'  width=\"599\" height=\"261\" alt='Estate 2018 - La CRI rimane aperta per ferie!' class='viewImg' \/><\/div>\n<div class='BLOBFloatClear'><\/div>\n<div class='viewLineBreak'>&nbsp;<\/div>\n<div class='viewPar BLOBAlignJustify'>\n<p >L\u2019estate \u00e8 il momento pi\u00f9 atteso dell\u2019anno, grandi e piccini aspettano queste vacanze per scaricarsi, divertirsi, ritrovare gli affetti pi\u00f9 cari. Intanto, altri, per motivi di salute o economici, non possono partire e spesso rimangono soli senza l\u2019assistenza di qualcuno. Per molti di loro c\u2019\u00e8 fortunatamente la <acronym title='Croce Rossa Italiana' lang='it'>CRI<\/acronym>!<\/p>\n<p>Sono in tanti, infatti, a non poter permettersi il lusso di partire e di rilassarsi. Quanti anziani sono confinati nei loro letti, immobili, guardando la luce del giorno e il chiaro di luna da una finestra con il pensiero rivolto ai tempi passati.<\/p>\n<p>Noi, i <strong class='userFormat1'>volontari della Croce Rossa Italiana<\/strong>, siamo sempre pronti a tenerli per mano, accompagnarli, accarezzarli. Anche d\u2019estate siamo presenti per assistere i bisognosi, i deboli, distribuire l\u2019acqua fredda e un panino ai senza tetto, regalare una maglietta, delle ciabatte. Stringere la mano all\u2019anziano, preparare il pranzo della domenica e dare&nbsp; voce a chi non ha voce, mettere in moto l\u2019ambulanza e correre per salvare vite umane.<\/p>\n<p>Siamo l\u2019esercito dei volontari <strong class='userFormat1'>instancabili<\/strong>, <strong class='userFormat1'>sorridenti <\/strong>e <strong class='userFormat1'>impegnati nel sociale<\/strong>, fedeli all\u2019emblema sulla nostra divisa. I nostri valori, i nostri principi sono la nostra forza e la nostra ragione di vita. L\u2019estate non \u00e8 solo mare, montagna e passeggiate ma \u00e8 anche amore e disponibilit\u00e0 verso chi ne ha bisogno.<\/p>\n<p>Alzatevi, ballate, cantate, tuffatevi nell\u2019acqua azzurra del mare. Il cielo \u00e8 limpido, la vita \u00e8 bella, il sole \u00e8 caldo e le giornate sono meravigliose! Non avete nulla da temere. Non siete soli. Tanti ci vedono \u201c<strong class='userFormat1'>come un bene pubblico<\/strong>\u201d a disposizione di tutti e in tutto il mondo per ridurre la sofferenza umana e migliorare la vita delle persone vulnerabili mobilitando il potere dell\u2019umanit\u00e0.<\/p>\n<p>L\u2019umanit\u00e0, infatti, costituisce il primo principio della Croce Rossa ed \u00e8 il motore principale per raggiungere quante pi\u00f9 persone e dare anche a loro un po\u2019 di felicit\u00e0. Tanti volontari, tanti ragazzi e ragazze non demordono e non dimenticano che c\u2019\u00e8 chi ha bisogno di loro.<\/p>\n<p>E\u2019 tempo di vacanza per tanti, ma \u00e8 anche tempo di assistenza perch\u00e9 la <acronym title='Croce Rossa Italiana' lang='it'>CRI<\/acronym> non va in ferie, rimane aperta a tutti! Buon volontariato a tutti noi!<\/p>\n<p><\/p>\n<\/div>\n<div class='viewLineBreak'>&nbsp;<\/div>\n<div>\n<hr class='viewHR BLOBAlignLeft' \/><\/div>\n<div class='viewPar BLOBAlignJustify'>\n<p ><em class='userFormat2'>di Houda Sboui, volontaria della <acronym title='Croce Rossa Italiana' lang='it'>CRI<\/acronym> di Palermo<\/em><br \/><em class='userFormat2'>Croce Rossa Italiana \u2013 Comitato Regionale della Sicilia<\/em><br \/><em class='userFormat2'>Staff Regionale Obiettivo 6 &#8211; &#8220;Sviluppo, comunicazione e promozione del volontariato&#8221;<\/em><\/p>\n<\/div>\n","protected":false},"excerpt":{"rendered":"<p>L\u2019estate \u00e8 il momento pi\u00f9 atteso dell\u2019anno, grandi e piccini aspettano queste vacanze per scaricarsi, divertirsi, ritrovare gli affetti pi\u00f9 cari. Intanto, altri, per motivi di salute o economici, non possono partire e spesso rimangono soli senza l\u2019assistenza di qualcuno. Per molti di loro c\u2019\u00e8 fortunatamente la CRI!<\/p>\n","protected":false},"author":47,"featured_media":6163,"comment_status":"open","ping_status":"open","sticky":false,"template":"","format":"standard","meta":{"_themeisle_gutenberg_block_has_review":false,"footnotes":""},"categories":[3,13,10,4,7,14,9,5,12,15],"tags":[],"class_list":["post-6162","post","type-post","status-publish","format-standard","has-post-thumbnail","hentry","category-comitato-sicilia","category-emergenze","category-giovani","category-news","category-primo-piano-generico","category-principi-e-valori","category-salute","category-secondo-piano-generico","category-sociale","category-sviluppo"],"interactive":false,"_links":{"self":[{"href":"https:\/\/cri.it\/sicilia\/wp-json\/wp\/v2\/posts\/6162","targetHints":{"allow":["GET"]}}],"collection":[{"href":"https:\/\/cri.it\/sicilia\/wp-json\/wp\/v2\/posts"}],"about":[{"href":"https:\/\/cri.it\/sicilia\/wp-json\/wp\/v2\/types\/post"}],"author":[{"embeddable":true,"href":"https:\/\/cri.it\/sicilia\/wp-json\/wp\/v2\/users\/47"}],"replies":[{"embeddable":true,"href":"https:\/\/cri.it\/sicilia\/wp-json\/wp\/v2\/comments?post=6162"}],"version-history":[{"count":0,"href":"https:\/\/cri.it\/sicilia\/wp-json\/wp\/v2\/posts\/6162\/revisions"}],"wp:featuredmedia":[{"embeddable":true,"href":"https:\/\/cri.it\/sicilia\/wp-json\/wp\/v2\/media\/6163"}],"wp:attachment":[{"href":"https:\/\/cri.it\/sicilia\/wp-json\/wp\/v2\/media?parent=6162"}],"wp:term":[{"taxonomy":"category","embeddable":true,"href":"https:\/\/cri.it\/sicilia\/wp-json\/wp\/v2\/categories?post=6162"},{"taxonomy":"post_tag","embeddable":true,"href":"https:\/\/cri.it\/sicilia\/wp-json\/wp\/v2\/tags?post=6162"}],"curies":[{"name":"wp","href":"https:\/\/api.w.org\/{rel}","templated":true}]}}