{"id":6123,"date":"2018-09-28T00:00:00","date_gmt":"2018-09-27T22:00:00","guid":{"rendered":"https:\/\/cri.it\/sicilia\/2018\/09\/28\/messina-cri-e-luiss-insieme-per-il-volontariato\/"},"modified":"2018-09-28T00:00:00","modified_gmt":"2018-09-27T22:00:00","slug":"messina-cri-e-luiss-insieme-per-il-volontariato","status":"publish","type":"post","link":"https:\/\/cri.it\/sicilia\/2018\/09\/28\/messina-cri-e-luiss-insieme-per-il-volontariato\/","title":{"rendered":"Messina &#8211; CRI e LUISS insieme per il volontariato"},"content":{"rendered":"<h1 class=\"viewTitolo viewTitolo1\">Messina &#8211; <acronym title='Croce Rossa Italiana' lang='it'>CRI<\/acronym> e LUISS insieme per il volontariato<\/h1>\n<h2 class=\"viewSottotitolo viewTitolo2\">Il progetto &ldquo;Volontariamente LUISS&rdquo; per conoscere e apprezzare la realt&agrave; del volontariato in Croce Rossa<\/h2>\n<div class='viewLineBreak'>&nbsp;<\/div>\n<div class='viewPar BLOBAlignJustify'>\n<p >Si chiamano Barbara, Chiara e Giorgia le protagoniste del progetto \u201c<strong class='userFormat1'>Volontariamente&nbsp;LUISS<\/strong>\u201d, che si \u00e8 svolto a Messina dal 20 luglio al 1 agosto.<\/p>\n<p>Il progetto, riservato agli studenti iscritti ai corsi di laurea della LUISS Guido Carli a Roma,&nbsp;ha dato la possibilit\u00e0 di prendere parte a molteplici attivit\u00e0 dal forte impatto pratico, etico e sociale.<\/p>\n<p>La Croce Rossa Italiana ha infatti tra i suoi obiettivi la realizzazione di attivit\u00e0 umanitarie&nbsp;in risposta ai bisogni che si manifestano sul territorio nazionale da parte delle persone pi\u00f9 vulnerabili.<\/p>\n<p>Grazie alla collaborazione della LUISS con la <acronym title='Croce Rossa Italiana' lang='it'>CRI<\/acronym>, le tre studentesse hanno vestito i panni dei&nbsp;volontari <acronym title='Croce Rossa Italiana' lang='it'>CRI<\/acronym> della Sicilia, vivendo l&#8217;esperienza <strong class='userFormat1'>dell&#8217;accoglienza, dell&#8217;assistenza&nbsp;e dell&#8217;integrazione<\/strong> dei migranti salvati nelle acque del Mediterraneo, svolgendo attivit\u00e0&nbsp;presso i CAS (Centri di Accoglienza Straordinaria), partecipando a laboratori ludico-educativi per i bimbi migranti e all\u2019organizzazione di cene multietniche.<\/p>\n<p>Le tre studentesse hanno anche preso parte al <strong class='userFormat1'>workshop \u201cGiovani in Azione\u201d<\/strong>&nbsp;sull\u2019analisi del ruolo e delle potenzialit\u00e0 della Giovent\u00f9 partendo dai bisogni della comunit\u00e0 e all\u2019<strong class='userFormat1'>evento formativo \u201cOur Vision and Mission\u201d<\/strong>,&nbsp;con la presentazione della <acronym title='Federazione Internazionale Croce Rossa' lang='it'>FICR<\/acronym> (La Federazione internazionale delle Societ\u00e0 della Croce Rossa e della Mezzaluna Rossa), della storia e azione della <acronym title='Croce Rossa Italiana' lang='it'>CRI<\/acronym>.<\/p>\n<p>\u201c<em class='userFormat2'>Il nostro primo servizio \u00e8 stato la distribuzione della cena ai ragazzi del&nbsp;CAS<\/em> &#8211; racconta Chiara &#8211;<em class='userFormat2'>e non \u00e8 stato difficile stringere amicizia. Non mi aspettavo un\u2019apertura&nbsp;simile da parte loro in cos\u00ec poco tempo, invece mi hanno piacevolmente stupita<\/em>\u201d.<\/p>\n<p>\u201c<em class='userFormat2'>Non avevo mai visitato Messina prima di quest\u2019esperienza<\/em>&nbsp;&#8211; racconta Barbara &#8211;&nbsp; <em class='userFormat2'>e i&nbsp; ragazzi, ospiti del Centro di accoglienza,&nbsp;facendoci da cicerone, ci hanno mostrato Messina nei suoi angoli pi\u00f9 significativi: partendo dal Duomo, passando per le innumerevoli chiese, per poi arrivare al Municipio<\/em>\u201d.<\/p>\n<p>\u201c<em class='userFormat2'>Se dovessi trovare una parola per descrivere questa esperienza, direi \u2018condivisione\u2019, un valore davvero&nbsp;importante che i ragazzi di <acronym title='Croce Rossa Italiana' lang='it'>CRI<\/acronym> Messina mi hanno insegnato<\/em>\u201d, racconta invece Giorgia.<\/p>\n<\/div>\n<div class='viewLineBreak'>&nbsp;<\/div>\n<div class='BLOBBlockAlignCenter'><img fetchpriority=\"high\" id='img-209' src='https:\/\/cri.it\/wp-content\/uploads\/cri-content\/images\/2\/1\/d\/D.e91aaeb2362152d65a6c\/luissjpg.jpg' width=\"500\" height=\"500\" alt='Messina - CRI e LUISS insieme per il volontariato' class='viewImg' \/><\/div>\n<div class='BLOBFloatClear'><\/div>\n<div class='viewLineBreak'>&nbsp;<\/div>\n<div>\n<hr class='viewHR BLOBAlignLeft' \/><\/div>\n<div class='viewPar BLOBAlignJustify'>\n<p ><em class='userFormat2'>di Monica Sutera, volontaria della <acronym title='Croce Rossa Italiana' lang='it'>CRI<\/acronym> di Agrigento<\/em><br \/><em class='userFormat2'>Croce Rossa Italiana \u2013 Comitato Regionale della Sicilia<\/em><br \/><em class='userFormat2'>Staff Regionale Obiettivo 6 &#8211; &#8220;Sviluppo, comunicazione e promozione del volontariato&#8221;<\/em><\/p>\n<\/div>\n<div class='viewLineBreak'>&nbsp;<\/div>\n","protected":false},"excerpt":{"rendered":"<p>Si chiamano Barbara, Chiara e Giorgia le protagoniste del progetto \u201cVolontariamente&nbsp;LUISS\u201d, che si \u00e8 svolto a Messina dal 20 luglio al 1 agosto.<\/p>\n<p>Il progetto, riservato agli studenti iscritti ai corsi di laurea della LUISS Guido Carli a Roma,&nbsp;ha dato la possibilit\u00e0 di prendere parte a molteplici attivit\u00e0 dal forte impatto pratico, etico e sociale.<\/p>\n","protected":false},"author":47,"featured_media":6124,"comment_status":"open","ping_status":"open","sticky":false,"template":"","format":"standard","meta":{"_themeisle_gutenberg_block_has_review":false,"footnotes":""},"categories":[3,4,7,5,15],"tags":[],"class_list":["post-6123","post","type-post","status-publish","format-standard","has-post-thumbnail","hentry","category-comitato-sicilia","category-news","category-primo-piano-generico","category-secondo-piano-generico","category-sviluppo"],"interactive":false,"_links":{"self":[{"href":"https:\/\/cri.it\/sicilia\/wp-json\/wp\/v2\/posts\/6123","targetHints":{"allow":["GET"]}}],"collection":[{"href":"https:\/\/cri.it\/sicilia\/wp-json\/wp\/v2\/posts"}],"about":[{"href":"https:\/\/cri.it\/sicilia\/wp-json\/wp\/v2\/types\/post"}],"author":[{"embeddable":true,"href":"https:\/\/cri.it\/sicilia\/wp-json\/wp\/v2\/users\/47"}],"replies":[{"embeddable":true,"href":"https:\/\/cri.it\/sicilia\/wp-json\/wp\/v2\/comments?post=6123"}],"version-history":[{"count":0,"href":"https:\/\/cri.it\/sicilia\/wp-json\/wp\/v2\/posts\/6123\/revisions"}],"wp:featuredmedia":[{"embeddable":true,"href":"https:\/\/cri.it\/sicilia\/wp-json\/wp\/v2\/media\/6124"}],"wp:attachment":[{"href":"https:\/\/cri.it\/sicilia\/wp-json\/wp\/v2\/media?parent=6123"}],"wp:term":[{"taxonomy":"category","embeddable":true,"href":"https:\/\/cri.it\/sicilia\/wp-json\/wp\/v2\/categories?post=6123"},{"taxonomy":"post_tag","embeddable":true,"href":"https:\/\/cri.it\/sicilia\/wp-json\/wp\/v2\/tags?post=6123"}],"curies":[{"name":"wp","href":"https:\/\/api.w.org\/{rel}","templated":true}]}}