{"id":5981,"date":"2018-11-03T00:00:00","date_gmt":"2018-11-02T23:00:00","guid":{"rendered":"https:\/\/cri.it\/sicilia\/2018\/11\/03\/sicilia-il-corpo-militare-volontario-della-cri-impegnato-nelle-commemorazioni-per-il-centenario-della-fine-della-prima-guerra-mondiale\/"},"modified":"2018-11-03T00:00:00","modified_gmt":"2018-11-02T23:00:00","slug":"sicilia-il-corpo-militare-volontario-della-cri-impegnato-nelle-commemorazioni-per-il-centenario-della-fine-della-prima-guerra-mondiale","status":"publish","type":"post","link":"https:\/\/cri.it\/sicilia\/2018\/11\/03\/sicilia-il-corpo-militare-volontario-della-cri-impegnato-nelle-commemorazioni-per-il-centenario-della-fine-della-prima-guerra-mondiale\/","title":{"rendered":"Sicilia, il Corpo Militare Volontario della CRI impegnato nelle commemorazioni per il centenario della fine della Prima Guerra Mondiale"},"content":{"rendered":"<h1 class=\"viewTitolo viewTitolo1\">Sicilia, il Corpo Militare Volontario della <acronym title='Croce Rossa Italiana' lang='it'>CRI<\/acronym> impegnato nelle commemorazioni per il centenario della fine della Prima Guerra Mondiale<\/h1>\n<div class='viewLineBreak'>&nbsp;<\/div>\n<div class='viewPar BLOBAlignJustify'>\n<p >Il Corpo Militare Volontario della Croce Rossa Italiana trae origine dalla disposizione emanata dal Ministro della Guerra il 1\u00b0 giugno 1866, con la quale il personale delle \u201cSquadriglie di Soccorso\u201d, prime formazioni del Comitato Milanese per il soccorso ai feriti e malati in guerra, poi trasformatosi in Associazione Italiana della Croce Rossa , veniva assoggettato alla disciplina militare con l\u2019adozione dell\u2019uniforme e l\u2019equiparazione gerarchica ai gradi dell\u2019Esercito.<\/p>\n<p>Per l&#8217;assolvimento dei servizi ausiliari <acronym title='Croce Rossa Italiana' lang='it'>CRI<\/acronym> delle Forze Armate sono costituiti i Centri di Mobilitazione, posti alla dipendenza del Presidente Nazionale della Croce Rossa Italiana.<\/p>\n<p><strong class='userFormat1'>In Sicilia \u00e8 costituito il XII Centro di Mobilitazione, con sede a Palermo presso il Comitato Regionale della <acronym title='Croce Rossa Italiana' lang='it'>CRI<\/acronym> Sicilia.&nbsp;<\/strong><\/p>\n<p><\/p>\n<\/div>\n<div class='BLOBBlockAlignCenter'><img fetchpriority=\"high\" id='img-145' src='https:\/\/cri.it\/wp-content\/uploads\/cri-content\/images\/5\/f\/3\/D.53e55aa3b2014b9a8540\/Corpo_Militare_1.jpg' width=\"700\" height=\"254\" alt='commemorazioni per il centenario della fine della Prima Guerra Mondiale' class='viewImg' \/><\/div>\n<div class='BLOBFloatClear'><\/div>\n<div class='viewLineBreak'>&nbsp;<\/div>\n<div class='BLOBWidth100'>\n<div class='viewParCell BLOBAlignJustify'>\n<p><strong class='userFormat1'>L\u2019attivit\u00e0 del Corpo Militare Volontario <acronym title='Croce Rossa Italiana' lang='it'>CRI<\/acronym><\/strong> nella regione siciliana \u00e8 stato intenso ed affonda le sue radici nel tempo. Il primo grande intervento di soccorso che vide un larghissimo impiego delle forze militari <acronym title='Croce Rossa Italiana' lang='it'>CRI<\/acronym> si ebbe in occasione del <strong class='userFormat1'>terremoto del 28 dicembre 1908<\/strong> che interess\u00f2 le provincie di Reggio Calabria e <strong class='userFormat1'>Messina <\/strong>provocando un gran numero di vittime e danni gravissimi. I militari <acronym title='Croce Rossa Italiana' lang='it'>CRI<\/acronym> intervennero anche&nbsp; a supporto delle popolazioni colpite dal <strong class='userFormat1'>sisma del Belice del 1968<\/strong>. Proprio quest\u2019anno, in occasione del cinquantesimo anniversario dell\u2019evento sismico, il Centro di Mobilitazione Sicilia del Corpo Militare Volontario della <acronym title='Croce Rossa Italiana' lang='it'>CRI<\/acronym> ha partecipato ad un&#8217;esercitazione effettuata nei territori della Valle del Belice, dove \u00e8 stato riconosciuto il valore che ha contraddistinto il Corpo nel soccorso alle popolazioni profondamente colpite.<\/p>\n<p>Il Centro di Mobilitazione Sicilia <strong class='userFormat1'>opera quotidianamente<\/strong> in ausilio alle Forze Armate e, in particolar modo, fornendo supporto logistico e sanitario negli interventi di disinnesco ordigni bellici espletato dal 4\u00b0Rgt. Genio Guastatori di Palermo, nonch\u00e8 in stretta collaborazione con la Marina Militare Italiana.<\/p>\n<p><\/p>\n<\/div>\n<div class='BLOBFloatClear BLOBRow1px'>&nbsp;<\/div>\n<\/div>\n<div class='viewLineBreak'>&nbsp;<\/div>\n<div class='BLOBWidth100'>\n<div class='BLOBFloatRight BLOBIMGSpacerLeft'><img id='img-146' src='https:\/\/cri.it\/wp-content\/uploads\/cri-content\/images\/8\/6\/e\/D.f8e0c0404c429e021dac\/Isp_Naz_Cri.png'  width=\"200\" height=\"190\" alt='commemorazioni per il centenario della fine della Prima Guerra Mondiale' \/><\/div>\n<div class='viewParCell BLOBAlignJustify'>\n<p>Quest\u2019anno ricorre il centenario della fine della Prima Guerra Mondiale, le cui commemorazioni si svolgono annualmente il 4 Novembre. In questa occasione. l&#8217;11 ottobre scorso, alla presenza dell&#8217;Ispettore Nazionale del Corpo, <strong class='userFormat1'>Magg. Generale Gabriele Lupini<\/strong>, il Centro di Mobilitazione Sicilia ha organizzato una <strong class='userFormat1'>solenne cerimonia dell&#8217;alzabandiera<\/strong>, svoltasi presso il Monumento ai Caduti, in Piazza Vittorio Veneto a Palermo. In rappresentanza del Comitato Regionale <acronym title='Croce Rossa Italiana' lang='it'>CRI<\/acronym> Sicilia era presente il Segretario Regionale, <strong class='userFormat1'><abbr title='Dottore' lang='it'>Dott.<\/abbr> Giuseppe Giordano<\/strong>. Alla solenne commemorazione hanno preso parte Autorit\u00e0 civili e militari e i Gonfaloni della Regione Siciliana e della Citt\u00e0 Metropolitana di Palermo. Il Centro di Mobilitazione Sicilia \u00e8 stato l&#8217;unico Centro su tutto il territorio nazionale ad aver voluto commemorare l&#8217;evento in tal modo. Nella stessa giornata, il Gen. Lupini ha incontrato alcuni rappresentanti dei <strong class='userFormat1'>NAAPRO, Nucleo Arruolamento ed Attivit\u00e0 Promozionali<\/strong> delle province siciliane. Durante l&#8217;incontro, svoltosi a Palermo presso Palazzo Comitini sono state trattate alcune tematiche relative all&#8217;organizzazione operativa del Corpo.<\/p>\n<\/div>\n<div class='BLOBFloatClear BLOBRow1px'>&nbsp;<\/div>\n<\/div>\n<div class='viewLineBreak'>&nbsp;<\/div>\n<div class='BLOBWidth100'>\n<div class='BLOBFloatRight BLOBIMGSpacerLeft'><img id='img-147' src='https:\/\/cri.it\/wp-content\/uploads\/cri-content\/images\/e\/7\/f\/D.d2a74eabb13bbf254283\/Corpo_Militare_4.jpg'  width=\"200\" height=\"355\" alt='commemorazioni per il centenario della fine della Prima Guerra Mondiale' \/><\/div>\n<div class='viewParCell BLOBAlignJustify'>\n<p>Per le <strong class='userFormat1'>attivit\u00e0 celebrative del 4 novembre<\/strong>, giornata delle Forze Armate, nonch\u00e9 per il proseguo delle commemorazioni per il centenario della fine della Prima Guerra Mondiale, dal 31 ottobre al 6 novembre 2018, il Comando Legione Carabinieri Sicilia ha organizzato presso il Comune di Piazza Armerina (EN) una manifestazione interforze in cui il Centro di Mobilitazione Sicilia interverr\u00e0 con il proprio <strong class='userFormat1'>6\u00b0 Nucleo Pronto Impiego del Centro di Mobilitazione Sicilia<\/strong>. Oltre alla presenza della cittadinanza, \u00e8 prevista la partecipazione delle scolaresche, alle quali saranno spiegati i compiti e i molteplici impieghi del Reparto operativo, preposto, fra l&#8217;altro, all&#8217;attivazione di una struttura idonea per il primo soccorso di massa in caso di calamit\u00e0.&nbsp;<\/p>\n<p>In occasione delle celebrazioni del 4 novembre, \u00e8 prevista l&#8217;esibizione della <strong class='userFormat1'>Banda del Corpo Militare<\/strong> del Centro di Mobilitazione Sicilia, che terr\u00e0 un concerto presso la prestigiosa sede di Palazzo Trigona a Piazza Armerina e presso il Comune di Calamonaci.&nbsp;<\/p>\n<p>Come consolidata tradizione annuale, il Centro di Mobilitazione Sicilia del Corpo Militare Volontario <acronym title='Croce Rossa Italiana' lang='it'>CRI<\/acronym> ha allestito tre vetrine di esposizione presso alcune attivit\u00e0 commerciali del capoluogo siciliano, la Gioielleria Matranga, il Cinema Rouge et Noire, e Calcaterra Abbigliamenti. All&#8217;interno delle stesse si possono ammirare <strong class='userFormat1'>cimeli ed emblemi rappresentativi del Corpo<\/strong>.&nbsp;<\/p>\n<p>Le consuete celebrazioni del 4 novembre prevedono un <strong class='userFormat1'>solenne alzabandiera presso il Monumento ai Caduti<\/strong>, in Piazza Vittorio Veneto a Palermo, in cui, unitamente ai vari reparti interforze, verr\u00e0 inquadrata nello schieramento una rappresentanza del Centro di Mobilitazione Sicilia.<\/p>\n<p>Le celebrazioni proseguiranno in Piazza Parlamento, a Palermo dove, oltre ad essere presente all&#8217;interno dello stand della Croce Rossa Italiana, il Reparto fornir\u00e0 il supporto sanitario. La Legione Carabinieri Sicilia ha, inoltre, organizzato un team interforze, composto oltre che da rappresentanti delle 4 Forze Armate, anche da personale del Centro di Mobilitazione Sicilia del Corpo Militare Volontario <acronym title='Croce Rossa Italiana' lang='it'>CRI<\/acronym> e del Corpo delle Infermiere Volontarie.<\/p>\n<\/div>\n<div class='BLOBFloatClear BLOBRow1px'>&nbsp;<\/div>\n<\/div>\n<div class='viewLineBreak'>&nbsp;<\/div>\n<div class='BLOBWidth100'>\n<div class='BLOBFloatRight BLOBIMGSpacerLeft'><img loading=\"lazy\" id='img-148' src='https:\/\/cri.it\/wp-content\/uploads\/cri-content\/images\/1\/4\/8\/D.c433f5d1a3e4b1d568b3\/Corpo_Militare_6.jpg'  width=\"200\" height=\"263\" alt='commemorazioni per il centenario della fine della Prima Guerra Mondiale' \/><\/div>\n<div class='viewParCell BLOBAlignJustify'>\n<p>\u201c<strong class='userFormat1'><em class='userFormat2'>Abbiamo <\/em><\/strong>&#8211; ha commentato il <strong class='userFormat1'>Mar. Capo <acronym title='Croce Rossa Italiana' lang='it'>CRI<\/acronym> Gaetano Ricontati, Comandante del centro Mobilitazione Sicilia<\/strong> &#8211; <em class='userFormat2'>una serie di appuntamenti che ci tengono fieramente impegnati. Operiamo ininterrottamente, con immutato slancio altruistico e alto senso del dovere, i compiti di assistenza sanitaria alle Forze Armate in tempo di pace, guerra e grave crisi internazionale nonch\u00e9 di protezione civile in missioni umanitarie per aiuto alle popolazioni colpite da calamit\u00e0. Le commemorazioni e le ricorrenze ci permettono &#8211; ha aggiunto il Comandante &#8211; di <strong class='userFormat1'>rapportarci alla popolazioni <\/strong>in un clima sicuramente pi\u00f9 disteso e consentono l\u2019importante <strong class='userFormat1'>opera di diffusione della cultura militare<\/strong> soprattutto tra i giovani mostrando loro le opportunit\u00e0 professionali offerte a chi intende avvicinarsi al mondo delle stellette. La Croce Rossa italiana&nbsp; &#8211; <\/em>conclude il Mar, Capo <acronym title='Croce Rossa Italiana' lang='it'>CRI<\/acronym> Ricontati<em class='userFormat2'> &#8211; \u00e8 una grande famiglia, invito pertanto tutti coloro si riconoscono nei <strong class='userFormat1'>Sette principi della Croce Rossa<\/strong> a vedere con i propri occhi il lavoro svolto dal Corpo Militare Volontario nelle tante attivit\u00e0 che svolgiamo nel territorio siciliano<\/em>\u201d<\/p>\n<\/div>\n<div class='BLOBFloatClear BLOBRow1px'>&nbsp;<\/div>\n<\/div>\n<div class='viewLineBreak'>&nbsp;<\/div>\n<div class='viewLineBreak'>&nbsp;<\/div>\n<div class='BLOBBlockAlignCenter'><img loading=\"lazy\" id='img-149' src='https:\/\/cri.it\/wp-content\/uploads\/cri-content\/images\/4\/a\/1\/D.2b5f424145e81e9918bc\/Corpo_Militare_2.jpg'  width=\"666\" height=\"500\" alt='commemorazioni per il centenario della fine della Prima Guerra Mondiale' class='viewImg' \/><\/div>\n<div class='BLOBFloatClear'><\/div>\n<div class='viewLineBreak'>&nbsp;<\/div>\n<div>\n<hr class='viewHR BLOBAlignLeft' \/><\/div>\n<div class='viewPar BLOBAlignJustify'>\n<p ><em class='userFormat2'>di Michele Pappalardo, volontario della <acronym title='Croce Rossa Italiana' lang='it'>CRI<\/acronym> di Castelvetrano<\/em><\/p>\n<p><em class='userFormat2'>Croce Rossa Italiana \u2013 Comitato Regionale della Sicilia<\/em><\/p>\n<p><em class='userFormat2'>Staff Regionale Obiettivo 6 &#8211; &#8220;Sviluppo, comunicazione e promozione del volontariato&#8221;<\/em><\/p>\n<\/div>\n","protected":false},"excerpt":{"rendered":"<p>Il Corpo Militare Volontario della Croce Rossa Italiana trae origine dalla disposizione emanata dal Ministro della Guerra il 1\u00b0 giugno 1866, con la quale il personale delle \u201cSquadriglie di Soccorso\u201d, prime formazioni del Comitato Milanese per il soccorso ai feriti e malati in guerra, poi trasformatosi in Associazione Italiana della Croce Rossa , veniva assoggettato alla disciplina militare con l\u2019adozione dell\u2019uniforme e l\u2019equiparazione gerarchica ai gradi dell\u2019Esercito.<\/p>\n","protected":false},"author":47,"featured_media":5982,"comment_status":"open","ping_status":"open","sticky":false,"template":"","format":"standard","meta":{"_themeisle_gutenberg_block_has_review":false,"footnotes":""},"categories":[3,4,7,5,15],"tags":[],"class_list":["post-5981","post","type-post","status-publish","format-standard","has-post-thumbnail","hentry","category-comitato-sicilia","category-news","category-primo-piano-generico","category-secondo-piano-generico","category-sviluppo"],"interactive":false,"_links":{"self":[{"href":"https:\/\/cri.it\/sicilia\/wp-json\/wp\/v2\/posts\/5981","targetHints":{"allow":["GET"]}}],"collection":[{"href":"https:\/\/cri.it\/sicilia\/wp-json\/wp\/v2\/posts"}],"about":[{"href":"https:\/\/cri.it\/sicilia\/wp-json\/wp\/v2\/types\/post"}],"author":[{"embeddable":true,"href":"https:\/\/cri.it\/sicilia\/wp-json\/wp\/v2\/users\/47"}],"replies":[{"embeddable":true,"href":"https:\/\/cri.it\/sicilia\/wp-json\/wp\/v2\/comments?post=5981"}],"version-history":[{"count":0,"href":"https:\/\/cri.it\/sicilia\/wp-json\/wp\/v2\/posts\/5981\/revisions"}],"wp:featuredmedia":[{"embeddable":true,"href":"https:\/\/cri.it\/sicilia\/wp-json\/wp\/v2\/media\/5982"}],"wp:attachment":[{"href":"https:\/\/cri.it\/sicilia\/wp-json\/wp\/v2\/media?parent=5981"}],"wp:term":[{"taxonomy":"category","embeddable":true,"href":"https:\/\/cri.it\/sicilia\/wp-json\/wp\/v2\/categories?post=5981"},{"taxonomy":"post_tag","embeddable":true,"href":"https:\/\/cri.it\/sicilia\/wp-json\/wp\/v2\/tags?post=5981"}],"curies":[{"name":"wp","href":"https:\/\/api.w.org\/{rel}","templated":true}]}}