{"id":5885,"date":"2019-01-29T00:00:00","date_gmt":"2019-01-28T23:00:00","guid":{"rendered":"https:\/\/cri.it\/sicilia\/2019\/01\/29\/i-presidenti-cri-della-sicilia-conosciamoli-meglio-francesco-fronte\/"},"modified":"2019-01-29T00:00:00","modified_gmt":"2019-01-28T23:00:00","slug":"i-presidenti-cri-della-sicilia-conosciamoli-meglio-francesco-fronte","status":"publish","type":"post","link":"https:\/\/cri.it\/sicilia\/2019\/01\/29\/i-presidenti-cri-della-sicilia-conosciamoli-meglio-francesco-fronte\/","title":{"rendered":"I Presidenti CRI della Sicilia: conosciamoli meglio! &#8211; Francesco Fronte"},"content":{"rendered":"<h1 class=\"viewTitolo viewTitolo1\">I Presidenti <acronym title='Croce Rossa Italiana' lang='it'>CRI<\/acronym> della Sicilia: conosciamoli meglio!<\/h1>\n<h2 class=\"viewSottotitolo viewTitolo2\">Intervista a Francesco Fronte, Presidente del Comitato <acronym title='Croce Rossa Italiana' lang='it'>CRI<\/acronym> di Ragusa (RG)<\/h2>\n<div class='viewLineBreak'>&nbsp;<\/div>\n<div class='BLOBBlockAlignCenter'><img fetchpriority=\"high\" id='img-115' src='https:\/\/cri.it\/wp-content\/uploads\/cri-content\/images\/9\/3\/1\/D.4e34563fb98a8224152b\/Francesco_Fronte_presidente_CRI_Ragusa_.png' width=\"600\" height=\"424\" alt='I Presidenti CRI della Sicilia: conosciamoli meglio!' class='viewImg' \/><\/div>\n<div class='BLOBFloatClear'><\/div>\n<div class='viewLineBreak'>&nbsp;<\/div>\n<div class='viewPar BLOBAlignJustify'>\n<p >Oggi conosciamo meglio <strong class='userFormat1'>Francesco Fronte<\/strong>, Presidente del Comitato <acronym title='Croce Rossa Italiana' lang='it'>CRI<\/acronym> di Ragusa. Composto da circa 200 soci, la Croce Rossa Italiana \u00e8 presente nel Comune almeno&nbsp; <strong class='userFormat1'>fin dal 1899<\/strong>, data riportata in un documento ritrovato dal presidente Fronte in cui si evince la presenza di una \u201cDelegazione\u201d, denominazione usata al tempo della <acronym title='Croce Rossa Italiana' lang='it'>CRI<\/acronym>.<\/p>\n<p><strong class='userFormat1'>Ragusa <\/strong>\u00e8 un comune di circa 73.400 abitanti, capoluogo dell\u2019omonima provincia. \u00c8 il settimo comune della regione per popolazione e il terzo per superficie.\u00c8 il capoluogo pi\u00f9 meridionale d&#8217;Italia. \u00c8 chiamata la <strong class='userFormat1'>&#8220;citt\u00e0 dei ponti&#8221;<\/strong>, per la presenza di tre strutture molto pittoresche e di valore storico. I capolavori architettonici costruiti dopo il terremoto, insieme a tutti quelli presenti nel Val di Noto, sono stati dichiarati nel 2002 Patrimonio dell&#8217;Umanit\u00e0 dall&#8217;<acronym title='United Nations Educational, Scientific and Cultural Organization (Organizzazione delle Nazioni Unite per l\u2019Educazione, la Scienza e la Cultura)' lang='en'>UNESCO<\/acronym>.<\/p>\n<p><strong class='userFormat1'>Perch\u00e9 sei entrato in Croce Rossa<\/strong><\/p>\n<p><em class='userFormat2'>Sono entrato in Croce Rossa nel 1988 in maniera molto casuale. Dopo essermi congedato dal servizio di leva in Marina ho saputo che esisteva il Corpo Militare Volontario della <acronym title='Croce Rossa Italiana' lang='it'>CRI<\/acronym> e mi sono arruolato iniziando la mia esperienza di volontario. Oltre all\u2019impegno di militare, con il percorso di addestramento e frequenti richiami, ho avuto la possibilit\u00e0 di far parte del Consiglio di Amministrazione della <acronym title='Croce Rossa Italiana' lang='it'>CRI<\/acronym> con la Presidente Garavaglia e conoscere quindi anche le altre componenti e di capire come funziona la vita di un Comitato. Sono stato rappresentante per il Corpo Militare, responsabile del N.A.A.Pro (Nuclei Arruolamento e Attivit\u00e0 Promozionali) e Vice Presidente del Comitato, quindi ho avuto la possibilit\u00e0 di conoscere le varie sfaccettature della <acronym title='Croce Rossa Italiana' lang='it'>CRI<\/acronym> avendo ricoperto diversi ruoli.<\/em><\/p>\n<p>&nbsp;<\/p>\n<p><strong class='userFormat1'>Cosa fa la <acronym title='Croce Rossa Italiana' lang='it'>CRI<\/acronym> per il tuo territorio<\/strong><\/p>\n<p><em class='userFormat2'>Il Comitato di Ragusa ha un\u2019estensione molto ampia, comprende tutti e dodici i comuni della provincia. Trattandosi di un territorio molto vasto abbiamo specificit\u00e0 diverse da luogo a luogo. A Ragusa lavoriamo molto sul sociale e negli altri centri collaboriamo molto con altre associazioni dedicandoci molto alle tematiche legate alle migrazioni. Sul Porto di Pozzallo siamo stati impegnati con l\u2019assistenza ai migranti per gli sbarchi con il supporto anche di altri Comitati, soprattutto quando gli sbarchi erano quasi quotidiani. Abbiamo sviluppato molte collaborazioni con gli enti locali e le scuole per l\u2019educazione sanitaria e la diffusione del Diritto Internazionale Umanitario. Con il venir meno degli sbarchi e dell\u2019assistenza che offrivamo abbiamo intensificato le azioni sociali e l\u2019impegno verso i giovani che hanno affollato gli ultimi corsi di accesso alla Croce Rossa, riservando alla <acronym title='Croce Rossa Italiana' lang='it'>CRI<\/acronym> il loro avviamento nel mondo del volontariato.<\/em><\/p>\n<p>&nbsp;<\/p>\n<p><strong class='userFormat1'>Un sogno, un\u2019iniziativa che vorresti realizzare con la Croce Rossa per il tuo Comune<\/strong><\/p>\n<p><em class='userFormat2'>Nell\u2019immediato sto lavorando, pi\u00f9 che per un sogno, per una problematica che affligge questo Comitato. Non abbiamo, infatti, una sede di propriet\u00e0 e quindi sto contattando tutte le Istituzioni, Prefettura, Sindaco di Ragusa e Direttore Generale dell\u2019ASP per cercare di dare al Comitato quella sede definitiva che ci consentirebbe di sviluppare sul territorio un\u2019azione molto pi\u00f9 efficace.<\/em><\/p>\n<p>&nbsp;<\/p>\n<p><strong class='userFormat1'>Cosa vorresti far sapere ai tuoi volontari<\/strong><\/p>\n<p><em class='userFormat2'>Innanzitutto voglio ringraziarli. Sono Presidente del Comitato da un anno e grazie a loro abbiamo affrontato grandi sfide, abbiamo continuato a fare assistenza ai migranti per gli sbarchi, abbiamo ospitato le Gare Regionali di Primo Soccorso e il Meeting Regionale dei Giovani e ci siamo posti delle sfide pi\u00f9 grandi di noi che hanno avuto successo, non posso che ringraziare tutti i miei Volontari. Invito pertanto tutti i miei Volontari a continuare su questa strada e continuare a credere in se stessi. Ritengo di essere un presidente fortunato perch\u00e9 ho accanto a me Consiglieri e Delegati che sono molto in gamba e molto motivati.<\/em><\/p>\n<p>&nbsp;<\/p>\n<p><strong class='userFormat1'>Cosa vorresti dire ai tuoi cittadini<\/strong><\/p>\n<p><em class='userFormat2'>Ai miei concittadini voglio ricordare che la Croce Rossa \u00e8 sempre pronta ad aiutare chiunque. Siamo sempre disponibili e quando chiamati interverremo sempre. La <acronym title='Croce Rossa Italiana' lang='it'>CRI<\/acronym> a Ragusa e in provincia sar\u00e0 sempre un punto di riferimento nel territorio a sostegno dei vulnerabili. Anche se la <acronym title='Croce Rossa Italiana' lang='it'>CRI<\/acronym> \u00e8 cambiata e adesso siamo un\u2019associazione privata, si tratta pur sempre un\u2019istituzione sicura, credibile, affidabile e sempre presente per rispondere ai bisogni della popolazione.<\/em><\/p>\n<p>&nbsp;<\/p>\n<p><strong class='userFormat1'>Tra le competenze acquisite in <acronym title='Croce Rossa Italiana' lang='it'>CRI<\/acronym> sei diventato anche un Istruttore di Diritto Internazionale Umanitario. Qual \u00e8 il rapporto tra il <acronym title='Diritto Internazionale Umanitario' lang='it'>DIU<\/acronym> e i ragusani<\/strong><\/p>\n<p><em class='userFormat2'>Il mio obiettivo di carattere pi\u00f9 ideale \u00e8 iniziare una diffusione sul territorio del Diritto Internazionale Umanitario e della storia della Croce Rossa perch\u00e8 purtroppo l\u2019argomento \u00e8 quasi sconosciuto. In occasione di alcune conferenze ho notato come gli studenti o i professori non abbiano mai sentito nominare <span lang='fr'>Henry Dunant<\/span> e i nostri progenitori e lo ritengo abbastanza grave. La mancata conoscenza delle origini della Croce Rossa e del <acronym title='Diritto Internazionale Umanitario' lang='it'>DIU<\/acronym> \u00e8 una lacuna nella formazione dei giovani. Il Movimento della Croce Rossa e della Mezzaluna Rossa propongono dei principi e degli ideali che a mio avviso potrebbero essere un punto di riferimento di spessore per i giovani orientandoli nelle loro scelte future. Inoltre in questo modo si coinvolgerebbero in un\u2019esperienza di volontariato e di impegno nella societ\u00e0 che potrebbe supplire alle lacune e alle mancanze che oggi le Istituzioni non riescono a colmare. Sono convinto che campagne con \u201cHealt Care in Danger &#8211; Non sono un Bersaglio\u201d siano una buona occasione per veicolare i messaggi del <acronym title='Diritto Internazionale Umanitario' lang='it'>DIU<\/acronym>. Penso inoltre che il prossimo progetto che vedr\u00e0 impegnata la Croce Rossa con l\u2019accoglienza nei Pronto Soccorso siciliani sia motivo di stimolo per diffondere nella popolazione i nostri Principi, in modo da far comprendere sempre a pi\u00f9 persone il mondo della <acronym title='Croce Rossa Italiana' lang='it'>CRI<\/acronym>.<\/em><\/p>\n<p>&nbsp;<\/p>\n<p><strong class='userFormat1'>Contatti Web del Comitato <acronym title='Croce Rossa Italiana' lang='it'>CRI<\/acronym> di Ragusa<\/strong><\/p>\n<p><span lang='en'>Facebook<\/span><br \/><a href=\"https:\/\/www.facebook.com\/cri.ragusa1\/\" target=\"_blank\" rel=\"noopener\">https:\/\/www.facebook.com\/cri.ragusa1\/<\/a><\/p>\n<p>Instagram<br \/><a href=\"https:\/\/www.instagram.com\/crocerossaragusa\/\" target=\"_blank\" rel=\"noopener\">https:\/\/www.instagram.com\/crocerossaragusa\/<\/a><br \/>&nbsp;<br \/>Mail<br \/>ragusa@cri.it<\/p>\n<p>&nbsp;<\/p>\n<p>&nbsp;<\/p>\n<p><\/p>\n<\/div>\n<div class='viewLineBreak'>&nbsp;<\/div>\n<div>\n<hr class='viewHR BLOBAlignLeft' \/><\/div>\n<div class='viewPar BLOBAlignJustify'>\n<p ><em class='userFormat2'>di Michele Pappalardo, volontario della <acronym title='Croce Rossa Italiana' lang='it'>CRI<\/acronym> di Castelvetrano<\/em><br \/><em class='userFormat2'>Croce Rossa Italiana \u2013 Comitato Regionale della Sicilia<\/em><br \/><em class='userFormat2'>Staff Regionale Obiettivo 6 &#8211; &#8220;Sviluppo, comunicazione e promozione del volontariato&#8221;<\/em><\/p>\n<\/div>\n","protected":false},"excerpt":{"rendered":"<p>Oggi conosciamo meglio Francesco Fronte, Presidente del Comitato CRI di Ragusa. Composto da circa 200 soci, la Croce Rossa Italiana \u00e8 presente nel Comune almeno&nbsp; fin dal 1899, data riportata in un documento ritrovato dal presidente Fronte in cui si evince la presenza di una \u201cDelegazione\u201d, denominazione usata al tempo della CRI.<\/p>\n","protected":false},"author":47,"featured_media":5886,"comment_status":"open","ping_status":"open","sticky":false,"template":"","format":"standard","meta":{"_themeisle_gutenberg_block_has_review":false,"footnotes":""},"categories":[3,4,7,5,15],"tags":[],"class_list":["post-5885","post","type-post","status-publish","format-standard","has-post-thumbnail","hentry","category-comitato-sicilia","category-news","category-primo-piano-generico","category-secondo-piano-generico","category-sviluppo"],"interactive":false,"_links":{"self":[{"href":"https:\/\/cri.it\/sicilia\/wp-json\/wp\/v2\/posts\/5885","targetHints":{"allow":["GET"]}}],"collection":[{"href":"https:\/\/cri.it\/sicilia\/wp-json\/wp\/v2\/posts"}],"about":[{"href":"https:\/\/cri.it\/sicilia\/wp-json\/wp\/v2\/types\/post"}],"author":[{"embeddable":true,"href":"https:\/\/cri.it\/sicilia\/wp-json\/wp\/v2\/users\/47"}],"replies":[{"embeddable":true,"href":"https:\/\/cri.it\/sicilia\/wp-json\/wp\/v2\/comments?post=5885"}],"version-history":[{"count":0,"href":"https:\/\/cri.it\/sicilia\/wp-json\/wp\/v2\/posts\/5885\/revisions"}],"wp:featuredmedia":[{"embeddable":true,"href":"https:\/\/cri.it\/sicilia\/wp-json\/wp\/v2\/media\/5886"}],"wp:attachment":[{"href":"https:\/\/cri.it\/sicilia\/wp-json\/wp\/v2\/media?parent=5885"}],"wp:term":[{"taxonomy":"category","embeddable":true,"href":"https:\/\/cri.it\/sicilia\/wp-json\/wp\/v2\/categories?post=5885"},{"taxonomy":"post_tag","embeddable":true,"href":"https:\/\/cri.it\/sicilia\/wp-json\/wp\/v2\/tags?post=5885"}],"curies":[{"name":"wp","href":"https:\/\/api.w.org\/{rel}","templated":true}]}}