{"id":5630,"date":"2020-04-15T00:00:00","date_gmt":"2020-04-14T22:00:00","guid":{"rendered":"https:\/\/cri.it\/sicilia\/2020\/04\/15\/accordo-tra-cri-sicilia-e-sicily-by-car\/"},"modified":"2020-04-15T00:00:00","modified_gmt":"2020-04-14T22:00:00","slug":"accordo-tra-cri-sicilia-e-sicily-by-car","status":"publish","type":"post","link":"https:\/\/cri.it\/sicilia\/2020\/04\/15\/accordo-tra-cri-sicilia-e-sicily-by-car\/","title":{"rendered":"Accordo tra CRI Sicilia e Sicily by Car"},"content":{"rendered":"<h1 class=\"viewTitolo viewTitolo1\">Accordo tra <acronym title='Croce Rossa Italiana' lang='it'>CRI<\/acronym> Sicilia e Sicily by Car <\/h1>\n<h2 class=\"viewSottotitolo viewTitolo2\">Sicily by Car con Croce Rossa Italiana della Sicilia, insieme ci prendiamo cura di Voi!<\/h2>\n<div class='viewLineBreak'>&nbsp;<\/div>\n<div class='BLOBBlockAlignCenter'><img fetchpriority=\"high\" id='img-19' src='https:\/\/cri.it\/wp-content\/uploads\/cri-content\/images\/b\/0\/8\/D.3d10a785b1f1cb83f381\/Accordo_tra_CRI_Sicilia_e_Sicily_by_Car.png'  width=\"641\" height=\"160\" alt='Accordo tra CRI Sicilia e Sicily by Car ' class='viewImg' \/><\/div>\n<div class='BLOBFloatClear'><\/div>\n<div class='viewLineBreak'>&nbsp;<\/div>\n<div class='viewPar BLOBAlignJustify'>\n<p ><strong class='userFormat1'>Palermo, 10.04.2020.<\/strong> La Croce Rossa Italiana &#8211; Comitato Regionale Sicilia e Sicily by Car hanno stretto un importante accordo per garantire, su tutto il territorio regionale, una maggiore mobilit\u00e0 di risorse e volontari.&nbsp;<\/p>\n<p>&nbsp;<\/p>\n<p>In questo momento di emergenza le attivit\u00e0 della <acronym title='Croce Rossa Italiana' lang='it'>CRI<\/acronym> si sono intensificate, adattandosi a nuove esigenze per offrire supporto e assistenza alla persone pi\u00f9 vulnerabili. In tutta la Sicilia i Comitati <acronym title='Croce Rossa Italiana' lang='it'>CRI<\/acronym> hanno attivato una serie di servizi a supporto delle persone anziane sole, persone fragili o immunodepresse: spesa a domicilio, consegna farmaci e beni di prima necessit\u00e0, trasporti sanitari, grazie all&#8217;attivit\u00e0 senza sosta di migliaia di Volontari <acronym title='Croce Rossa Italiana' lang='it'>CRI<\/acronym> che in questo momento non dimenticano chi \u00e8 solo o in difficolt\u00e0.<\/p>\n<p>&nbsp;<\/p>\n<p><strong class='userFormat1'>Per supportare le attivit\u00e0 della <acronym title='Croce Rossa Italiana' lang='it'>CRI<\/acronym> nel territorio, Sicily by Car metter\u00e0 a disposizione, gratuitamente per 30 giorni, otto vetture station wagon e due furgoni<\/strong>. Gli automezzi verranno presi in consegna presso le strutture di Palermo e Catania, e serviranno ad implementare la disponibilit\u00e0 di mezzi messi a disposizione dal Comitato Nazionale della <acronym title='Croce Rossa Italiana' lang='it'>CRI<\/acronym> con altri operatori del settore.<\/p>\n<p>&nbsp;<\/p>\n<p>&#8220;<em class='userFormat2'>Sono onorato<\/em> &#8211; <strong class='userFormat1'>ha commentato Tommaso Dragotto, Presidente Sicily by Car <\/strong>&#8211;&nbsp; <em class='userFormat2'>per la realizzazione della partnership con la Croce Rossa Italiana. Questa iniziativa \u00e8 motivo d&#8217;orgoglio e di privilegio per Sicily by Car ma, ritengo ancor pi\u00f9, sia anche nostro assoluto dovere. Poter contribuire alla lotta al Covid-19, con la messa a disposizione gratuita dei nostri mezzi, \u00e8 un segnale per esprimere la mia personale vicinanza, e l&#8217;apprezzamento di tutti i collaboratori dell&#8217;azienda, allo sforzo eroico di tutti gli operatori sanitari, e del lavoro della Croce Rossa in particolare.&#8221; E continua: &#8220;Solo con la collaborazione e le buone pratiche di tutta la societ\u00e0 civile potremo sconfiggere questo terribile male. Sicily by Car non pu\u00f2 quindi sottrarsi a quella che oggi \u00e8 una chiamata alle armi contro un comune nemico. Sono certo che, grazie alla grande unit\u00e0 dimostrata dal popolo italiano, usciremo presto da questa gravissima situazione con un rinnovato senso di orgoglio nazionale e di responsabilit\u00e0 sociale d&#8217;impresa.<\/em>&#8221;&nbsp;&nbsp;<\/p>\n<p>&nbsp;<\/p>\n<p>&#8220;<em class='userFormat2'>Ho accolto con gioia <\/em>&#8211; <strong class='userFormat1'>ha dichiarato Luigi Corsaro, Presidente della Croce Rossa in Sicilia<\/strong> &#8211; <em class='userFormat2'>la realizzazione di questo accordo con un partner importante strategicamente in questo momento di emergenza. Il Comitato Regionale con tutti i Comitati <acronym title='Croce Rossa Italiana' lang='it'>CRI<\/acronym> della Sicilia sono impegnati a pieno per portare avanti #iltempodellagentilezza e dare assistenza a quante pi\u00f9 persone riusciamo a raggiungere. Un ringraziamento al Presidente Tommaso Dragotto per la sensibilit\u00e0 dimostrata che ci permetter\u00e0 di implementare ancora di pi\u00f9 i nostri servizi a favore delle fasce pi\u00f9 deboli delle nostre comunit\u00e0<\/em>\u201d.<\/p>\n<p>&nbsp;<\/p>\n<p>La nostra bella Sicilia \u00e8 testimone de Il<strong class='userFormat1'> #iltempodellagentilezza<\/strong> \u00e8 un circolo virtuoso di solidariet\u00e0 ed umanit\u00e0.<\/p>\n<p><\/p>\n<\/div>\n<p><!-- Start 2 col --><\/p>\n<div class='BLOBWidth100'>\n<div class='BLOBFloatLeft BLOBWidth50'>\n<div>\n<div class='viewPar BLOBAlignLeft'>\n<p ><strong class='userFormat1'>Sicily by Car&nbsp;<br \/><strong class='userFormat1'>Vittoria Scalici&nbsp;&nbsp;<br \/><\/strong><strong class='userFormat1'>Sales Manager&nbsp;<\/strong><br \/><strong class='userFormat1'>Mob. +39 3429945541&nbsp; &nbsp; &nbsp; &nbsp; &nbsp; &nbsp; &nbsp; &nbsp; &nbsp; &nbsp; &nbsp; &nbsp; &nbsp; &nbsp; &nbsp; &nbsp; &nbsp; &nbsp; &nbsp; &nbsp; &nbsp; &nbsp; &nbsp; &nbsp; &nbsp; &nbsp; &nbsp; &nbsp; &nbsp; &nbsp; &nbsp; &nbsp; &nbsp; &nbsp; &nbsp; &nbsp; &nbsp; &nbsp; &nbsp; &nbsp; &nbsp; &nbsp; &nbsp;&nbsp;<\/strong><br \/><\/strong><\/p>\n<\/div>\n<\/div>\n<\/div>\n<div class='BLOBFloatRight BLOBWidth50'>\n<div>\n<div class='viewPar BLOBAlignRight'>\n<p ><strong class='userFormat1'>Croce Rossa italiana- Comitato Reg. Sicilia<br \/><\/strong><strong class='userFormat1'>DTR Obiettivo 6 Comunicazione, Sviluppo e<\/strong><br \/><strong class='userFormat1'>Promozione del Volontariato<\/strong><br \/><strong class='userFormat1'>Fabiola Brignone Mob. +39 333 2294545<\/strong><\/p>\n<p><\/p>\n<\/div>\n<\/div>\n<\/div>\n<div class='BLOBFloatClear BLOBRow1px'>&nbsp;<\/div>\n<\/div>\n<p><!-- End 2 col --><\/p>\n<div class='viewLineBreak'>&nbsp;<\/div>\n<div class='BLOBBlockAlignLeft'><img id='img-20' src='https:\/\/cri.it\/wp-content\/uploads\/cri-content\/images\/4\/a\/e\/D.e32ddb223e892efa18d9\/IMG_9920.jpg' width=\"699\" height=\"380\" alt='Accordo tra CRI Sicilia e Sicily by Car ' class='viewImg' \/><\/div>\n<div class='BLOBFloatClear'><\/div>\n<div class='BLOBBlockAlignLeft'><img id='img-21' src='https:\/\/cri.it\/wp-content\/uploads\/cri-content\/images\/b\/c\/8\/D.3ea0fe403a590289c5f7\/IMG_0253.JPG' width=\"700\" height=\"384\" alt='Accordo tra CRI Sicilia e Sicily by Car ' class='viewImg' \/><\/div>\n<div class='BLOBFloatClear'><\/div>\n","protected":false},"excerpt":{"rendered":"<p>Sicily by Car con Croce Rossa Italiana della Sicilia, insieme ci prendiamo cura di Voi!<\/p>\n<p>Palermo, 10.04.2020.&nbsp;La Croce Rossa Italiana &#8211; Comitato Regionale Sicilia e Sicily by Car hanno stretto un importante accordo per garantire, su tutto il territorio regionale, una maggiore mobilit\u00e0 di risorse e volontari.&nbsp;<\/p>\n","protected":false},"author":47,"featured_media":5631,"comment_status":"open","ping_status":"open","sticky":false,"template":"","format":"standard","meta":{"_themeisle_gutenberg_block_has_review":false,"footnotes":""},"categories":[3,13,4,7,8,9,5,15],"tags":[],"class_list":["post-5630","post","type-post","status-publish","format-standard","has-post-thumbnail","hentry","category-comitato-sicilia","category-emergenze","category-news","category-primo-piano-generico","category-primo-piano-attivita","category-salute","category-secondo-piano-generico","category-sviluppo"],"interactive":false,"_links":{"self":[{"href":"https:\/\/cri.it\/sicilia\/wp-json\/wp\/v2\/posts\/5630","targetHints":{"allow":["GET"]}}],"collection":[{"href":"https:\/\/cri.it\/sicilia\/wp-json\/wp\/v2\/posts"}],"about":[{"href":"https:\/\/cri.it\/sicilia\/wp-json\/wp\/v2\/types\/post"}],"author":[{"embeddable":true,"href":"https:\/\/cri.it\/sicilia\/wp-json\/wp\/v2\/users\/47"}],"replies":[{"embeddable":true,"href":"https:\/\/cri.it\/sicilia\/wp-json\/wp\/v2\/comments?post=5630"}],"version-history":[{"count":0,"href":"https:\/\/cri.it\/sicilia\/wp-json\/wp\/v2\/posts\/5630\/revisions"}],"wp:featuredmedia":[{"embeddable":true,"href":"https:\/\/cri.it\/sicilia\/wp-json\/wp\/v2\/media\/5631"}],"wp:attachment":[{"href":"https:\/\/cri.it\/sicilia\/wp-json\/wp\/v2\/media?parent=5630"}],"wp:term":[{"taxonomy":"category","embeddable":true,"href":"https:\/\/cri.it\/sicilia\/wp-json\/wp\/v2\/categories?post=5630"},{"taxonomy":"post_tag","embeddable":true,"href":"https:\/\/cri.it\/sicilia\/wp-json\/wp\/v2\/tags?post=5630"}],"curies":[{"name":"wp","href":"https:\/\/api.w.org\/{rel}","templated":true}]}}