{"id":45,"date":"2018-05-24T00:00:00","date_gmt":"2018-05-23T22:00:00","guid":{"rendered":"https:\/\/sito.cri.intra\/sicilia\/2018\/05\/24\/sicilia-giornata-della-legalita-la-cri-ricorda-la-strage-di-capaci-e-promuove-il-senso-civico-con-il-progetto-anche-io-posso\/"},"modified":"2018-05-24T00:00:00","modified_gmt":"2018-05-23T22:00:00","slug":"sicilia-giornata-della-legalita-la-cri-ricorda-la-strage-di-capaci-e-promuove-il-senso-civico-con-il-progetto-anche-io-posso","status":"publish","type":"post","link":"https:\/\/cri.it\/sicilia\/2018\/05\/24\/sicilia-giornata-della-legalita-la-cri-ricorda-la-strage-di-capaci-e-promuove-il-senso-civico-con-il-progetto-anche-io-posso\/","title":{"rendered":"Sicilia &#8211; Giornata della Legalit\u00e0: La CRI ricorda la strage di Capaci e promuove il senso civico con il progetto &#8216;Anche io Posso&#8217;"},"content":{"rendered":"<h1 >Sicilia &#8211; Giornata della Legalit\u00e0: La <acronym title='Croce Rossa Italiana' lang='it'>CRI<\/acronym> ricorda la strage di Capaci e promuove il senso civico con il progetto &#039;Anche io Posso&#039;<\/h1>\n<h2 >Vivere il senso civico \u00e8 possibile attraverso piccoli gesti quotidiani<\/h2>\n<div >\u00a0<\/div>\n<div ><img fetchpriority=\"high\"  src='http:\/\/cri.it\/wp-content\/uploads\/cri-content\/images\/1\/1\/d\/D.41de6435b4f6dde51d01\/banner_WEB.jpg'  width=\"499\" height=\"221\" alt='Vivere il senso civico \u00e8 possibile attraverso piccoli gesti quotidiani'  \/><\/div>\n<div ><\/div>\n<div >\u00a0<\/div>\n<div >\n<p >La <strong >coscienza di essere parte di una comunit\u00e0<\/strong> verso cui abbiamo delle responsabilit\u00e0 influenza la qualit\u00e0 stessa delle nostre vite. I cittadini dipendono gli uni dagli altri e un legame di collaborazione pu\u00f2 contribuire a migliorare la societ\u00e0 in cui viviamo e a tutelare i beni condivisi di una stessa comunit\u00e0.\u00a0<\/p>\n<p>Stiamo parlando del <strong >senso civico<\/strong>, quella visione della vita sociale che si propone di riunire tutti gli abitanti di una collettivit\u00e0 intorno a valori positivi, in modo che si sviluppi un sentimento diffuso di fiducia reciproca.<br \/>\u00a0<br \/>Il <strong >23 maggio del 1992<\/strong>, sull\u2019autostrada A29, nei pressi di <strong >Capaci <\/strong>e poco distante da Palermo, il magistrato <strong >Giovanni Falcone resta vittima di un attentato<\/strong> insieme alla moglie Francesca Morvillo e \u200bi \u200btre agenti della scorta\u200b Vito Schifani, Rocco Dicillo\u200b e\u200b Antonio Montinaro\u200b. <\/p>\n<p>Da sempre impegnato nella lotta alla mafia, Falcone \u00e8 oggi simbolo di quel senso civico su cui la giornata del 23 maggio invita a riflettere. Da quel giorno, sono molte le iniziative portate avanti per combattere la criminalit\u00e0 organizzata e promuovere attivit\u00e0 di educazione alla legalit\u00e0.<\/p>\n<p><strong ><acronym title='Croce Rossa Italiana' lang='it'>CRI<\/acronym> Sicilia<\/strong> \u00e8 da sempre impegnata sul fronte dell\u2019<strong >educazione alla cittadinanza attiva e alla legalit\u00e0<\/strong>, puntando soprattutto sui giovani affinch\u00e9 siano agenti di cambiamento non soltanto per il futuro ma a partire dal momento presente, attraverso l&#8217;impegno quotidiano.<\/p>\n<p>Una delle molte iniziative pensate proprio dai <strong >Giovani <acronym title='Croce Rossa Italiana' lang='it'>CRI<\/acronym> della Sicilia<\/strong> \u00e8 il <a href='https:\/\/cri.it\/anche-io-posso'>progetto \u2018Anche io posso\u2019<\/a>, nato per promuovere il valore del volontariato e lanciare un messaggio preciso: ognuno di noi ha in mano, in ogni momento della giornata, la carta giusta da giocare per fare qualcosa di utile per gli altri.<\/p>\n<p>Come affermava <strong >Falcone<\/strong>, \u201c<em >Perch\u00e9 una societ\u00e0 vada bene, si muova nel progresso, nell&#8217;esaltazione dei valori della famiglia, dello spirito, del bene, dell\u2019amicizia, perch\u00e9 prosperi senza contrasti tra i vari consociati, per avviarsi serena nel cammino verso un domani migliore, <strong >basta che ognuno faccia il suo dovere<\/strong><\/em>\u201d.<\/p>\n<p><strong >Vivere il senso civico nella quotidianit\u00e0<\/strong> \u00e8 possibile, bastano pochi piccoli gesti ogni giorno per migliorare insieme la vita di una collettivit\u00e0. La <strong >Carta Umanit\u00e0<\/strong>, ideata dai Giovani <acronym title='Croce Rossa Italiana' lang='it'>CRI<\/acronym> all\u2019interno del progetto &#8220;Anche io posso\u201d, \u00e8 un \u201ctestimone\u201d che viene passato di mano in mano ogni volta che si fa una buona azione verso qualcuno che, a sua volta, far\u00e0 lo stesso. In questo modo, ogni persona pu\u00f2 sperimentare sia l\u2019azione del \u2018fare\u2019 un gesto volontario, sia il \u2018ricevere\u2019 tale gesto.<\/p>\n<p>\u201c<em >Le tante ragioni che spingono milioni di persone nel mondo a impegnarsi giornalmente per gli altri non sono spesso sufficienti per far s\u00ec che nuove persone si avvicinino al volontariato e sviluppino il loro senso civico. Farne esperienza in prima persona, ogni giorno, \u00e8 il modo migliore per comprendere perch\u00e9 ne vale la pena<\/em>\u201d, afferma Luigi Corsaro, Presidente <acronym title='Croce Rossa Italiana' lang='it'>CRI<\/acronym> Sicilia.\u00a0<\/p>\n<p>Partendo dalle scuole, passando per le case e le piazze fino ai luoghi di ritrovo, i Volontari <acronym title='Croce Rossa Italiana' lang='it'>CRI<\/acronym> della Sicilia cercheranno di coinvolgere l\u2019intera collettivit\u00e0 in questa iniziativa proprio con l\u2019intento di trasmettere il valore del volontariato e della cittadinanza attiva tramite <strong >esperienze fatte in prima persona<\/strong>.<\/p>\n<p>\u00c8 gi\u00e0 arrivata la Carta Umanit\u00e0 nella tua citt\u00e0? Hai ricevuto una buona azione e una Carta Umanit\u00e0, ma non sapresti quale buona azione fare? <a href='https:\/\/cri.it\/anche-io-posso'>Qui troverai qualche esempio!<\/a><\/p>\n<p>Ricorda che puoi sempre richiederne una scrivendo a ancheioposso@sicilia.cri.it. La riceverai subito!<\/p>\n<p>Quindi, che aspetti? Metti in pratica il tuo senso civico e non interrompere la catena!<\/p>\n<\/div>\n","protected":false},"excerpt":{"rendered":"<p>La\u00a0coscienza di essere parte di una comunit\u00e0\u00a0verso cui abbiamo delle responsabilit\u00e0 influenza la qualit\u00e0 stessa delle nostre vite. I cittadini dipendono gli uni dagli altri e un legame di collaborazione pu\u00f2 contribuire a migliorare la societ\u00e0 in cui viviamo e a tutelare i beni condivisi di una stessa comunit\u00e0.\u00a0<\/p>\n<p>Stiamo parlando del\u00a0senso civico, quella visione della vita sociale che si propone di riunire tutti gli abitanti di una collettivit\u00e0 intorno a valori positivi, in modo che si sviluppi un sentimento diffuso di fiducia reciproca.<\/p>\n","protected":false},"author":18,"featured_media":46,"comment_status":"closed","ping_status":"closed","sticky":false,"template":"","format":"standard","meta":{"_themeisle_gutenberg_block_has_review":false,"footnotes":""},"categories":[3,13,10,4,11,7,8,14,9,5,12,15],"tags":[],"class_list":["post-45","post","type-post","status-publish","format-standard","has-post-thumbnail","hentry","category-comitato-sicilia","category-emergenze","category-giovani","category-news","category-notizie-dal-territorio","category-primo-piano-generico","category-primo-piano-attivita","category-principi-e-valori","category-salute","category-secondo-piano-generico","category-sociale","category-sviluppo"],"interactive":false,"_links":{"self":[{"href":"https:\/\/cri.it\/sicilia\/wp-json\/wp\/v2\/posts\/45","targetHints":{"allow":["GET"]}}],"collection":[{"href":"https:\/\/cri.it\/sicilia\/wp-json\/wp\/v2\/posts"}],"about":[{"href":"https:\/\/cri.it\/sicilia\/wp-json\/wp\/v2\/types\/post"}],"author":[{"embeddable":true,"href":"https:\/\/cri.it\/sicilia\/wp-json\/wp\/v2\/users\/18"}],"replies":[{"embeddable":true,"href":"https:\/\/cri.it\/sicilia\/wp-json\/wp\/v2\/comments?post=45"}],"version-history":[{"count":0,"href":"https:\/\/cri.it\/sicilia\/wp-json\/wp\/v2\/posts\/45\/revisions"}],"wp:featuredmedia":[{"embeddable":true,"href":"https:\/\/cri.it\/sicilia\/wp-json\/wp\/v2\/media\/46"}],"wp:attachment":[{"href":"https:\/\/cri.it\/sicilia\/wp-json\/wp\/v2\/media?parent=45"}],"wp:term":[{"taxonomy":"category","embeddable":true,"href":"https:\/\/cri.it\/sicilia\/wp-json\/wp\/v2\/categories?post=45"},{"taxonomy":"post_tag","embeddable":true,"href":"https:\/\/cri.it\/sicilia\/wp-json\/wp\/v2\/tags?post=45"}],"curies":[{"name":"wp","href":"https:\/\/api.w.org\/{rel}","templated":true}]}}