{"id":3244,"date":"2016-06-16T00:00:00","date_gmt":"2016-06-15T22:00:00","guid":{"rendered":"https:\/\/sito.cri.intra\/sicilia\/2016\/06\/16\/c-r-i-trinacria-camp-gioventu-in-azione\/"},"modified":"2016-06-16T00:00:00","modified_gmt":"2016-06-15T22:00:00","slug":"c-r-i-trinacria-camp-gioventu-in-azione","status":"publish","type":"post","link":"https:\/\/cri.it\/sicilia\/2016\/06\/16\/c-r-i-trinacria-camp-gioventu-in-azione\/","title":{"rendered":"C.R.I. \u201cTrinaCRIa Camp-Giovent\u00f9 in Azione\u201d"},"content":{"rendered":"<h1 ><acronym title='Croce Rossa Italiana' lang='it'>C.R.I.<\/acronym> &#8220;TrinaCRIa Camp-Giovent\u00f9 in Azione&#8221;<\/h1>\n<div >\u00a0<\/div>\n<div >\n<div ><img fetchpriority=\"high\"  src='http:\/\/cri.it\/wp-content\/uploads\/cri-content\/images\/a\/d\/3\/D.c5bfb514702e0251107e\/IMG_20140813_WA0025555.jpg' width=\"355\" height=\"355\" alt='' \/><\/div>\n<div >\n<p>Elenchi partecipanti &#8220;TrinaCRIa Camp-Giovent\u00f9 in Azione\u201d<br \/>Facendo seguito all\u2019O.P. 30 giugno 2014, n. 54, il Presidente Regionale ha comunicato che, viste le adesioni pervenute, questo Comitato Regionale <acronym title='Croce Rossa Italiana' lang='it'>C.R.I.<\/acronym> della Sicilia ha disposto l\u2019attivazione di tutti e cinque i corsi formativi previsti all\u2019interno del\u00a0<strong >Campo Regionale di Formazione dei Giovani della <acronym title='Croce Rossa Italiana' lang='it'>C.R.I.<\/acronym>\u00a0\u201c<\/strong><strong >TrinaCRIa Camp-Giovent\u00f9 in Azione\u201d.<\/strong><br \/>Si comunica, inoltre, che:<\/p>\n<p>il Campo si svolger\u00e0 presso la Residenza Universitaria &#8220;San Saverio&#8221;, via Giovanni di Cristina, n. 7 in Palermo (Zona Policlinico Universitario, Corso Tukory);<\/p>\n<p>l\u2019arrivo per tutti i partecipanti \u00e8 previsto entro e non oltre le ore 14:00 di mercoled\u00ec 20 agosto; la partenza sar\u00e0 possibile dopo le ore 17:00 del 24 agosto 2014. <strong >Non sono ammesse eccezioni<\/strong>. <br \/>\u00c8 obbligatorio, per tutti i partecipanti e per lo staff, venire al Campo muniti di fotocopia del proprio documento di identit\u00e0, da consegnare al momento dell&#8217;arrivo, pena la non ammissione al campo stesso. <br \/>(Per i minorenni \u00e8 necessario consegnare anche la fotocopia del documento del genitore\/tutore legale).<\/p>\n<p>tutti i partecipanti ai corsi dovranno indossare l\u2019uniforme <acronym title='Croce Rossa Italiana' lang='it'>C.R.I.<\/acronym> operativa;<\/p>\n<p>le spese di vitto e alloggio sono a carico del Comitato Regionale. Il pernottamento e i pasti sono obbligatori, dalla cena del 20 agosto al pranzo del 24 agosto incluso. Il pernottamento avverr\u00e0 in camere singole, doppie o triple.<br \/>\u00c8 necessario che i partecipanti portino con s\u00e9 gli effetti per l\u2019igiene personale, lenzuola\/saccopelo, cuscino, costume per la doccia ed asciugamani\/accappatoio.<\/p>\n<p>Per ulteriori informazioni \u00e8 possibile contattare il Centro di Formazione Regionale <acronym title='Croce Rossa Italiana' lang='it'>C.R.I.<\/acronym> della Sicilia <a href='mailto:formazione@sicilia.cri.it'>formazione@sicilia.cri.it<\/a><\/p>\n<p><\/p>\n<\/div>\n<div >\u00a0<\/div>\n<\/div>\n<div >\u00a0<\/div>\n<div >\n<div >\n<p>\u00a0<\/p>\n<\/div>\n<div >\u00a0<\/div>\n<\/div>\n<div >\u00a0<\/div>\n<div ><a title='Campo Regionale di formazione dei Giovani della C.R.I. TrinaCRIa Camp-Giovent\u00f9 in Azione ' href=\"http:\/\/cri.it\/wp-content\/uploads\/cri-content\/files\/3\/5\/7\/D.372a56fecee37e249228\/Campo_Regionale_di_formazione_dei_Giovani_della_C.R.I._TrinaCRIa_Camp_Giovent___in_Azione.pdf\" class=\"mtli_attachment mtli_pdf\"  ><img   src='http:\/\/cri.it\/wp-content\/uploads\/cri-content\/images\/d\/f\/c\/D.2c5bf1fabe3a8cf765bc\/logo_pdf__2_.png' width=\"21\" height=\"21\" alt='File in formato PDF' \/>Campo Regionale di formazione dei Giovani della C.R.I. TrinaCRIa Camp-Giovent\u00f9 in Azione<span ><\/span><\/a><span >.<\/span><\/div>\n<div >\u00a0<\/div>\n<div >\u00a0<\/div>\n","protected":false},"excerpt":{"rendered":"<p>Si comunica, inoltre, che:il Campo si svolger\u00e0 presso la Residenza Universitaria &#8220;San Saverio&#8221;, via Giovanni di Cristina, n. 7 in Palermo (Zona Policlinico Universitario, Corso Tukory);l\u2019arrivo per tutti i partecipanti \u00e8 previsto entro e non oltre le&#8230;<\/p>\n","protected":false},"author":18,"featured_media":3246,"comment_status":"closed","ping_status":"closed","sticky":false,"template":"","format":"standard","meta":{"_themeisle_gutenberg_block_has_review":false,"footnotes":""},"categories":[3,4,5],"tags":[],"class_list":["post-3244","post","type-post","status-publish","format-standard","has-post-thumbnail","hentry","category-comitato-sicilia","category-news","category-secondo-piano-generico"],"interactive":false,"_links":{"self":[{"href":"https:\/\/cri.it\/sicilia\/wp-json\/wp\/v2\/posts\/3244","targetHints":{"allow":["GET"]}}],"collection":[{"href":"https:\/\/cri.it\/sicilia\/wp-json\/wp\/v2\/posts"}],"about":[{"href":"https:\/\/cri.it\/sicilia\/wp-json\/wp\/v2\/types\/post"}],"author":[{"embeddable":true,"href":"https:\/\/cri.it\/sicilia\/wp-json\/wp\/v2\/users\/18"}],"replies":[{"embeddable":true,"href":"https:\/\/cri.it\/sicilia\/wp-json\/wp\/v2\/comments?post=3244"}],"version-history":[{"count":0,"href":"https:\/\/cri.it\/sicilia\/wp-json\/wp\/v2\/posts\/3244\/revisions"}],"wp:featuredmedia":[{"embeddable":true,"href":"https:\/\/cri.it\/sicilia\/wp-json\/wp\/v2\/media\/3246"}],"wp:attachment":[{"href":"https:\/\/cri.it\/sicilia\/wp-json\/wp\/v2\/media?parent=3244"}],"wp:term":[{"taxonomy":"category","embeddable":true,"href":"https:\/\/cri.it\/sicilia\/wp-json\/wp\/v2\/categories?post=3244"},{"taxonomy":"post_tag","embeddable":true,"href":"https:\/\/cri.it\/sicilia\/wp-json\/wp\/v2\/tags?post=3244"}],"curies":[{"name":"wp","href":"https:\/\/api.w.org\/{rel}","templated":true}]}}