{"id":3202,"date":"2016-06-16T00:00:00","date_gmt":"2016-06-15T22:00:00","guid":{"rendered":"https:\/\/sito.cri.intra\/sicilia\/2016\/06\/16\/attivazione-ae-sic-2014-ed-elenchi-partecipanti\/"},"modified":"2016-06-16T00:00:00","modified_gmt":"2016-06-15T22:00:00","slug":"attivazione-ae-sic-2014-ed-elenchi-partecipanti","status":"publish","type":"post","link":"https:\/\/cri.it\/sicilia\/2016\/06\/16\/attivazione-ae-sic-2014-ed-elenchi-partecipanti\/","title":{"rendered":"Attivazione\u00a0\u00a0\u201cAE SIC\u00a02014\u201d ed elenchi partecipanti"},"content":{"rendered":"<h1 >Attivazione\u00a0\u00a0\u201cAE SIC\u00a02014\u201d ed elenchi partecipanti<\/h1>\n<div >\u00a0<\/div>\n<div >\n<div ><img fetchpriority=\"high\"  src='http:\/\/cri.it\/wp-content\/uploads\/cri-content\/images\/b\/3\/e\/D.e7339e5402f20ed35921\/Logo_AE_Sicilia_02.jpg' width=\"366\" height=\"274\" alt='' \/><\/div>\n<div >\n<p>Facendo seguito alla nota n. 2683 del 26 giugno 2014, e viste le adesioni pervenute, il Presidente del Comitato Regionale\u3000<acronym title='Croce Rossa Italiana' lang='it'>C.R.I.<\/acronym> della Sicilia ha disposto l\u2019attivazione dei seguenti dieci corsi formativi all\u2019interno del II Campo Regionale di Formazione per le Attivit\u00e0 in Emergenza &#8220;AE SIC 2014&#8221;:<\/p>\n<p><strong >&#8211; Operatore di Sala Operativa <acronym title='Croce Rossa Italiana' lang='it'>C.R.I.<\/acronym><br \/><\/strong><br \/><strong >&#8211; Cartografia, orientamento sistemi GPS<\/p>\n<p>&#8211; Operatore Telecomunicazioni in emergenza<\/p>\n<p>&#8211; HACCP<\/p>\n<p>&#8211; Operatore <em >Climate<\/em><br \/><\/strong><em ><br \/><\/em><strong >&#8211; Team Building<\/p>\n<p>&#8211; Aggiornamento OPSA<\/p>\n<p>&#8211; Aggiornamento NBCR<\/p>\n<p>&#8211; Aggiornamento per Istruttori di Protezione Civile<\/p>\n<p>&#8211; Workshop SMTS.<\/p>\n<p><\/strong><br \/>Si ricorda che:<\/p>\n<p>1) il Campo si svolger\u00e0 presso il Seminario Vescovile di Contrada &#8220;Montagna Gebbia&#8221;, in Piazza Armerina (EN);<\/p>\n<p>2) tutti i partecipanti ai corsi dovranno indossare l\u2019uniforme <acronym title='Croce Rossa Italiana' lang='it'>C.R.I.<\/acronym> Operativa;<\/p>\n<p>3) le spese di vitto e alloggio sono a carico del Comitato Regionale. Il pernottamento e i pasti sono obbligatori, salvo casi specifici da concordare con l\u2019organizzazione. Il pernottamento avverr\u00e0 in camera doppie o triple. \u00c8 necessario che i partecipanti portino con s\u00e8 gli effetti per l\u2019igiene personale, lenzuola\/saccopelo ed asciugamani. Per i corsi con termine alle ore 15:00 e per quelli con termine alle ore 20:00 il pasto finale \u00e8 incluso.<\/p>\n<p>Per ulteriori informazioni \u00e8 possibile contattare il Centro di Formazione Regionale\u3000<acronym title='Croce Rossa Italiana' lang='it'>C.R.I.<\/acronym>\u3000della Sicilia (<a href='http:\/\/cri.it\/flex\/cm\/pages\/ServeBLOB.php\/L\/IT\/IDPagina\/%22%22'><em >formazione@sicilia.cri.it<\/em><\/a>).<\/p>\n<\/div>\n<div >\u00a0<\/div>\n<\/div>\n<div >\u00a0<\/div>\n<div >\n<div >\n<p>\u00a0<\/p>\n<\/div>\n<div >\u00a0<\/div>\n<\/div>\n<div >\u00a0<\/div>\n<div ><a title='II Campo Regionale di formazione in emergenza AE SIC 14  ' href=\"http:\/\/cri.it\/wp-content\/uploads\/cri-content\/files\/9\/7\/8\/D.13e04c5bd13780b4d184\/II_Campo_Regionale_di_formazione_in_emergenza_AE_SIC_14__.pdf\" class=\"mtli_attachment mtli_pdf\"  ><img   src='http:\/\/cri.it\/wp-content\/uploads\/cri-content\/images\/6\/f\/5\/D.5a9b7f7427cba07b1e0c\/logo_pdf.png' width=\"21\" height=\"21\" alt='File in formato PDF' \/>II Campo Regionale di formazione in emergenza AE SIC 14 <span ><\/span><\/a><span >.<\/span><\/div>\n<div >\u00a0<\/div>\n<div >\u00a0<\/div>\n","protected":false},"excerpt":{"rendered":"<p>Facendo seguito alla nota n. 2683 del 26 giugno 2014, e viste le adesioni pervenute, il Presidente del Comitato Regionale C.R.I. della Sicilia ha disposto l\u2019attivazione di dieci corsi formativi all\u2019interno del..<\/p>\n","protected":false},"author":18,"featured_media":3203,"comment_status":"closed","ping_status":"closed","sticky":false,"template":"","format":"standard","meta":{"_themeisle_gutenberg_block_has_review":false,"footnotes":""},"categories":[3,4,5],"tags":[],"class_list":["post-3202","post","type-post","status-publish","format-standard","has-post-thumbnail","hentry","category-comitato-sicilia","category-news","category-secondo-piano-generico"],"interactive":false,"_links":{"self":[{"href":"https:\/\/cri.it\/sicilia\/wp-json\/wp\/v2\/posts\/3202","targetHints":{"allow":["GET"]}}],"collection":[{"href":"https:\/\/cri.it\/sicilia\/wp-json\/wp\/v2\/posts"}],"about":[{"href":"https:\/\/cri.it\/sicilia\/wp-json\/wp\/v2\/types\/post"}],"author":[{"embeddable":true,"href":"https:\/\/cri.it\/sicilia\/wp-json\/wp\/v2\/users\/18"}],"replies":[{"embeddable":true,"href":"https:\/\/cri.it\/sicilia\/wp-json\/wp\/v2\/comments?post=3202"}],"version-history":[{"count":0,"href":"https:\/\/cri.it\/sicilia\/wp-json\/wp\/v2\/posts\/3202\/revisions"}],"wp:featuredmedia":[{"embeddable":true,"href":"https:\/\/cri.it\/sicilia\/wp-json\/wp\/v2\/media\/3203"}],"wp:attachment":[{"href":"https:\/\/cri.it\/sicilia\/wp-json\/wp\/v2\/media?parent=3202"}],"wp:term":[{"taxonomy":"category","embeddable":true,"href":"https:\/\/cri.it\/sicilia\/wp-json\/wp\/v2\/categories?post=3202"},{"taxonomy":"post_tag","embeddable":true,"href":"https:\/\/cri.it\/sicilia\/wp-json\/wp\/v2\/tags?post=3202"}],"curies":[{"name":"wp","href":"https:\/\/api.w.org\/{rel}","templated":true}]}}