{"id":3067,"date":"2016-06-16T00:00:00","date_gmt":"2016-06-15T22:00:00","guid":{"rendered":"https:\/\/sito.cri.intra\/sicilia\/2016\/06\/16\/la-cri-sicilia-al-convegno-sicilia-frontiera-della-speranza-contro-la-poverta-sanitaria\/"},"modified":"2016-06-16T00:00:00","modified_gmt":"2016-06-15T22:00:00","slug":"la-cri-sicilia-al-convegno-sicilia-frontiera-della-speranza-contro-la-poverta-sanitaria","status":"publish","type":"post","link":"https:\/\/cri.it\/sicilia\/2016\/06\/16\/la-cri-sicilia-al-convegno-sicilia-frontiera-della-speranza-contro-la-poverta-sanitaria\/","title":{"rendered":"La CRI Sicilia al convegno\u00a0\u201cSicilia: Frontiera della speranza contro la povert\u00e0 sanitaria\u201d"},"content":{"rendered":"<h1 >La <acronym title='Croce Rossa Italiana' lang='it'>CRI<\/acronym> Sicilia al convegno\u00a0\u201cSicilia: Frontiera della speranza contro la povert\u00e0 sanitaria\u201d<\/h1>\n<div >\u00a0<\/div>\n<div >\n<div ><img  src='http:\/\/cri.it\/wp-content\/uploads\/cri-content\/images\/9\/a\/9\/D.0efa5fa23a370328a9d6\/pharmevolution_logo24.png' width=\"386\" height=\"96\" alt='La CRI Sicilia al convegno \u201cSicilia: Frontiera della speranza contro la povert\u00e0 sanitaria\u201d' \/><\/div>\n<div >\n<p>Si \u00e8 tenuto sabato 27 settembre 2014, presso EtnaFiere, il Convegno \u201cSicilia: Frontiera della speranza contro la povert\u00e0 sanitaria\u201d, organizzato all\u2019interno della quarta edizione di Pharmevolution, la convention-evento della farmaceutica, che\u00a0 quest\u2019anno ha ospitato 72 espositori negli oltre tremila metri quadrati di area fieristica, una trentina di relatori tra i pi\u00f9 autorevoli esperti in campo farmaceutico, 12 convegni, 4 corsi Ecm e un corso Fad.<br \/>\u00a0Al Convegno hanno preso parte Paolo Gradnik (Presidente Fondazione Banco Farmaceutico) Don Vincenzo Cosentino (Direttore Caritas Piana degli Albanesi) e Graziano Grancagnolo, Referente Regionale <acronym title='Croce Rossa Italiana' lang='it'>C.R.I.<\/acronym> per le Unit\u00e0 di Strada, il quale si \u00e8 soffermato sui numeri dei senza fissa dimora, sulle attivit\u00e0 loro rivolte, sull\u2019accoglienza umanitaria agli sbarchi e sulla necessit\u00e0 di rendere forti ed inclusive le nostre comunit\u00e0 locali.<br \/>\u00a0<\/p>\n<\/div>\n<div >\u00a0<\/div>\n<\/div>\n<div >\u00a0<\/div>\n<div >\n<div >\n<p>\u00a0<\/p>\n<\/div>\n<div >\u00a0<\/div>\n<\/div>\n<div >\u00a0<\/div>\n<div >\u00a0<\/div>\n<div >\u00a0<\/div>\n","protected":false},"excerpt":{"rendered":"<p>Si \u00e8 tenuto sabato 27 settembre 2014, presso EtnaFiere, il Convegno \u201cSicilia: Frontiera della speranza contro la povert\u00e0 sanitaria\u201d, organizzato all\u2019interno della&#8230;.<\/p>\n","protected":false},"author":18,"featured_media":3068,"comment_status":"closed","ping_status":"closed","sticky":false,"template":"","format":"standard","meta":{"_themeisle_gutenberg_block_has_review":false,"footnotes":""},"categories":[3,4,5],"tags":[],"class_list":["post-3067","post","type-post","status-publish","format-standard","has-post-thumbnail","hentry","category-comitato-sicilia","category-news","category-secondo-piano-generico"],"interactive":false,"_links":{"self":[{"href":"https:\/\/cri.it\/sicilia\/wp-json\/wp\/v2\/posts\/3067","targetHints":{"allow":["GET"]}}],"collection":[{"href":"https:\/\/cri.it\/sicilia\/wp-json\/wp\/v2\/posts"}],"about":[{"href":"https:\/\/cri.it\/sicilia\/wp-json\/wp\/v2\/types\/post"}],"author":[{"embeddable":true,"href":"https:\/\/cri.it\/sicilia\/wp-json\/wp\/v2\/users\/18"}],"replies":[{"embeddable":true,"href":"https:\/\/cri.it\/sicilia\/wp-json\/wp\/v2\/comments?post=3067"}],"version-history":[{"count":0,"href":"https:\/\/cri.it\/sicilia\/wp-json\/wp\/v2\/posts\/3067\/revisions"}],"wp:featuredmedia":[{"embeddable":true,"href":"https:\/\/cri.it\/sicilia\/wp-json\/wp\/v2\/media\/3068"}],"wp:attachment":[{"href":"https:\/\/cri.it\/sicilia\/wp-json\/wp\/v2\/media?parent=3067"}],"wp:term":[{"taxonomy":"category","embeddable":true,"href":"https:\/\/cri.it\/sicilia\/wp-json\/wp\/v2\/categories?post=3067"},{"taxonomy":"post_tag","embeddable":true,"href":"https:\/\/cri.it\/sicilia\/wp-json\/wp\/v2\/tags?post=3067"}],"curies":[{"name":"wp","href":"https:\/\/api.w.org\/{rel}","templated":true}]}}