{"id":2788,"date":"2016-06-16T00:00:00","date_gmt":"2016-06-15T22:00:00","guid":{"rendered":"https:\/\/sito.cri.intra\/sicilia\/2016\/06\/16\/giornata-internazionale-della-persona-con-disabilita\/"},"modified":"2016-06-16T00:00:00","modified_gmt":"2016-06-15T22:00:00","slug":"giornata-internazionale-della-persona-con-disabilita","status":"publish","type":"post","link":"https:\/\/cri.it\/sicilia\/2016\/06\/16\/giornata-internazionale-della-persona-con-disabilita\/","title":{"rendered":"Giornata internazionale della persona con disabilit\u00e0"},"content":{"rendered":"<h1 >Giornata internazionale della persona con disabilit\u00e0<\/h1>\n<div >\u00a0<\/div>\n<div >\n<div ><img fetchpriority=\"high\"  src='http:\/\/cri.it\/wp-content\/uploads\/cri-content\/images\/0\/7\/a\/D.46386c3bd92907caa53b\/Disability_Day.jpg' width=\"350\" height=\"201\" alt='' \/><\/div>\n<div >\n<p>Il 3 dicembre si celebra la Giornata internazionale della disabilit\u00e0.<br \/>Si tratta di un appuntamento annuale, con lo scopo di sensibilizzare tutti alla speciale attenzione che si deve a quanti vivono una disabilit\u00e0, oltre tre milioni in tutta Italia.<br \/>Il tema scelto dall\u2019Onu per il 2014 \u00e8 &#8221; sviluppo sostenibile: la promessa della tecnologia&#8221;. Obiettivo \u00e8 quello di ricordare che i mezzi tecnologici di cui oggi disponiamo, sempre pi\u00f9 raffinati e &#8220;intelligenti&#8221;, possono essere utilizzati &#8220;per promuovere l&#8217;impatto e i benefici della tecnologia assistiva, degli adeguamenti tecnologici e delle tecnologie dell&#8217;informazione e della comunicazione accessibili, che migliorano il benessere e l&#8217;inclusione delle persone con disabilit\u00e0&#8221;. Tecnologia, quindi, come strumento di inclusione, a patto che sia utilizzata opportunamente, allo scopo di creare e promuovere &#8220;pari opportunit\u00e0&#8221;.<\/p>\n<\/div>\n<div >\u00a0<\/div>\n<\/div>\n<div >\u00a0<\/div>\n<div >\n<div >\n<p>\u00a0<\/p>\n<\/div>\n<div >\u00a0<\/div>\n<\/div>\n<div >\u00a0<\/div>\n<div >\u00a0<\/div>\n<div >\u00a0<\/div>\n","protected":false},"excerpt":{"rendered":"<p>Il 3 dicembre si celebra la Giornata internazionale della disabilit\u00e0, si tratta di un appuntamento annuale, con lo scopo di sensibilizzare tutti alla&#8230;<\/p>\n","protected":false},"author":18,"featured_media":2789,"comment_status":"closed","ping_status":"closed","sticky":false,"template":"","format":"standard","meta":{"_themeisle_gutenberg_block_has_review":false,"footnotes":""},"categories":[3,4,5],"tags":[],"class_list":["post-2788","post","type-post","status-publish","format-standard","has-post-thumbnail","hentry","category-comitato-sicilia","category-news","category-secondo-piano-generico"],"interactive":false,"_links":{"self":[{"href":"https:\/\/cri.it\/sicilia\/wp-json\/wp\/v2\/posts\/2788","targetHints":{"allow":["GET"]}}],"collection":[{"href":"https:\/\/cri.it\/sicilia\/wp-json\/wp\/v2\/posts"}],"about":[{"href":"https:\/\/cri.it\/sicilia\/wp-json\/wp\/v2\/types\/post"}],"author":[{"embeddable":true,"href":"https:\/\/cri.it\/sicilia\/wp-json\/wp\/v2\/users\/18"}],"replies":[{"embeddable":true,"href":"https:\/\/cri.it\/sicilia\/wp-json\/wp\/v2\/comments?post=2788"}],"version-history":[{"count":0,"href":"https:\/\/cri.it\/sicilia\/wp-json\/wp\/v2\/posts\/2788\/revisions"}],"wp:featuredmedia":[{"embeddable":true,"href":"https:\/\/cri.it\/sicilia\/wp-json\/wp\/v2\/media\/2789"}],"wp:attachment":[{"href":"https:\/\/cri.it\/sicilia\/wp-json\/wp\/v2\/media?parent=2788"}],"wp:term":[{"taxonomy":"category","embeddable":true,"href":"https:\/\/cri.it\/sicilia\/wp-json\/wp\/v2\/categories?post=2788"},{"taxonomy":"post_tag","embeddable":true,"href":"https:\/\/cri.it\/sicilia\/wp-json\/wp\/v2\/tags?post=2788"}],"curies":[{"name":"wp","href":"https:\/\/api.w.org\/{rel}","templated":true}]}}