{"id":2751,"date":"2016-06-16T00:00:00","date_gmt":"2016-06-15T22:00:00","guid":{"rendered":"https:\/\/sito.cri.intra\/sicilia\/2016\/06\/16\/a-fiumefreddo-di-sicilia-arriva-la-casa-di-babbo-natale-della-cri\/"},"modified":"2016-06-16T00:00:00","modified_gmt":"2016-06-15T22:00:00","slug":"a-fiumefreddo-di-sicilia-arriva-la-casa-di-babbo-natale-della-cri","status":"publish","type":"post","link":"https:\/\/cri.it\/sicilia\/2016\/06\/16\/a-fiumefreddo-di-sicilia-arriva-la-casa-di-babbo-natale-della-cri\/","title":{"rendered":"A Fiumefreddo di Sicilia arriva la Casa di Babbo Natale della CRI"},"content":{"rendered":"<h1 >A Fiumefreddo di Sicilia arriva la Casa di Babbo Natale della <acronym title='Croce Rossa Italiana' lang='it'>CRI<\/acronym> <\/h1>\n<div >\u00a0<\/div>\n<div >\n<div ><img fetchpriority=\"high\"  src='http:\/\/cri.it\/wp-content\/uploads\/cri-content\/images\/5\/c\/0\/D.b8a18d72dd0e6385bf12\/infratesto_fiumefreddo2.jpg' width=\"350\" height=\"494\" alt='' \/><\/div>\n<div >\n<p>Domenica 21 dicembre, dalle 10 alle 20, Babbo Natale e i suoi aiutanti incontreranno grandi e piccini \u00a0a Fiumefreddo di Sicilia per rivivere la magia del Natale.\u00a0<br \/>I Volontari <acronym title='Croce Rossa Italiana' lang='it'>C.R.I.<\/acronym> del Comitato locale ricostruiranno degli ambienti del salotto dove Babbo Natale potr\u00e0 accogliere i suoi ospiti e fare con loro delle splendide foto ricordo, e della cucina dove sar\u00e0 possibile degustare i dolci prodotti preparati dai suoi aiutanti.\u00a0Durante la giornata i pi\u00f9 piccoli potranno giocare con gli Elfi e scrivere insieme a loro la propria letterina a Babbo Natale.\u00a0Scopo dell&#8217;attivit\u00e0 ideata dal Comitato Locale di Fiumefreddo di Sicilia, oltre a creare un simpatico momento di animazione rivolto ai bambini sar\u00e0 quello di far conoscere a tutta la cittadinanza le diverse attivit\u00e0 svolte dalla Croce Rossa, reclutare nuovi volontari e raccogliere fondi a sostegno delle attivit\u00e0 svolte in modo continuativo e gratuitamente a favore della cittadinanza, ha affermato Gaetano Viavattene.\u00a0Durante la giornata, sar\u00e0 possibile fare una foto ricordo con Babbo Natale che verr\u00e0 consegnata la domenica successiva durante il &#8220;I\u00b0 Concerto di Natale <acronym title='Croce Rossa Italiana' lang='it'>C.R.I.<\/acronym>&#8220;, acquistare dei dolci prodotti artigianalmente dai Volontari o sostenitori dell&#8217;Associazione, acquistare un &#8220;addobbo solidale&#8221;, prodotto in esclusiva da un locale laboratorio artigianale e \u00a0acquistare un biglietto della &#8220;Lotteria di Natale <acronym title='Croce Rossa Italiana' lang='it'>C.R.I.<\/acronym>&#8221; per l&#8217;estrazione di un Tablet 10&#8221; domenica 28 durante il concerto di Natale.<br \/>Un periodo natalizio ricco di iniziative per la <acronym title='Croce Rossa Italiana' lang='it'>CRI<\/acronym> di Fiumefreddo di Sicilia tra le quali l\u2019ormai consueta cena di natale del 24 dicembre a cui prenderanno parte ospiti che per diversi motivi, economici e non, trascorrerebbero da soli la notte di Natale e il I\u00b0 Concerto di Natale, il 28 dicembre, con la partecipazione straordinaria del tenore lirico di fama nazionale Roberto Cresca, del pianista Gianfranco Pappalardo Fiumara e della Corale &#8220;Ionia pueri&#8221; di Giarre diretto dalla <abbr title='Professore' lang='it'>Prof.<\/abbr>ssa Lucia Patan\u00e9.\u00a0<\/p>\n<\/div>\n<div >\u00a0<\/div>\n<\/div>\n<div >\u00a0<\/div>\n<div >\n<div >\n<p>\u00a0<\/p>\n<\/div>\n<div >\u00a0<\/div>\n<\/div>\n<div >\u00a0<\/div>\n<div >\u00a0<\/div>\n<div >\u00a0<\/div>\n","protected":false},"excerpt":{"rendered":"<p>Domenica 21 dicembre, dalle ore 10,00 alle ore\u00a020,00, Babbo Natale e i suoi aiutanti incontreranno grandi e piccini \u00a0a Fiumefreddo di Sicilia per rivivere la magia del Natale&#8230;.\u00a0<\/p>\n","protected":false},"author":18,"featured_media":2752,"comment_status":"closed","ping_status":"closed","sticky":false,"template":"","format":"standard","meta":{"_themeisle_gutenberg_block_has_review":false,"footnotes":""},"categories":[3,4,5],"tags":[],"class_list":["post-2751","post","type-post","status-publish","format-standard","has-post-thumbnail","hentry","category-comitato-sicilia","category-news","category-secondo-piano-generico"],"interactive":false,"_links":{"self":[{"href":"https:\/\/cri.it\/sicilia\/wp-json\/wp\/v2\/posts\/2751","targetHints":{"allow":["GET"]}}],"collection":[{"href":"https:\/\/cri.it\/sicilia\/wp-json\/wp\/v2\/posts"}],"about":[{"href":"https:\/\/cri.it\/sicilia\/wp-json\/wp\/v2\/types\/post"}],"author":[{"embeddable":true,"href":"https:\/\/cri.it\/sicilia\/wp-json\/wp\/v2\/users\/18"}],"replies":[{"embeddable":true,"href":"https:\/\/cri.it\/sicilia\/wp-json\/wp\/v2\/comments?post=2751"}],"version-history":[{"count":0,"href":"https:\/\/cri.it\/sicilia\/wp-json\/wp\/v2\/posts\/2751\/revisions"}],"wp:featuredmedia":[{"embeddable":true,"href":"https:\/\/cri.it\/sicilia\/wp-json\/wp\/v2\/media\/2752"}],"wp:attachment":[{"href":"https:\/\/cri.it\/sicilia\/wp-json\/wp\/v2\/media?parent=2751"}],"wp:term":[{"taxonomy":"category","embeddable":true,"href":"https:\/\/cri.it\/sicilia\/wp-json\/wp\/v2\/categories?post=2751"},{"taxonomy":"post_tag","embeddable":true,"href":"https:\/\/cri.it\/sicilia\/wp-json\/wp\/v2\/tags?post=2751"}],"curies":[{"name":"wp","href":"https:\/\/api.w.org\/{rel}","templated":true}]}}