{"id":2749,"date":"2016-06-16T00:00:00","date_gmt":"2016-06-15T22:00:00","guid":{"rendered":"https:\/\/sito.cri.intra\/sicilia\/2016\/06\/16\/accordo-operativo-regionale-fra-cri-sicilia-e-centro-per-la-giustizia-minorile\/"},"modified":"2016-06-16T00:00:00","modified_gmt":"2016-06-15T22:00:00","slug":"accordo-operativo-regionale-fra-cri-sicilia-e-centro-per-la-giustizia-minorile","status":"publish","type":"post","link":"https:\/\/cri.it\/sicilia\/2016\/06\/16\/accordo-operativo-regionale-fra-cri-sicilia-e-centro-per-la-giustizia-minorile\/","title":{"rendered":"Accordo operativo regionale fra CRI Sicilia e Centro per la Giustizia Minorile\u00a0"},"content":{"rendered":"<h1 >Accordo operativo regionale fra <acronym title='Croce Rossa Italiana' lang='it'>CRI<\/acronym> Sicilia e Centro per la Giustizia Minorile\u00a0<\/h1>\n<div >\u00a0<\/div>\n<div >\n<div ><img fetchpriority=\"high\"  src='http:\/\/cri.it\/wp-content\/uploads\/cri-content\/images\/c\/3\/9\/D.8b4dc2d9b4443a713964\/download.jpg' width=\"275\" height=\"183\" alt='Accordo operativo regionale fra CRI Sicilia e Centro per la Giustizia Minorile\u00a0' \/><\/div>\n<div >\n<p>Come gi\u00e0 comunicato, il 24 settembre 2014 \u00e8 stato firmato il nuovo Accordo operativo regionale fra Comitato Regionale <acronym title='Croce Rossa Italiana' lang='it'>CRI<\/acronym> Sicilia e Centro per la Giustizia Minorile Sicilia.<\/p>\n<p>L\u2019accordo regionale ha come obiettivo di recepire quanto convenuto con l\u2019Accordo di Cooperazione Strategica Nazionale, individuando le peculiarit\u00e0 territoriali ed attivando una rete di azioni mirate ad affrontare le esigenze dei Servizi Minorili della Sicilia e della particolarit\u00e0 dell\u2019utenza minorile presa in carico, nonch\u00e9 di promuovere una collaborazione che si esplichi su vari fronti nel rispetto delle rispettive peculiarit\u00e0 e competenze e nel comune interesse verso il minore in difficolt\u00e0. Adeguata importanza \u00e8 data alla formazione degli operatori.<\/p>\n<p>Al fine di rendere operativo l\u2019Accordo, il Presidente Regionale <acronym title='Croce Rossa Italiana' lang='it'>C.R.I.<\/acronym> ha richiesto a tutti i Comitati l\u2019individuazione dei referenti di Comitato per le attivit\u00e0 di sviluppo dell\u2019inclusione sociale a favore di minori sottoposti a provvedimenti dell&#8217;Autorit\u00e0 Giudiziaria. Tale referenti saranno chiamati a:<\/p>\n<p>\u00fc tenere in contatti con gli Uffici di Servizio Sociale per i Minorenni (USSM) e\/o gli uffici distaccati<\/p>\n<p>\u00fc coordinare l\u2019operato dei tutor che seguiranno i minori nelle attivit\u00e0 svolte all\u2019interno dei nostri Comitati <acronym title='Croce Rossa Italiana' lang='it'>C.R.I.<\/acronym><\/p>\n<p>Nel breve periodo saranno organizzati incontri tra i responsabili degli USSM e dei relativi uffici distaccati ed i referenti dei Comitati <acronym title='Croce Rossa Italiana' lang='it'>C.R.I.<\/acronym>.<\/p>\n<\/div>\n<div >\u00a0<\/div>\n<\/div>\n<div >\u00a0<\/div>\n<div >\n<div >\n<p>\u00a0<\/p>\n<\/div>\n<div >\u00a0<\/div>\n<\/div>\n<div >\u00a0<\/div>\n<div >\u00a0<\/div>\n<div >\u00a0<\/div>\n","protected":false},"excerpt":{"rendered":"<p>Come gi\u00e0 comunicato, il 24 settembre 2014 \u00e8 stato firmato il nuovo Accordo operativo regionale fra Comitato Regionale CRI Sicilia e Centro per la Giustizia Minorile Sicilia&#8230;<\/p>\n","protected":false},"author":18,"featured_media":1752,"comment_status":"closed","ping_status":"closed","sticky":false,"template":"","format":"standard","meta":{"_themeisle_gutenberg_block_has_review":false,"footnotes":""},"categories":[3,4,5],"tags":[],"class_list":["post-2749","post","type-post","status-publish","format-standard","has-post-thumbnail","hentry","category-comitato-sicilia","category-news","category-secondo-piano-generico"],"interactive":false,"_links":{"self":[{"href":"https:\/\/cri.it\/sicilia\/wp-json\/wp\/v2\/posts\/2749","targetHints":{"allow":["GET"]}}],"collection":[{"href":"https:\/\/cri.it\/sicilia\/wp-json\/wp\/v2\/posts"}],"about":[{"href":"https:\/\/cri.it\/sicilia\/wp-json\/wp\/v2\/types\/post"}],"author":[{"embeddable":true,"href":"https:\/\/cri.it\/sicilia\/wp-json\/wp\/v2\/users\/18"}],"replies":[{"embeddable":true,"href":"https:\/\/cri.it\/sicilia\/wp-json\/wp\/v2\/comments?post=2749"}],"version-history":[{"count":0,"href":"https:\/\/cri.it\/sicilia\/wp-json\/wp\/v2\/posts\/2749\/revisions"}],"wp:featuredmedia":[{"embeddable":true,"href":"https:\/\/cri.it\/sicilia\/wp-json\/wp\/v2\/media\/1752"}],"wp:attachment":[{"href":"https:\/\/cri.it\/sicilia\/wp-json\/wp\/v2\/media?parent=2749"}],"wp:term":[{"taxonomy":"category","embeddable":true,"href":"https:\/\/cri.it\/sicilia\/wp-json\/wp\/v2\/categories?post=2749"},{"taxonomy":"post_tag","embeddable":true,"href":"https:\/\/cri.it\/sicilia\/wp-json\/wp\/v2\/tags?post=2749"}],"curies":[{"name":"wp","href":"https:\/\/api.w.org\/{rel}","templated":true}]}}