{"id":2729,"date":"2016-06-16T00:00:00","date_gmt":"2016-06-15T22:00:00","guid":{"rendered":"https:\/\/sito.cri.intra\/sicilia\/2016\/06\/16\/concorso-fotografico-diritti-umani-e-social-media\/"},"modified":"2016-06-16T00:00:00","modified_gmt":"2016-06-15T22:00:00","slug":"concorso-fotografico-diritti-umani-e-social-media","status":"publish","type":"post","link":"https:\/\/cri.it\/sicilia\/2016\/06\/16\/concorso-fotografico-diritti-umani-e-social-media\/","title":{"rendered":"Concorso fotografico \u201cDiritti Umani e Social Media\u201d"},"content":{"rendered":"<h1 >Concorso fotografico \u201cDiritti Umani e Social Media\u201d<\/h1>\n<div >\u00a0<\/div>\n<div >\n<div ><img fetchpriority=\"high\"  src='http:\/\/cri.it\/wp-content\/uploads\/cri-content\/images\/a\/8\/e\/D.a64bf00649eec50233d7\/Immagine__1_.jpg' width=\"350\" height=\"192\" alt='' \/><\/div>\n<div >\n<p>In occasione della Giornata Mondiale dei Diritti Umani, il Forum Nazionale dei Giovani lancia un concorso fotografico &#8220;Diritti Umani e Social Media&#8221;.<\/p>\n<p>Il concorso \u00e8 aperto a tutti e l&#8217;iscrizione \u00e8 gratuita.<\/p>\n<p>La scadenza per la presentazione delle opere \u00e8 il 27 Gennaio 2015.<\/p>\n<p>Il Forum Nazionale dei Giovani, in occasione della Giornata Mondiale dei Diritti Umani, lancia un concorso fotografico volto ad esplorare le potenzialit\u00e0 comunicative dell&#8217;immagine fotografica rispetto ad un tema cos\u00ec attuale come quello dei rapporti tra Diritti Umani e Social Media.<\/p>\n<p>L\u2019obiettivo \u00e8 quello di sensibilizzare i giovani sull&#8217;importanza della giornata (anniversario della proclamazione della Dichiarazione Universale dei Diritti Umani dell&#8217;ONU, avvenuta il 10 Dicembre 1948 a New York) e della promozione dei Diritti Umani, specialmente in Italia.<\/p>\n<p>Inconsciamente, infatti, quando si fa riferimento ai Diritti umani, il pensiero va immediatamente a Paesi lontani, magari estremamente poveri, dove vengono sistematicamente lese la libert\u00e0 e la dignit\u00e0 umana; in realt\u00e0 costanti violazioni dei Diritti Umani avvengono anche quotidianamente sotto i nostri occhi, spesso perpetrate attraverso l&#8217;utilizzo dei nuovi Media: dal bullismo all&#8217;online hate speech, dalla violazione della libert\u00e0 religiosa alla violazione della privacy.<\/p>\n<p>Il Forum mira, quindi, a coinvolgere direttamente i giovani, mettendoli alla prova e incoraggiandone la creativit\u00e0 e la sana competizione.<br \/>\u00a0<\/p>\n<\/div>\n<div >\u00a0<\/div>\n<\/div>\n<div >\u00a0<\/div>\n<div >\n<div >\n<p>\u00a0<\/p>\n<\/div>\n<div >\u00a0<\/div>\n<\/div>\n<div >\u00a0<\/div>\n<div >\u00a0<\/div>\n<div >\u00a0<\/div>\n","protected":false},"excerpt":{"rendered":"<p>In occasione della Giornata Mondiale dei Diritti Umani, il Forum Nazionale dei Giovani lancia un concorso fotografico &#8220;Diritti Umani e Social Media&#8221;&#8230;<\/p>\n","protected":false},"author":18,"featured_media":2730,"comment_status":"closed","ping_status":"closed","sticky":false,"template":"","format":"standard","meta":{"_themeisle_gutenberg_block_has_review":false,"footnotes":""},"categories":[3,4,5],"tags":[],"class_list":["post-2729","post","type-post","status-publish","format-standard","has-post-thumbnail","hentry","category-comitato-sicilia","category-news","category-secondo-piano-generico"],"interactive":false,"_links":{"self":[{"href":"https:\/\/cri.it\/sicilia\/wp-json\/wp\/v2\/posts\/2729","targetHints":{"allow":["GET"]}}],"collection":[{"href":"https:\/\/cri.it\/sicilia\/wp-json\/wp\/v2\/posts"}],"about":[{"href":"https:\/\/cri.it\/sicilia\/wp-json\/wp\/v2\/types\/post"}],"author":[{"embeddable":true,"href":"https:\/\/cri.it\/sicilia\/wp-json\/wp\/v2\/users\/18"}],"replies":[{"embeddable":true,"href":"https:\/\/cri.it\/sicilia\/wp-json\/wp\/v2\/comments?post=2729"}],"version-history":[{"count":0,"href":"https:\/\/cri.it\/sicilia\/wp-json\/wp\/v2\/posts\/2729\/revisions"}],"wp:featuredmedia":[{"embeddable":true,"href":"https:\/\/cri.it\/sicilia\/wp-json\/wp\/v2\/media\/2730"}],"wp:attachment":[{"href":"https:\/\/cri.it\/sicilia\/wp-json\/wp\/v2\/media?parent=2729"}],"wp:term":[{"taxonomy":"category","embeddable":true,"href":"https:\/\/cri.it\/sicilia\/wp-json\/wp\/v2\/categories?post=2729"},{"taxonomy":"post_tag","embeddable":true,"href":"https:\/\/cri.it\/sicilia\/wp-json\/wp\/v2\/tags?post=2729"}],"curies":[{"name":"wp","href":"https:\/\/api.w.org\/{rel}","templated":true}]}}