{"id":2663,"date":"2016-06-16T00:00:00","date_gmt":"2016-06-15T22:00:00","guid":{"rendered":"https:\/\/sito.cri.intra\/sicilia\/2016\/06\/16\/la-cri-sicilia-partecipa-allimplementazione-delle-misure-di-vigilanza-sanitaria-transfrontaliera\/"},"modified":"2016-06-16T00:00:00","modified_gmt":"2016-06-15T22:00:00","slug":"la-cri-sicilia-partecipa-allimplementazione-delle-misure-di-vigilanza-sanitaria-transfrontaliera","status":"publish","type":"post","link":"https:\/\/cri.it\/sicilia\/2016\/06\/16\/la-cri-sicilia-partecipa-allimplementazione-delle-misure-di-vigilanza-sanitaria-transfrontaliera\/","title":{"rendered":"La CRI Sicilia partecipa all&#8217;implementazione delle misure di vigilanza sanitaria transfrontaliera"},"content":{"rendered":"<h1 >La <acronym title='Croce Rossa Italiana' lang='it'>CRI<\/acronym> Sicilia partecipa all&#039;implementazione delle misure di vigilanza sanitaria transfrontaliera<\/h1>\n<div >\u00a0<\/div>\n<div >\n<div ><img  src='http:\/\/cri.it\/wp-content\/uploads\/cri-content\/images\/5\/5\/e\/D.3af0eacf182ac2efa546\/C_17_notizie_1472_paragrafi_paragrafo_0_immagine.jpg' width=\"148\" height=\"128\" alt='La CRI Sicilia partecipa all&#039;implementazione delle misure di vigilanza sanitaria transfrontaliera' \/><\/div>\n<div >\n<p>L\u2019eccezionale entit\u00e0 dei flussi migratori marittimi, che l&#8217;Italia si \u00e8 trovata a fronteggiare negli ultimi mesi, esige un impiego senza precedenti nell&#8217;attivit\u00e0 di prevenzione e di tutela della salute pubblica.<\/p>\n<p>Il Ministero della Salute ha, quindi, ravvisato l\u2019opportunit\u00e0 di attivarsi congiuntamente con la Croce Rossa Italiana e con immediatezza per il tempestivo potenziamento degli organici degli uffici USMAF.<\/p>\n<p>I Comitati territoriali della <acronym title='Croce Rossa Italiana' lang='it'>C.R.I.<\/acronym>, infatti, in forza della propria presenza capillare sul territorio e mediante il Reparto di Sanit\u00e0 Pubblica della <acronym title='Croce Rossa Italiana' lang='it'>C.R.I.<\/acronym> Sicilia, supportano ottimamente gi\u00e0 da qualche mese gli Uffici periferici del Ministero nelle complesse fasi di assolvimento dei compiti previsti, per l\u2019Italia, dall\u2019applicazione del Nuovo Regolamento Sanitario Internazionale per il rafforzamento del sistema di sorveglianza ed allerta ai confini del Paese. Questo ha consentito di garantire quella uniformit\u00e0 di interventi alla luce della peculiarit\u00e0 della struttura organizzativa della Associazione, nonch\u00e9 quella utile armonizzazione delle articolazioni territoriali della Associazione con gli Uffici di Sanit\u00e0 Marittima ed Area del Ministero della Salute preposti alla applicazione delle norme internazionali di tutela e salute pubblica.<\/p>\n<p>E&#8217; stato, quindi, ampliato l&#8217;accordo di collaborazione tra il Ministero della Salute e la Croce Rossa Italiana datato 23 dicembre 2013; la <acronym title='Croce Rossa Italiana' lang='it'>C.R.I.<\/acronym> Sicilia ha cos\u00ec messo a disposizione del Ministero della Salute il proprio personale distribuito tra gli Uffici Periferici del Ministero della Salute siti in Augusta, Catania, Porto Empedocle e Siracusa.<\/p>\n<p>Il Presidente Regionale ha espresso pieno apprezzamento per l&#8217;accordo, &#8220;che conferma una importante, nobile collaborazione, all&#8217;insegna dell&#8217;ausiliariet\u00e0 della <acronym title='Croce Rossa Italiana' lang='it'>C.R.I.<\/acronym> ai poteri pubblici e del suo impegno per la tutela della salute e della vita. Un grande passo, un ulteriore passo, possibile grazie all&#8217;impegno di una squadra di donne e uomini di Croce Rossa&#8221;.<\/p>\n<\/div>\n<div >\u00a0<\/div>\n<\/div>\n<div >\u00a0<\/div>\n<div >\n<div >\n<p>\u00a0<\/p>\n<\/div>\n<div >\u00a0<\/div>\n<\/div>\n<div >\u00a0<\/div>\n<div >\u00a0<\/div>\n<div >\u00a0<\/div>\n","protected":false},"excerpt":{"rendered":"<p>L\u2019eccezionale entit\u00e0 dei flussi migratori marittimi, che l&#8217;Italia si \u00e8 trovata a fronteggiare negli ultimi mesi, esige un impiego senza precedenti nell&#8217;attivit\u00e0 di prevenzione e di tutela della salute pubblica&#8230;<\/p>\n","protected":false},"author":18,"featured_media":2664,"comment_status":"closed","ping_status":"closed","sticky":false,"template":"","format":"standard","meta":{"_themeisle_gutenberg_block_has_review":false,"footnotes":""},"categories":[3,4,5],"tags":[],"class_list":["post-2663","post","type-post","status-publish","format-standard","has-post-thumbnail","hentry","category-comitato-sicilia","category-news","category-secondo-piano-generico"],"interactive":false,"_links":{"self":[{"href":"https:\/\/cri.it\/sicilia\/wp-json\/wp\/v2\/posts\/2663","targetHints":{"allow":["GET"]}}],"collection":[{"href":"https:\/\/cri.it\/sicilia\/wp-json\/wp\/v2\/posts"}],"about":[{"href":"https:\/\/cri.it\/sicilia\/wp-json\/wp\/v2\/types\/post"}],"author":[{"embeddable":true,"href":"https:\/\/cri.it\/sicilia\/wp-json\/wp\/v2\/users\/18"}],"replies":[{"embeddable":true,"href":"https:\/\/cri.it\/sicilia\/wp-json\/wp\/v2\/comments?post=2663"}],"version-history":[{"count":0,"href":"https:\/\/cri.it\/sicilia\/wp-json\/wp\/v2\/posts\/2663\/revisions"}],"wp:featuredmedia":[{"embeddable":true,"href":"https:\/\/cri.it\/sicilia\/wp-json\/wp\/v2\/media\/2664"}],"wp:attachment":[{"href":"https:\/\/cri.it\/sicilia\/wp-json\/wp\/v2\/media?parent=2663"}],"wp:term":[{"taxonomy":"category","embeddable":true,"href":"https:\/\/cri.it\/sicilia\/wp-json\/wp\/v2\/categories?post=2663"},{"taxonomy":"post_tag","embeddable":true,"href":"https:\/\/cri.it\/sicilia\/wp-json\/wp\/v2\/tags?post=2663"}],"curies":[{"name":"wp","href":"https:\/\/api.w.org\/{rel}","templated":true}]}}