{"id":2560,"date":"2016-06-16T00:00:00","date_gmt":"2016-06-15T22:00:00","guid":{"rendered":"https:\/\/sito.cri.intra\/sicilia\/2016\/06\/16\/auguri-per-le-festivita\/"},"modified":"2016-06-16T00:00:00","modified_gmt":"2016-06-15T22:00:00","slug":"auguri-per-le-festivita","status":"publish","type":"post","link":"https:\/\/cri.it\/sicilia\/2016\/06\/16\/auguri-per-le-festivita\/","title":{"rendered":"Auguri per le festivit\u00e0"},"content":{"rendered":"<h1 >Auguri per le festivit\u00e0<\/h1>\n<div >\n<div ><img fetchpriority=\"high\"  src='http:\/\/cri.it\/wp-content\/uploads\/cri-content\/images\/e\/6\/2\/D.d213bcb7a0b39e2fe2ef\/Immagine_1.jpg' width=\"350\" height=\"196\" alt='' \/><\/div>\n<div >\n<p>Il Presidente ed i Delegati Tecnici Regionali formulano a tutti i Volontari e Dipendenti <acronym title='Croce Rossa Italiana' lang='it'>C.R.I.<\/acronym> della Sicilia, nonch\u00e8 a tutte le comunit\u00e0 locali assistite dai ventisette Comitati <acronym title='Croce Rossa Italiana' lang='it'>C.R.I.<\/acronym> siciliani, i migliori auguri di Buon Natale e Felice Anno Nuovo!<\/p>\n<\/div>\n<div >\u00a0<\/div>\n<\/div>\n","protected":false},"excerpt":{"rendered":"<p>Auguri per le festivit\u00e0 Il Presidente ed i Delegati Tecnici Regionali formulano a tutti i Volontari e Dipendenti C.R.I. della Sicilia, nonch\u00e8 a tutte le comunit\u00e0 locali assistite dai ventisette Comitati C.R.I. siciliani, i migliori auguri di Buon Natale e Felice Anno Nuovo! \u00a0<\/p>\n","protected":false},"author":18,"featured_media":2561,"comment_status":"closed","ping_status":"closed","sticky":false,"template":"","format":"standard","meta":{"_themeisle_gutenberg_block_has_review":false,"footnotes":""},"categories":[3],"tags":[],"class_list":["post-2560","post","type-post","status-publish","format-standard","has-post-thumbnail","hentry","category-comitato-sicilia"],"interactive":false,"_links":{"self":[{"href":"https:\/\/cri.it\/sicilia\/wp-json\/wp\/v2\/posts\/2560","targetHints":{"allow":["GET"]}}],"collection":[{"href":"https:\/\/cri.it\/sicilia\/wp-json\/wp\/v2\/posts"}],"about":[{"href":"https:\/\/cri.it\/sicilia\/wp-json\/wp\/v2\/types\/post"}],"author":[{"embeddable":true,"href":"https:\/\/cri.it\/sicilia\/wp-json\/wp\/v2\/users\/18"}],"replies":[{"embeddable":true,"href":"https:\/\/cri.it\/sicilia\/wp-json\/wp\/v2\/comments?post=2560"}],"version-history":[{"count":0,"href":"https:\/\/cri.it\/sicilia\/wp-json\/wp\/v2\/posts\/2560\/revisions"}],"wp:featuredmedia":[{"embeddable":true,"href":"https:\/\/cri.it\/sicilia\/wp-json\/wp\/v2\/media\/2561"}],"wp:attachment":[{"href":"https:\/\/cri.it\/sicilia\/wp-json\/wp\/v2\/media?parent=2560"}],"wp:term":[{"taxonomy":"category","embeddable":true,"href":"https:\/\/cri.it\/sicilia\/wp-json\/wp\/v2\/categories?post=2560"},{"taxonomy":"post_tag","embeddable":true,"href":"https:\/\/cri.it\/sicilia\/wp-json\/wp\/v2\/tags?post=2560"}],"curies":[{"name":"wp","href":"https:\/\/api.w.org\/{rel}","templated":true}]}}