{"id":2117,"date":"2016-06-16T00:00:00","date_gmt":"2016-06-15T22:00:00","guid":{"rendered":"https:\/\/sito.cri.intra\/sicilia\/2016\/06\/16\/santa-caterina-da-siena-santa-patrona-delle-infermiere-volontarie-della-c-r-i\/"},"modified":"2016-06-16T00:00:00","modified_gmt":"2016-06-15T22:00:00","slug":"santa-caterina-da-siena-santa-patrona-delle-infermiere-volontarie-della-c-r-i","status":"publish","type":"post","link":"https:\/\/cri.it\/sicilia\/2016\/06\/16\/santa-caterina-da-siena-santa-patrona-delle-infermiere-volontarie-della-c-r-i\/","title":{"rendered":"Santa Caterina da Siena &#8220;Santa Patrona delle Infermiere Volontarie della C.R.I.&#8221;"},"content":{"rendered":"<h1 >Santa Caterina da Siena &#8220;Santa Patrona delle Infermiere Volontarie della <acronym title='Croce Rossa Italiana' lang='it'>C.R.I.<\/acronym>&#8220;<\/h1>\n<div >\n<div ><img  src='http:\/\/cri.it\/wp-content\/uploads\/cri-content\/images\/e\/e\/0\/D.7bb626a27f782935c65a\/unnamed555.png' width=\"150\" height=\"112\" alt='' \/><\/div>\n<div >\n<p>Santa Caterina da Siena, Patrona delle Infermiere Volontarie della <acronym title='Croce Rossa Italiana' lang='it'>C.R.I.<\/acronym>, sar\u00e0 ricordata il prossimo 29\/Aprile 2015, in occasione della Sua ricorrenza in tutti i Capoluoghi di Provincia Siciliani, dove verranno officiate Messe in Suo onore.<br \/>Alle celebrazioni saranno invitati a presenziare le Autorit\u00e0 Civili, Militari, Religiose e di Croce Rossa del territorio, per condividere insieme alle II.VV. della <acronym title='Croce Rossa Italiana' lang='it'>C.R.I.<\/acronym> un momento di Spiritualit\u00e0.<br \/>Santa Caterina rappresenta per le II.VV. l&#8217;immagine di purezza, coraggio e dedizione verso i pi\u00f9 poveri, deboli e malati; Colei che come Santa interpret\u00f2 la Carit\u00e0 Cristiana in modo concreto ed efficiente, viene onorata dalle Infermiere Volontarie nel loro impegno quotidiano con straordinario spirito di abnegazione ed elevata professionalit\u00e0.<\/p>\n<p><\/p>\n<\/div>\n<div >\u00a0<\/div>\n<\/div>\n<div >\n<div >\n<p><\/p>\n<\/div>\n<div >\u00a0<\/div>\n<\/div>\n<div >\u00a0<\/div>\n<div >\u00a0<\/div>\n","protected":false},"excerpt":{"rendered":"<p><\/p>\n","protected":false},"author":18,"featured_media":2049,"comment_status":"closed","ping_status":"closed","sticky":false,"template":"","format":"standard","meta":{"_themeisle_gutenberg_block_has_review":false,"footnotes":""},"categories":[3,17],"tags":[],"class_list":["post-2117","post","type-post","status-publish","format-standard","has-post-thumbnail","hentry","category-comitato-sicilia","category-eventi"],"interactive":false,"_links":{"self":[{"href":"https:\/\/cri.it\/sicilia\/wp-json\/wp\/v2\/posts\/2117","targetHints":{"allow":["GET"]}}],"collection":[{"href":"https:\/\/cri.it\/sicilia\/wp-json\/wp\/v2\/posts"}],"about":[{"href":"https:\/\/cri.it\/sicilia\/wp-json\/wp\/v2\/types\/post"}],"author":[{"embeddable":true,"href":"https:\/\/cri.it\/sicilia\/wp-json\/wp\/v2\/users\/18"}],"replies":[{"embeddable":true,"href":"https:\/\/cri.it\/sicilia\/wp-json\/wp\/v2\/comments?post=2117"}],"version-history":[{"count":0,"href":"https:\/\/cri.it\/sicilia\/wp-json\/wp\/v2\/posts\/2117\/revisions"}],"wp:featuredmedia":[{"embeddable":true,"href":"https:\/\/cri.it\/sicilia\/wp-json\/wp\/v2\/media\/2049"}],"wp:attachment":[{"href":"https:\/\/cri.it\/sicilia\/wp-json\/wp\/v2\/media?parent=2117"}],"wp:term":[{"taxonomy":"category","embeddable":true,"href":"https:\/\/cri.it\/sicilia\/wp-json\/wp\/v2\/categories?post=2117"},{"taxonomy":"post_tag","embeddable":true,"href":"https:\/\/cri.it\/sicilia\/wp-json\/wp\/v2\/tags?post=2117"}],"curies":[{"name":"wp","href":"https:\/\/api.w.org\/{rel}","templated":true}]}}