{"id":1507,"date":"2016-06-16T00:00:00","date_gmt":"2016-06-15T22:00:00","guid":{"rendered":"https:\/\/sito.cri.intra\/sicilia\/2016\/06\/16\/i-volontari-c-r-i-di-siracusa-in-servizio-di-primo-soccorso-sulla-pista-ciclabile-si-parte\/"},"modified":"2016-06-16T00:00:00","modified_gmt":"2016-06-15T22:00:00","slug":"i-volontari-c-r-i-di-siracusa-in-servizio-di-primo-soccorso-sulla-pista-ciclabile-si-parte","status":"publish","type":"post","link":"https:\/\/cri.it\/sicilia\/2016\/06\/16\/i-volontari-c-r-i-di-siracusa-in-servizio-di-primo-soccorso-sulla-pista-ciclabile-si-parte\/","title":{"rendered":"I Volontari C.R.I. di Siracusa in servizio di primo soccorso sulla pista ciclabile. Si parte!"},"content":{"rendered":"<h1 >I Volontari <acronym title='Croce Rossa Italiana' lang='it'>C.R.I.<\/acronym> di Siracusa in servizio di primo soccorso sulla pista ciclabile. Si parte!<\/h1>\n<div >\u00a0<\/div>\n<div >\n<div ><img fetchpriority=\"high\"  src='http:\/\/cri.it\/wp-content\/uploads\/cri-content\/images\/6\/7\/1\/D.5342b936100caadde4c4\/img.jpg' width=\"350\" height=\"187\" alt='immagine news' \/><\/div>\n<div >\n<p>Il Comitato Provinciale <acronym title='Croce Rossa Italiana' lang='it'>C.R.I.<\/acronym> di Siracusa, con il supporto dell\u2019Amministrazione Comunale hanno avviato un servizio di Primo Soccorso sulla pista ciclabile.Curioso e simpatico \u00e8 stato ci\u00f2 che \u00e8 successo durante il servizio inaugurale: una bambina di cinque anni si \u00e8 avvicinata ai Volontari <acronym title='Croce Rossa Italiana' lang='it'>C.R.I.<\/acronym>, chiedendo loro cosa stessero facendo.Alla risposta \u201cSiamo qui per aiutare chi si fa male\u201d, la bambina ha ringraziato e il padre, vicino, ha detto \u201cVedi? Quando vedrai una Croce Rossa, troverai delle persone che possono aiutarti&#8230;\u201d<\/p>\n<\/div>\n<div >\u00a0<\/div>\n<\/div>\n<div >\u00a0<\/div>\n<div >\n<div >\n<p>\u00a0<\/p>\n<\/div>\n<div >\u00a0<\/div>\n<\/div>\n<div >\u00a0<\/div>\n<div >\u00a0<\/div>\n<div >\u00a0<\/div>\n","protected":false},"excerpt":{"rendered":"<p>Il Comitato Provinciale C.R.I. di Siracusa, con il supporto dell\u2019Amministrazione Comunale hanno avviato un servizio di Primo Soccorso sulla pista ciclabile&#8230;<\/p>\n","protected":false},"author":18,"featured_media":1390,"comment_status":"closed","ping_status":"closed","sticky":false,"template":"","format":"standard","meta":{"_themeisle_gutenberg_block_has_review":false,"footnotes":""},"categories":[3,4,5],"tags":[],"class_list":["post-1507","post","type-post","status-publish","format-standard","has-post-thumbnail","hentry","category-comitato-sicilia","category-news","category-secondo-piano-generico"],"interactive":false,"_links":{"self":[{"href":"https:\/\/cri.it\/sicilia\/wp-json\/wp\/v2\/posts\/1507","targetHints":{"allow":["GET"]}}],"collection":[{"href":"https:\/\/cri.it\/sicilia\/wp-json\/wp\/v2\/posts"}],"about":[{"href":"https:\/\/cri.it\/sicilia\/wp-json\/wp\/v2\/types\/post"}],"author":[{"embeddable":true,"href":"https:\/\/cri.it\/sicilia\/wp-json\/wp\/v2\/users\/18"}],"replies":[{"embeddable":true,"href":"https:\/\/cri.it\/sicilia\/wp-json\/wp\/v2\/comments?post=1507"}],"version-history":[{"count":0,"href":"https:\/\/cri.it\/sicilia\/wp-json\/wp\/v2\/posts\/1507\/revisions"}],"wp:featuredmedia":[{"embeddable":true,"href":"https:\/\/cri.it\/sicilia\/wp-json\/wp\/v2\/media\/1390"}],"wp:attachment":[{"href":"https:\/\/cri.it\/sicilia\/wp-json\/wp\/v2\/media?parent=1507"}],"wp:term":[{"taxonomy":"category","embeddable":true,"href":"https:\/\/cri.it\/sicilia\/wp-json\/wp\/v2\/categories?post=1507"},{"taxonomy":"post_tag","embeddable":true,"href":"https:\/\/cri.it\/sicilia\/wp-json\/wp\/v2\/tags?post=1507"}],"curies":[{"name":"wp","href":"https:\/\/api.w.org\/{rel}","templated":true}]}}