{"id":1500,"date":"2016-06-16T00:00:00","date_gmt":"2016-06-15T22:00:00","guid":{"rendered":"https:\/\/sito.cri.intra\/sicilia\/2016\/06\/16\/la-cri-di-caltanissetta-al-salus-festival\/"},"modified":"2016-06-16T00:00:00","modified_gmt":"2016-06-15T22:00:00","slug":"la-cri-di-caltanissetta-al-salus-festival","status":"publish","type":"post","link":"https:\/\/cri.it\/sicilia\/2016\/06\/16\/la-cri-di-caltanissetta-al-salus-festival\/","title":{"rendered":"La CRI di Caltanissetta al Salus Festival"},"content":{"rendered":"<h1 >La <acronym title='Croce Rossa Italiana' lang='it'>CRI<\/acronym> di Caltanissetta al Salus Festival<\/h1>\n<div >\u00a0<\/div>\n<div >\n<div ><img fetchpriority=\"high\"  src='http:\/\/cri.it\/wp-content\/uploads\/cri-content\/images\/6\/a\/2\/D.78e6c64b2cbdd3afa2c6\/11705785_1028998230478891_8814415727434873945_o.jpg' width=\"350\" height=\"262\" alt='immagine news' \/><\/div>\n<div >\n<p>Dal 15 al 25 ottobre si svolger\u00e0 a Caltanissetta il &#8220;SALUS FESTIVAL&#8221;. La manifestazione \u00e8 organizzata dalla Regione Siciliana, Assessorato alla Salute, il CEFPAS e il Comune di Caltanissetta e vedr\u00e0 coinvolti diversi attori che operano in ambito socio-sanitario.\u00a0<br \/>L\u2019obiettivo dell&#8217;evento \u00e8 organizzare cinque intensi giorni di discussione e confronto attraverso convegni, incontri, dibattiti, seminari, corsi, workshop, esposizioni, screening gratuiti, oltre che spettacoli, manifestazioni sportive e socio culturali e iniziative specifiche per le scuole. Il Salus Festival si pone come veicolo di partecipazione, promozione e confronto sui temi della salute, mettendo insieme i rappresentanti delle istituzioni e gli operatori del settore, aziende e associazionismo, con al centro il cittadino. Si animer\u00e0 il centro storico, mettendo insieme divulgazione e intrattenimento. Si discuter\u00e0 di sport e salute, medicina, alimentazione, prevenzione, donazione, divulgazione scientifica e tanto altro sul tema della Salute e del Benessere delle persone delle comunit\u00e0; realizzando le condizioni di incontro e confronto tra politica, aziende, volontariato e no profit, sanit\u00e0 pubblica e privata, mondo della ricerca e accademico e soprattutto i cittadini. Si utilizzeranno siti di pregio del nostra citt\u00e0 per organizzare zone riservate a laboratori e screening in cui i visitatori potranno sottoporsi a check up gratuiti, grazie alla collaborazione di societ\u00e0 scientifiche, associazioni, volontari e ordini professionali, che da anni si impegnano per diffondere la pratica della prevenzione e promuovere un approccio consapevole alla propria salute.<br \/>Il Comitato Provinciale <acronym title='Croce Rossa Italiana' lang='it'>C.R.I.<\/acronym> di Caltanissetta sar\u00e0 presente durante tutta la manifestazione con uno stand nell&#8217;atrio del Comune ed intervenendo giorno 22 ottobre presso la Biblioteca Scarabelli, dove si terr\u00e0 un seminario dal titolo &#8220;Giornata della simulazione medica&#8221;.<\/p>\n<\/div>\n<div >\u00a0<\/div>\n<\/div>\n<div >\u00a0<\/div>\n<div >\n<div ><img  src='http:\/\/cri.it\/wp-content\/uploads\/cri-content\/images\/0\/7\/d\/D.0b146176f4d01a9bca28\/12095094_1028998273812220_6745643195483713515_o.jpg' width=\"350\" height=\"262\" alt='immagine news' \/><\/div>\n<div >\n<p>\u00a0<\/p>\n<\/div>\n<div >\u00a0<\/div>\n<\/div>\n<div >\u00a0<\/div>\n<div >\u00a0<\/div>\n<div >\u00a0<\/div>\n","protected":false},"excerpt":{"rendered":"<p>Dal 15 al 25 ottobre si svolger\u00e0 a Caltanissetta il &#8220;SALUS FESTIVAL&#8221;. La manifestazione \u00e8 organizzata dalla Regione Siciliana, Assessorato alla Salute, il CEFPAS e il Comune di&#8230;<\/p>\n","protected":false},"author":18,"featured_media":1122,"comment_status":"closed","ping_status":"closed","sticky":false,"template":"","format":"standard","meta":{"_themeisle_gutenberg_block_has_review":false,"footnotes":""},"categories":[3,4,5],"tags":[],"class_list":["post-1500","post","type-post","status-publish","format-standard","has-post-thumbnail","hentry","category-comitato-sicilia","category-news","category-secondo-piano-generico"],"interactive":false,"_links":{"self":[{"href":"https:\/\/cri.it\/sicilia\/wp-json\/wp\/v2\/posts\/1500","targetHints":{"allow":["GET"]}}],"collection":[{"href":"https:\/\/cri.it\/sicilia\/wp-json\/wp\/v2\/posts"}],"about":[{"href":"https:\/\/cri.it\/sicilia\/wp-json\/wp\/v2\/types\/post"}],"author":[{"embeddable":true,"href":"https:\/\/cri.it\/sicilia\/wp-json\/wp\/v2\/users\/18"}],"replies":[{"embeddable":true,"href":"https:\/\/cri.it\/sicilia\/wp-json\/wp\/v2\/comments?post=1500"}],"version-history":[{"count":0,"href":"https:\/\/cri.it\/sicilia\/wp-json\/wp\/v2\/posts\/1500\/revisions"}],"wp:featuredmedia":[{"embeddable":true,"href":"https:\/\/cri.it\/sicilia\/wp-json\/wp\/v2\/media\/1122"}],"wp:attachment":[{"href":"https:\/\/cri.it\/sicilia\/wp-json\/wp\/v2\/media?parent=1500"}],"wp:term":[{"taxonomy":"category","embeddable":true,"href":"https:\/\/cri.it\/sicilia\/wp-json\/wp\/v2\/categories?post=1500"},{"taxonomy":"post_tag","embeddable":true,"href":"https:\/\/cri.it\/sicilia\/wp-json\/wp\/v2\/tags?post=1500"}],"curies":[{"name":"wp","href":"https:\/\/api.w.org\/{rel}","templated":true}]}}