{"id":1498,"date":"2016-06-16T00:00:00","date_gmt":"2016-06-15T22:00:00","guid":{"rendered":"https:\/\/sito.cri.intra\/sicilia\/2016\/06\/16\/nuova-sede-a-montelepre\/"},"modified":"2016-06-16T00:00:00","modified_gmt":"2016-06-15T22:00:00","slug":"nuova-sede-a-montelepre","status":"publish","type":"post","link":"https:\/\/cri.it\/sicilia\/2016\/06\/16\/nuova-sede-a-montelepre\/","title":{"rendered":"Nuova sede a Montelepre"},"content":{"rendered":"<h1 >Nuova sede a Montelepre<\/h1>\n<div >\u00a0<\/div>\n<div >\n<div ><img fetchpriority=\"high\"  src='http:\/\/cri.it\/wp-content\/uploads\/cri-content\/images\/4\/8\/3\/D.3afde1c577f1aae24596\/img.jpg' width=\"350\" height=\"262\" alt='immagine news' \/><\/div>\n<div >\n<p>\u00c8 stata firmata la convenzione di comodato d\u2019uso della sede che i Volontari <acronym title='Croce Rossa Italiana' lang='it'>C.R.I.<\/acronym> di Montelepre (PA) divideranno con la locale sezione Avis.La durata triennale dl protocollo d\u2019intesa permetter\u00e0 il prosieguo sul territorio delle attivit\u00e0 dei volontari, i quali continueranno ad essere punto di riferimento per la collettivit\u00e0 di Montelepre e dei comuni vicini, come Giardinello e Partinico.\u00a0Il Viceprefetto <abbr title='Dottore' lang='it'>Dott.<\/abbr>ssa Concetta Caruso, componente della Commissione Straordinaria per la gestione del Comune, ha ringraziato il Presidente Provinciale <acronym title='Croce Rossa Italiana' lang='it'>C.R.I.<\/acronym> di Palermo per l\u2019operato reso dei Volontari <acronym title='Croce Rossa Italiana' lang='it'>C.R.I.<\/acronym>, sia in situazioni emergenziali sia nel quotidiano.<\/p>\n<\/div>\n<div >\u00a0<\/div>\n<\/div>\n<div >\u00a0<\/div>\n<div >\n<div >\n<p>\u00a0<\/p>\n<\/div>\n<div >\u00a0<\/div>\n<\/div>\n<div >\u00a0<\/div>\n<div >\u00a0<\/div>\n<div >\u00a0<\/div>\n","protected":false},"excerpt":{"rendered":"<p>\u00c8 stata firmata la convenzione di comodato d\u2019uso della sede che i Volontari C.R.I. di Montelepre (PA) divideranno con la locale sezione Avis&#8230;<\/p>\n","protected":false},"author":18,"featured_media":1390,"comment_status":"closed","ping_status":"closed","sticky":false,"template":"","format":"standard","meta":{"_themeisle_gutenberg_block_has_review":false,"footnotes":""},"categories":[3,4,5],"tags":[],"class_list":["post-1498","post","type-post","status-publish","format-standard","has-post-thumbnail","hentry","category-comitato-sicilia","category-news","category-secondo-piano-generico"],"interactive":false,"_links":{"self":[{"href":"https:\/\/cri.it\/sicilia\/wp-json\/wp\/v2\/posts\/1498","targetHints":{"allow":["GET"]}}],"collection":[{"href":"https:\/\/cri.it\/sicilia\/wp-json\/wp\/v2\/posts"}],"about":[{"href":"https:\/\/cri.it\/sicilia\/wp-json\/wp\/v2\/types\/post"}],"author":[{"embeddable":true,"href":"https:\/\/cri.it\/sicilia\/wp-json\/wp\/v2\/users\/18"}],"replies":[{"embeddable":true,"href":"https:\/\/cri.it\/sicilia\/wp-json\/wp\/v2\/comments?post=1498"}],"version-history":[{"count":0,"href":"https:\/\/cri.it\/sicilia\/wp-json\/wp\/v2\/posts\/1498\/revisions"}],"wp:featuredmedia":[{"embeddable":true,"href":"https:\/\/cri.it\/sicilia\/wp-json\/wp\/v2\/media\/1390"}],"wp:attachment":[{"href":"https:\/\/cri.it\/sicilia\/wp-json\/wp\/v2\/media?parent=1498"}],"wp:term":[{"taxonomy":"category","embeddable":true,"href":"https:\/\/cri.it\/sicilia\/wp-json\/wp\/v2\/categories?post=1498"},{"taxonomy":"post_tag","embeddable":true,"href":"https:\/\/cri.it\/sicilia\/wp-json\/wp\/v2\/tags?post=1498"}],"curies":[{"name":"wp","href":"https:\/\/api.w.org\/{rel}","templated":true}]}}