{"id":1486,"date":"2016-06-16T00:00:00","date_gmt":"2016-06-15T22:00:00","guid":{"rendered":"https:\/\/sito.cri.intra\/sicilia\/2016\/06\/16\/continua-il-cineforum-della-cri-catania-su-discriminazione-e-pregiudizio-2\/"},"modified":"2016-06-16T00:00:00","modified_gmt":"2016-06-15T22:00:00","slug":"continua-il-cineforum-della-cri-catania-su-discriminazione-e-pregiudizio-2","status":"publish","type":"post","link":"https:\/\/cri.it\/sicilia\/2016\/06\/16\/continua-il-cineforum-della-cri-catania-su-discriminazione-e-pregiudizio-2\/","title":{"rendered":"Continua il Cineforum della\u00a0CRI\u00a0Catania su discriminazione e pregiudizio"},"content":{"rendered":"<h1 >Continua il Cineforum della\u00a0<acronym title='Croce Rossa Italiana' lang='it'>CRI<\/acronym>\u00a0Catania su discriminazione e pregiudizio<\/h1>\n<div >\u00a0<\/div>\n<div >\n<div ><img fetchpriority=\"high\"  src='http:\/\/cri.it\/wp-content\/uploads\/cri-content\/images\/1\/3\/7\/D.9c5c4fd205ebc9666a30\/cineforum_2.jpg' width=\"350\" height=\"220\" alt='immagine news' \/><\/div>\n<div >\n<p>Beirut Diaries: verit\u00e0, bugie e videotape sar\u00e0 il secondo film in proiezione venerd\u00ec 12 giugno 2015 dalle 19:00 alle 21.30 il <em >Cineforum su Discriminazione e Pregiudizio<\/em>, organizzato dal Comitato Provinciale <acronym title='Croce Rossa Italiana' lang='it'>C.R.I.<\/acronym> Catania.<\/p>\n<p>Nadine Zaidan, la protagonista, \u00e8 una delle migliaia di persone che sono scese\u3000in piazza Martyrs a Beirut dopo l\u2019assassinio del primo ministro Rafiq Hariri nel febbraio del 2005.\u3000Attorno a\u3000lei si muove\u3000una folla di\u3000persone di tutte le et\u00e0, fazioni e affiliazioni religiose e politiche che condividono speranze comuni, dibattono su questioni come l\u2019influenza della Siria nella politica libanese, l\u2019indagine sull\u2019assassinio di Hariri e la possibilit\u00e0 di tenere libere elezioni parlamentari.<\/p>\n<p>La scheda del film \u00e8 reperibile al link<\/p>\n<p><a href=\"http:\/\/www.librinlinea.it\/titolo\/beirut-diaries-verita-bugie-e-videot\/CAG1544050#altre_info\" target=\"_blank\" rel=\"noopener\">http:\/\/www.librinlinea.it\/titolo\/beirut-diaries-verita-bugie-e-videot\/CAG1544050#altre_info<\/a><\/p>\n<\/div>\n<div >\u00a0<\/div>\n<\/div>\n<div >\u00a0<\/div>\n<div >\n<div >\n<p>\u00a0<\/p>\n<\/div>\n<div >\u00a0<\/div>\n<\/div>\n<div >\u00a0<\/div>\n<div >\u00a0<\/div>\n<div >\u00a0<\/div>\n","protected":false},"excerpt":{"rendered":"<p>Beirut Diaries: verit\u00e0, bugie e videotape sar\u00e0 il secondo film in proiezione venerd\u00ec 12 giugno 2015 dalle..<\/p>\n","protected":false},"author":18,"featured_media":1487,"comment_status":"closed","ping_status":"closed","sticky":false,"template":"","format":"standard","meta":{"_themeisle_gutenberg_block_has_review":false,"footnotes":""},"categories":[3,4,5],"tags":[],"class_list":["post-1486","post","type-post","status-publish","format-standard","has-post-thumbnail","hentry","category-comitato-sicilia","category-news","category-secondo-piano-generico"],"interactive":false,"_links":{"self":[{"href":"https:\/\/cri.it\/sicilia\/wp-json\/wp\/v2\/posts\/1486","targetHints":{"allow":["GET"]}}],"collection":[{"href":"https:\/\/cri.it\/sicilia\/wp-json\/wp\/v2\/posts"}],"about":[{"href":"https:\/\/cri.it\/sicilia\/wp-json\/wp\/v2\/types\/post"}],"author":[{"embeddable":true,"href":"https:\/\/cri.it\/sicilia\/wp-json\/wp\/v2\/users\/18"}],"replies":[{"embeddable":true,"href":"https:\/\/cri.it\/sicilia\/wp-json\/wp\/v2\/comments?post=1486"}],"version-history":[{"count":0,"href":"https:\/\/cri.it\/sicilia\/wp-json\/wp\/v2\/posts\/1486\/revisions"}],"wp:featuredmedia":[{"embeddable":true,"href":"https:\/\/cri.it\/sicilia\/wp-json\/wp\/v2\/media\/1487"}],"wp:attachment":[{"href":"https:\/\/cri.it\/sicilia\/wp-json\/wp\/v2\/media?parent=1486"}],"wp:term":[{"taxonomy":"category","embeddable":true,"href":"https:\/\/cri.it\/sicilia\/wp-json\/wp\/v2\/categories?post=1486"},{"taxonomy":"post_tag","embeddable":true,"href":"https:\/\/cri.it\/sicilia\/wp-json\/wp\/v2\/tags?post=1486"}],"curies":[{"name":"wp","href":"https:\/\/api.w.org\/{rel}","templated":true}]}}