{"id":1475,"date":"2016-06-16T00:00:00","date_gmt":"2016-06-15T22:00:00","guid":{"rendered":"https:\/\/sito.cri.intra\/sicilia\/2016\/06\/16\/torna-a-gela-corri-con-papa-natale\/"},"modified":"2016-06-16T00:00:00","modified_gmt":"2016-06-15T22:00:00","slug":"torna-a-gela-corri-con-papa-natale","status":"publish","type":"post","link":"https:\/\/cri.it\/sicilia\/2016\/06\/16\/torna-a-gela-corri-con-papa-natale\/","title":{"rendered":"Torna a Gela &#8220;Corri con pap\u00e0 Natale&#8221;"},"content":{"rendered":"<h1 >Torna a Gela &#8220;Corri con pap\u00e0 Natale&#8221; <\/h1>\n<div >\u00a0<\/div>\n<div >\n<div ><img fetchpriority=\"high\"  src='http:\/\/cri.it\/wp-content\/uploads\/cri-content\/images\/4\/0\/0\/D.a6acc96e55251e030a09\/home_img.jpg' width=\"350\" height=\"493\" alt='immagine news' \/><\/div>\n<div >\n<p>Tutto pronto per il consueto appuntamento con &#8220;Corri con pap\u00e0 Natale&#8221;, la manifestazione ludico-sportiva organizzata dall&#8217;associazione &#8220;Green&#038;Sport&#8221;, che come ogni anno coinvolger\u00e0 i bambini e i ragazzi degli istituti di Gela.L&#8217;iniziativa mira a ricreare momenti di condivisione tra piccoli e adulti, promuovendo l&#8217;attivit\u00e0 fisica sin da bambini come stile di vita sano. &#8220;Correre \u00e8 bello, divertente e salutare&#8221;, questo il messaggio della manifestazione che si svolger\u00e0 tra le vie del centro storico, che per l&#8217;occasione si colorer\u00e0 di rosso con centinaia di bambini e ragazzi che indosseranno il cappellino di Natale, in compagnia dei Babbi Natale presenti, dei personaggi della Walt Disney e ancora coreografie ed esibizioni varie di gruppi e majorette che allieteranno la giornata. Previsti premi a estrazione e sorprese. L&#8217;appuntamento \u00e8 per il 12 dicembre in piazza Umberto I.All&#8217;evento prende parte il Comitato Locale <acronym title='Croce Rossa Italiana' lang='it'>C.R.I.<\/acronym> di Gela.<\/p>\n<\/div>\n<div >\u00a0<\/div>\n<\/div>\n<div >\u00a0<\/div>\n<div >\n<div >\n<p>\u00a0<\/p>\n<\/div>\n<div >\u00a0<\/div>\n<\/div>\n<div >\u00a0<\/div>\n<div >\u00a0<\/div>\n<div >\u00a0<\/div>\n","protected":false},"excerpt":{"rendered":"<p>Tutto pronto per il consueto appuntamento con &#8220;Corri con pap\u00e0 Natale&#8221;, la manifestazione ludico-sportiva organizzata&#8230;<\/p>\n","protected":false},"author":18,"featured_media":1120,"comment_status":"closed","ping_status":"closed","sticky":false,"template":"","format":"standard","meta":{"_themeisle_gutenberg_block_has_review":false,"footnotes":""},"categories":[3,4,5],"tags":[],"class_list":["post-1475","post","type-post","status-publish","format-standard","has-post-thumbnail","hentry","category-comitato-sicilia","category-news","category-secondo-piano-generico"],"interactive":false,"_links":{"self":[{"href":"https:\/\/cri.it\/sicilia\/wp-json\/wp\/v2\/posts\/1475","targetHints":{"allow":["GET"]}}],"collection":[{"href":"https:\/\/cri.it\/sicilia\/wp-json\/wp\/v2\/posts"}],"about":[{"href":"https:\/\/cri.it\/sicilia\/wp-json\/wp\/v2\/types\/post"}],"author":[{"embeddable":true,"href":"https:\/\/cri.it\/sicilia\/wp-json\/wp\/v2\/users\/18"}],"replies":[{"embeddable":true,"href":"https:\/\/cri.it\/sicilia\/wp-json\/wp\/v2\/comments?post=1475"}],"version-history":[{"count":0,"href":"https:\/\/cri.it\/sicilia\/wp-json\/wp\/v2\/posts\/1475\/revisions"}],"wp:featuredmedia":[{"embeddable":true,"href":"https:\/\/cri.it\/sicilia\/wp-json\/wp\/v2\/media\/1120"}],"wp:attachment":[{"href":"https:\/\/cri.it\/sicilia\/wp-json\/wp\/v2\/media?parent=1475"}],"wp:term":[{"taxonomy":"category","embeddable":true,"href":"https:\/\/cri.it\/sicilia\/wp-json\/wp\/v2\/categories?post=1475"},{"taxonomy":"post_tag","embeddable":true,"href":"https:\/\/cri.it\/sicilia\/wp-json\/wp\/v2\/tags?post=1475"}],"curies":[{"name":"wp","href":"https:\/\/api.w.org\/{rel}","templated":true}]}}