{"id":1474,"date":"2016-06-16T00:00:00","date_gmt":"2016-06-15T22:00:00","guid":{"rendered":"https:\/\/sito.cri.intra\/sicilia\/2016\/06\/16\/per-fortuna-siamo-solo-degli-operatori-umanitari-questo-e-il-nostro-ruolo\/"},"modified":"2016-06-16T00:00:00","modified_gmt":"2016-06-15T22:00:00","slug":"per-fortuna-siamo-solo-degli-operatori-umanitari-questo-e-il-nostro-ruolo","status":"publish","type":"post","link":"https:\/\/cri.it\/sicilia\/2016\/06\/16\/per-fortuna-siamo-solo-degli-operatori-umanitari-questo-e-il-nostro-ruolo\/","title":{"rendered":"&#8220;Per fortuna siamo solo degli operatori umanitari, questo \u00e8 il nostro ruolo&#8221;"},"content":{"rendered":"<div >\u00a0<\/div>\n<h1 >&#8220;Per fortuna siamo solo degli operatori umanitari, questo \u00e8 il nostro ruolo&#8221; <\/h1>\n<div >\u00a0<\/div>\n<div >\n<div ><img fetchpriority=\"high\"  src='http:\/\/cri.it\/wp-content\/uploads\/cri-content\/images\/1\/5\/0\/D.673bc1c8f6ddc9874d37\/img.jpg' width=\"350\" height=\"307\" alt='' \/><\/div>\n<h2 >(Io, Volontario della Croce Rossa)<\/h2>\n<div >\n<p>Carissimi soci e volontari della Croce Rossa,\u00a0<\/p>\n<p>negli ultimi giorni assistiamo tramite i mass media agli eventi terroristici che hanno colpito Parigi e che stanno suscitando sgomento in tutta la popolazione &#8220;occidentale&#8221;.<br \/>Fatti gi\u00e0 noti e che non ho la presunzione di commentare o spiegare, non \u00e8 il nostro ruolo.<br \/>Anche perch\u00e9 ricordo a tutti, che a prescindere dalla vicinanza culturale o territoriale, ogni giorno il nostro Movimento \u00e8 impegnato in situazioni di conflitto, in Nigeria dove azioni terroristiche quotidiane uccidono migliaia di persone anche nostri colleghi. In Siria dove decine di nostri operatori muoiono per soccorrere indistintamente civili o guerriglieri delle varie fazioni. Libano, Somalia e tanti altri luoghi dove atti sanguinari e vili uccidono innocenti e creano terrore. Il nostro movimento nasce praticamente in un episodio di guerra dove il NOSTRO fondatore soccorre tutti a prescindere dalla nazionalit\u00e0 o dalle idee che spingevano una fazione o l&#8217;altra a contrapporsi o al volere ragione.<br \/>Siamo la CROCE ROSSA, siamo contro la guerra perch\u00e9 genera morte, distruzione ed odio.<br \/>Siamo la CROCE ROSSA, soccorriamo tutti a prescindere dalla nazionalit\u00e0, opinione politica, razza e religione.<br \/>Siamo la Croce ROSSA, non tifiamo ne per una ne per un&#8217;altra parte.<br \/>In questi giorni di profonda tristezza si aggiunge il malessere nel vedere molti post o sentire commenti di uomini e donne di Croce Rossa che inneggiano alla guerra come risoluzione dei problemi, o ad assassini sanguinari (Mussolini o Riina) che dovrebbero proteggerci o ad affondare barconi per fermare il terrorismo.<br \/>Non sono un insegnante di storia e nemmeno un esperto sociologo\/psicologo o quant&#8217;altro possa spiegare il fenomeno terrorista o l&#8217;impatto che hanno le politiche estere delle nazioni su territori come Medio Oriente ed Africa, per fortuna siamo solo degli OPERATORI UMANITARI, questo \u00e8 il nostro RUOLO.<br \/>Volete combattere l&#8217;ISIS con le armi? Arruolatevi, ma non nel corpo militare che \u00e8 una forza di PACE, ma nell&#8217;esercito, quello con le armi.<br \/>Siete d&#8217;accordo nell&#8217;affondare i barconi? Date le dimissioni dalla Croce Rossa, noi le persone (non sono clandestini) dentro i barconi cristiani, musulmani, ebrei, tutti, li soccorriamo.<br \/>Volete difendere la cittadinanza? Entrate in polizia o nei servizi segreti.<br \/>Sono tutti ruoli importanti e fondamentali ma differenti. Cos\u00ec come una cosa \u00e8 la giustizia ed una la vendetta. Ogni opinione \u00e8 personale, si chiama libert\u00e0 di pensiero. Ma \u00e8 anche vero che chi non \u00e8 in linea con i valori e principi del Movimento non pu\u00f2 farne parte. Questa non \u00e8 un&#8217;associazione che basa la sua esistenza sui servizi in ambulanza o sull&#8217;indossare la divisa rossa, questa \u00e8 un&#8217;Associazione che basa la sua ragione d&#8217;essere sui sette Principi non derogabili e non interpretabili a proprio modo.\u00a0<br \/>Mafia, terrorismo, estremisti politici e religiosi si nutrono di ignoranza ed emarginazione, vogliamo combatterle? potenziamo le nostre attivit\u00e0 di integrazione.\u00a0<br \/>Anch&#8217;io mi chiedo, se fosse successo a me come potrei reagire? Sono certo che se la mia opinione fosse contraria a quella del Movimento darei subito le dimissioni come socio, ma spero che abbia il coraggio di questo uomo:&#8221;Venerd\u00ec sera avete rubato la vita di un essere eccezionale, l&#8217;amore della mia vita, la madre di mio figlio ma voi non avrete il mio odio. Non so chi siete e non voglio saperlo, siete delle anime morte. Se questo Dio per il quale voi uccidete ciecamente ci ha fatto a sua immagine, ogni proiettile nel corpo di mia moglie sar\u00e0 stata una ferita nel suo cuore.Allora non non vi far\u00f2 questo regalo di odiarvi. L&#8217; avete cercato tuttavia ma rispondere all&#8217;odio con la rabbia sarebbe cedere alla stessa ignoranza che ha fatto di voi ci\u00f2 che siete. Voi volete che io abbia paura, che guardi i miei concittadini con un occhio diffidente, che sacrifichi la mia libert\u00e0 per la sicurezza. Perso. Lo stesso giocatore gioca ancora.L&#8217;ho vista stamattina. Infine, dopo notti e giorni d&#8217;attesa. Era cos\u00ec bella come quando \u00e8 uscita questo venerd\u00ec sera, cos\u00ec bella come quando me ne sono innamorata perdutamente pi\u00f9 di 12 anni fa. Naturalmente io sono devastato dal dolore, vi concedo questa piccola vittoria, ma sar\u00e0 di breve durata. So che lei ci accompagner\u00e0 ogni giorno e che ci ritroveremo in quel paradiso delle anime libere a cui non avrete mai accesso.Siamo due, io e mio figlio, ma siamo pi\u00f9 forti di tutti gli eserciti del mondo. Non ho peraltro pi\u00f9 tempo da dedicarvi, devo raggiungere Melvil che si risveglia dal suo pisolino. Ha 17 mesi appena, manger\u00e0 la sua merenda come tutti i giorni, poi andremo a giocare come tutti i giorni e per tutta la sua vita questo piccolo ragazzo vi far\u00e0 l&#8217;affronto di essere felice e libero. Perch\u00e9 no, non avrete nemmeno il suo odio&#8221;.<br \/>Io non sono Parigi, non sono Charlie Hebdo o altro, Je suis la Croce Rossa e Mezzaluna Rossa.<br \/>Buon volontariato e che siate agenti di cambiamento a prescindere se indossate la divisa o siete a mangiare una pizza con amici.\u00a0<\/p>\n<p>Fabio D&#8217;Agostino\u00a0<br \/>Volontario della Croce Rossa Italiana\u00a0Presidente del Comitato Provinciale <acronym title='Croce Rossa Italiana' lang='it'>C.R.I.<\/acronym> di Palermo<\/p>\n<\/div>\n<div >\u00a0<\/div>\n<\/div>\n","protected":false},"excerpt":{"rendered":"<p>Carissimi soci e volontari della Croce Rossa,negli ultimi giorni assistiamo tramite i mass media agli eventi terroristici che..<\/p>\n","protected":false},"author":18,"featured_media":930,"comment_status":"closed","ping_status":"closed","sticky":false,"template":"","format":"standard","meta":{"_themeisle_gutenberg_block_has_review":false,"footnotes":""},"categories":[3,4,5],"tags":[],"class_list":["post-1474","post","type-post","status-publish","format-standard","has-post-thumbnail","hentry","category-comitato-sicilia","category-news","category-secondo-piano-generico"],"interactive":false,"_links":{"self":[{"href":"https:\/\/cri.it\/sicilia\/wp-json\/wp\/v2\/posts\/1474","targetHints":{"allow":["GET"]}}],"collection":[{"href":"https:\/\/cri.it\/sicilia\/wp-json\/wp\/v2\/posts"}],"about":[{"href":"https:\/\/cri.it\/sicilia\/wp-json\/wp\/v2\/types\/post"}],"author":[{"embeddable":true,"href":"https:\/\/cri.it\/sicilia\/wp-json\/wp\/v2\/users\/18"}],"replies":[{"embeddable":true,"href":"https:\/\/cri.it\/sicilia\/wp-json\/wp\/v2\/comments?post=1474"}],"version-history":[{"count":0,"href":"https:\/\/cri.it\/sicilia\/wp-json\/wp\/v2\/posts\/1474\/revisions"}],"wp:featuredmedia":[{"embeddable":true,"href":"https:\/\/cri.it\/sicilia\/wp-json\/wp\/v2\/media\/930"}],"wp:attachment":[{"href":"https:\/\/cri.it\/sicilia\/wp-json\/wp\/v2\/media?parent=1474"}],"wp:term":[{"taxonomy":"category","embeddable":true,"href":"https:\/\/cri.it\/sicilia\/wp-json\/wp\/v2\/categories?post=1474"},{"taxonomy":"post_tag","embeddable":true,"href":"https:\/\/cri.it\/sicilia\/wp-json\/wp\/v2\/tags?post=1474"}],"curies":[{"name":"wp","href":"https:\/\/api.w.org\/{rel}","templated":true}]}}