{"id":1468,"date":"2016-06-16T00:00:00","date_gmt":"2016-06-15T22:00:00","guid":{"rendered":"https:\/\/sito.cri.intra\/sicilia\/2016\/06\/16\/assegnati-i-locali-per-la-sede-cri-di-leonforte\/"},"modified":"2016-06-16T00:00:00","modified_gmt":"2016-06-15T22:00:00","slug":"assegnati-i-locali-per-la-sede-cri-di-leonforte","status":"publish","type":"post","link":"https:\/\/cri.it\/sicilia\/2016\/06\/16\/assegnati-i-locali-per-la-sede-cri-di-leonforte\/","title":{"rendered":"Assegnati i locali per la Sede CRI di Leonforte"},"content":{"rendered":"<h1 >Assegnati i locali per la Sede <acronym title='Croce Rossa Italiana' lang='it'>CRI<\/acronym> di Leonforte<\/h1>\n<div >\u00a0<\/div>\n<div >\n<div ><img fetchpriority=\"high\"  src='http:\/\/cri.it\/wp-content\/uploads\/cri-content\/images\/1\/1\/b\/D.8706980ef9adc3850a9c\/home_img.jpg' width=\"350\" height=\"350\" alt='immagine news' \/><\/div>\n<div >\n<p>Nei giorni scorsi \u00e8 stato siglato il Sindaco di Leonforte, Francesco Sinatra, ed il Presidente Provinciale <acronym title='Croce Rossa Italiana' lang='it'>C.R.I.<\/acronym> di Enna, Antonino Insinga, hanno siglato il comodato d\u2019uso che porter\u00e0 alla riapertura della Sede della Croce Rossa Italiana a Leonforte.Leonforte, conta gi\u00e0 numerosi Volontari che, adesso, potranno iniziare con nuovi corsi di formazione ed attivit\u00e0 che porteranno, anche in questa importante citt\u00e0 della provincia, ad avere un presidio stabile di assistenza ai pi\u00f9 vulnerabili.La riapertura della Sede <acronym title='Croce Rossa Italiana' lang='it'>C.R.I.<\/acronym> di Leonforte segue l&#8217;istituzione delle due Sedi di Barrafranca e Aidone, gi\u00e0 attive.<\/p>\n<\/div>\n<div >\u00a0<\/div>\n<\/div>\n<div >\u00a0<\/div>\n<div >\n<div >\n<p>\u00a0<\/p>\n<\/div>\n<div >\u00a0<\/div>\n<\/div>\n<div >\u00a0<\/div>\n<div >\u00a0<\/div>\n<div >\u00a0<\/div>\n","protected":false},"excerpt":{"rendered":"<p>Nei giorni scorsi \u00e8 stato siglato il Sindaco di Leonforte, Francesco Sinatra, ed il Presidente Provinciale C.R.I. di Enna..<\/p>\n","protected":false},"author":18,"featured_media":910,"comment_status":"closed","ping_status":"closed","sticky":false,"template":"","format":"standard","meta":{"_themeisle_gutenberg_block_has_review":false,"footnotes":""},"categories":[3,4,5],"tags":[],"class_list":["post-1468","post","type-post","status-publish","format-standard","has-post-thumbnail","hentry","category-comitato-sicilia","category-news","category-secondo-piano-generico"],"interactive":false,"_links":{"self":[{"href":"https:\/\/cri.it\/sicilia\/wp-json\/wp\/v2\/posts\/1468","targetHints":{"allow":["GET"]}}],"collection":[{"href":"https:\/\/cri.it\/sicilia\/wp-json\/wp\/v2\/posts"}],"about":[{"href":"https:\/\/cri.it\/sicilia\/wp-json\/wp\/v2\/types\/post"}],"author":[{"embeddable":true,"href":"https:\/\/cri.it\/sicilia\/wp-json\/wp\/v2\/users\/18"}],"replies":[{"embeddable":true,"href":"https:\/\/cri.it\/sicilia\/wp-json\/wp\/v2\/comments?post=1468"}],"version-history":[{"count":0,"href":"https:\/\/cri.it\/sicilia\/wp-json\/wp\/v2\/posts\/1468\/revisions"}],"wp:featuredmedia":[{"embeddable":true,"href":"https:\/\/cri.it\/sicilia\/wp-json\/wp\/v2\/media\/910"}],"wp:attachment":[{"href":"https:\/\/cri.it\/sicilia\/wp-json\/wp\/v2\/media?parent=1468"}],"wp:term":[{"taxonomy":"category","embeddable":true,"href":"https:\/\/cri.it\/sicilia\/wp-json\/wp\/v2\/categories?post=1468"},{"taxonomy":"post_tag","embeddable":true,"href":"https:\/\/cri.it\/sicilia\/wp-json\/wp\/v2\/tags?post=1468"}],"curies":[{"name":"wp","href":"https:\/\/api.w.org\/{rel}","templated":true}]}}