{"id":1458,"date":"2016-06-16T00:00:00","date_gmt":"2016-06-15T22:00:00","guid":{"rendered":"https:\/\/sito.cri.intra\/sicilia\/2016\/06\/16\/la-cri-catania-al-congresso-nazionale-simit\/"},"modified":"2016-06-16T00:00:00","modified_gmt":"2016-06-15T22:00:00","slug":"la-cri-catania-al-congresso-nazionale-simit","status":"publish","type":"post","link":"https:\/\/cri.it\/sicilia\/2016\/06\/16\/la-cri-catania-al-congresso-nazionale-simit\/","title":{"rendered":"La CRI Catania al Congresso Nazionale SIMIT"},"content":{"rendered":"<h1 >La <acronym title='Croce Rossa Italiana' lang='it'>CRI<\/acronym> Catania al Congresso Nazionale SIMIT<\/h1>\n<div >\u00a0<\/div>\n<div >\n<div ><img fetchpriority=\"high\"  src='http:\/\/cri.it\/wp-content\/uploads\/cri-content\/images\/f\/5\/b\/D.81a385b266262abd83ac\/img.jpg' width=\"350\" height=\"226\" alt='immagine news' \/><\/div>\n<div >\n<p>Il Comitato Provinciale <acronym title='Croce Rossa Italiana' lang='it'>C.R.I.<\/acronym> di Catania \u00e8 stato invitato a partecipare al XIV Congresso Nazionale della Societ\u00e0 Italiana di Malattie Infettive e Tropicali, organizzato dal SIMIT (Societ\u00e0 Italiana Malattie Infettive e Tropicali) presso il\u3000Centro Fieristico &#8220;Le Ciminiere&#8221; nei giorni 9, 10 e 11 novembre 2015.<\/p>\n<p>Nella giornata di luned\u00ec 9 novembre \u00e8 intervenuta ai lavori il Direttore Sanitario Regionale <acronym title='Croce Rossa Italiana' lang='it'>C.R.I.<\/acronym> della Sicilia, <abbr title='Dottore' lang='it'>Dott.<\/abbr>ssa Antonella Fabiano, relazionando su &#8220;l&#8217;assistenza dello straniero vulnerabili: l&#8217;esperienza della <acronym title='Croce Rossa Italiana' lang='it'>C.R.I.<\/acronym> Sicilia.<\/p>\n<p>Il Comitato Provinciale <acronym title='Croce Rossa Italiana' lang='it'>C.R.I.<\/acronym> ha inoltre allestito uno stand informativo all\u2019interno della struttura, al fine di promuovere le proprie campagne di informazione e sensibilizzazione.<\/p>\n<\/div>\n<div >\u00a0<\/div>\n<\/div>\n<div >\u00a0<\/div>\n<div >\n<div >\n<p>\u00a0<\/p>\n<\/div>\n<div >\u00a0<\/div>\n<\/div>\n<div >\u00a0<\/div>\n<div >\u00a0<\/div>\n<div >\u00a0<\/div>\n","protected":false},"excerpt":{"rendered":"<p>Il Comitato Provinciale C.R.I. di Catania \u00e8 stato invitato a partecipare al XIV Congresso Nazionale della Societ\u00e0 Italiana di Malattie Infettive e Tropicali, organizzato dal&#8230;<\/p>\n","protected":false},"author":18,"featured_media":930,"comment_status":"closed","ping_status":"closed","sticky":false,"template":"","format":"standard","meta":{"_themeisle_gutenberg_block_has_review":false,"footnotes":""},"categories":[3,4,5],"tags":[],"class_list":["post-1458","post","type-post","status-publish","format-standard","has-post-thumbnail","hentry","category-comitato-sicilia","category-news","category-secondo-piano-generico"],"interactive":false,"_links":{"self":[{"href":"https:\/\/cri.it\/sicilia\/wp-json\/wp\/v2\/posts\/1458","targetHints":{"allow":["GET"]}}],"collection":[{"href":"https:\/\/cri.it\/sicilia\/wp-json\/wp\/v2\/posts"}],"about":[{"href":"https:\/\/cri.it\/sicilia\/wp-json\/wp\/v2\/types\/post"}],"author":[{"embeddable":true,"href":"https:\/\/cri.it\/sicilia\/wp-json\/wp\/v2\/users\/18"}],"replies":[{"embeddable":true,"href":"https:\/\/cri.it\/sicilia\/wp-json\/wp\/v2\/comments?post=1458"}],"version-history":[{"count":0,"href":"https:\/\/cri.it\/sicilia\/wp-json\/wp\/v2\/posts\/1458\/revisions"}],"wp:featuredmedia":[{"embeddable":true,"href":"https:\/\/cri.it\/sicilia\/wp-json\/wp\/v2\/media\/930"}],"wp:attachment":[{"href":"https:\/\/cri.it\/sicilia\/wp-json\/wp\/v2\/media?parent=1458"}],"wp:term":[{"taxonomy":"category","embeddable":true,"href":"https:\/\/cri.it\/sicilia\/wp-json\/wp\/v2\/categories?post=1458"},{"taxonomy":"post_tag","embeddable":true,"href":"https:\/\/cri.it\/sicilia\/wp-json\/wp\/v2\/tags?post=1458"}],"curies":[{"name":"wp","href":"https:\/\/api.w.org\/{rel}","templated":true}]}}