{"id":1446,"date":"2016-06-16T00:00:00","date_gmt":"2016-06-15T22:00:00","guid":{"rendered":"https:\/\/sito.cri.intra\/sicilia\/2016\/06\/16\/visita-in-sicilia-dellispettrice-nazionale-ii-vv-c-r-i\/"},"modified":"2016-06-16T00:00:00","modified_gmt":"2016-06-15T22:00:00","slug":"visita-in-sicilia-dellispettrice-nazionale-ii-vv-c-r-i","status":"publish","type":"post","link":"https:\/\/cri.it\/sicilia\/2016\/06\/16\/visita-in-sicilia-dellispettrice-nazionale-ii-vv-c-r-i\/","title":{"rendered":"Visita in Sicilia dell&#8217;Ispettrice Nazionale II.VV. C.R.I."},"content":{"rendered":"<h1 >Visita in Sicilia dell&#039;Ispettrice Nazionale II.VV. <acronym title='Croce Rossa Italiana' lang='it'>C.R.I.<\/acronym><\/h1>\n<div >\u00a0<\/div>\n<div >\n<div ><img fetchpriority=\"high\"  src='http:\/\/cri.it\/wp-content\/uploads\/cri-content\/images\/d\/4\/f\/D.8ed290b8746485154e21\/img.jpg' width=\"350\" height=\"350\" alt='immagine news' \/><\/div>\n<div >\n<p>Mercoled\u00ec 18 novembre 2015, in occasione della visita al Centro Accoglienza Richiedenti Asilo di Mineo, l&#8217;Ispettrice Nazionale <abbr title='Sorella' lang='it'>S.lla<\/abbr> Monica Dialuce Gambino, accompagnata dall&#8217;Ispettrice II.VV. <acronym title='Croce Rossa Italiana' lang='it'>C.R.I.<\/acronym> del XII Centro di Mobilitazione, ha aperto i lavori del corso informativo sulla &#8220;Organizzazione e Gestione della Farmacia in Emergenza&#8221;, tenuto da specialisti dell&#8217;azienda farmaceutica ADMENTA, gruppo multinazionale Celesio, cui hanno preso 15 Crocerossine.L&#8217;azienda ha inoltre offerto al Corpo Infermiere Volontarie <acronym title='Croce Rossa Italiana' lang='it'>C.R.I.<\/acronym> una importante donazione di farmaci e parafarmaci, da utilizzare nel corso delle molteplici attivit\u00e0 svolte sul territorio, a favore dei molti ospiti del C.A.R.A.Nella stessa giornata, alla presenza dell\u2019Ammiraglio Ispettore Enrico Mascia, si \u00e8 tenuta la cerimonia di donazione di una parte di farmaci alla Marina Militare, che li impiegher\u00e0 a bordo delle sue navi, per il primo aiuto ai migranti soccorsi in mare.Gioved\u00ec 19 novembre 2015, <abbr title='Sorella' lang='it'>S.lla<\/abbr> Dialuce \u00e8 stata a Catania, in visita alla Nave Maestrale. La nave, sulla via del ritorno alla base navale di La Spezia, effettuer\u00e0 la sua ultima navigazione, prima di cessare definitivamente la sua vita operativa, dopo 33 anni al servizio del Paese. Essa ha toccato per l\u2019ultima volta la Sicilia per salutare la popolazione, permettendo cos\u00ec ai cittadini catanesi, di poterla visitare, effettuare uscite in mare, prendere parte a mostre itineranti, partecipare ad eventi, convegni culturali e di beneficenza che saranno organizzati dal Comando Marittimo Sicilia.<\/p>\n<\/div>\n<div >\u00a0<\/div>\n<\/div>\n<div >\u00a0<\/div>\n<div >\n<div >\n<p>\u00a0<\/p>\n<\/div>\n<div >\u00a0<\/div>\n<\/div>\n<div >\u00a0<\/div>\n<div >\u00a0<\/div>\n<div >\u00a0<\/div>\n","protected":false},"excerpt":{"rendered":"<p>Mercoled\u00ec 18 novembre 2015, in occasione della visita al Centro Accoglienza Richiedenti Asilo di Mineo, l&#8217;Ispettrice Nazionale S.lla Monica Dialuce Gambino, accompagnata&#8230;<\/p>\n","protected":false},"author":18,"featured_media":930,"comment_status":"closed","ping_status":"closed","sticky":false,"template":"","format":"standard","meta":{"_themeisle_gutenberg_block_has_review":false,"footnotes":""},"categories":[3,4,5],"tags":[],"class_list":["post-1446","post","type-post","status-publish","format-standard","has-post-thumbnail","hentry","category-comitato-sicilia","category-news","category-secondo-piano-generico"],"interactive":false,"_links":{"self":[{"href":"https:\/\/cri.it\/sicilia\/wp-json\/wp\/v2\/posts\/1446","targetHints":{"allow":["GET"]}}],"collection":[{"href":"https:\/\/cri.it\/sicilia\/wp-json\/wp\/v2\/posts"}],"about":[{"href":"https:\/\/cri.it\/sicilia\/wp-json\/wp\/v2\/types\/post"}],"author":[{"embeddable":true,"href":"https:\/\/cri.it\/sicilia\/wp-json\/wp\/v2\/users\/18"}],"replies":[{"embeddable":true,"href":"https:\/\/cri.it\/sicilia\/wp-json\/wp\/v2\/comments?post=1446"}],"version-history":[{"count":0,"href":"https:\/\/cri.it\/sicilia\/wp-json\/wp\/v2\/posts\/1446\/revisions"}],"wp:featuredmedia":[{"embeddable":true,"href":"https:\/\/cri.it\/sicilia\/wp-json\/wp\/v2\/media\/930"}],"wp:attachment":[{"href":"https:\/\/cri.it\/sicilia\/wp-json\/wp\/v2\/media?parent=1446"}],"wp:term":[{"taxonomy":"category","embeddable":true,"href":"https:\/\/cri.it\/sicilia\/wp-json\/wp\/v2\/categories?post=1446"},{"taxonomy":"post_tag","embeddable":true,"href":"https:\/\/cri.it\/sicilia\/wp-json\/wp\/v2\/tags?post=1446"}],"curies":[{"name":"wp","href":"https:\/\/api.w.org\/{rel}","templated":true}]}}