{"id":900,"date":"2016-08-26T00:00:00","date_gmt":"2016-08-25T22:00:00","guid":{"rendered":"https:\/\/sito.cri.intra\/sardegna\/2016\/08\/26\/corso-blsd-intercomponente-16-06-2012\/"},"modified":"2016-08-26T00:00:00","modified_gmt":"2016-08-25T22:00:00","slug":"corso-blsd-intercomponente-16-06-2012","status":"publish","type":"post","link":"https:\/\/cri.it\/sardegna\/2016\/08\/26\/corso-blsd-intercomponente-16-06-2012\/","title":{"rendered":"Corso BLSD Intercomponente 16.06.2012"},"content":{"rendered":"<div >\n<div ><img  src='http:\/\/cri.it\/wp-content\/uploads\/cri-content\/images\/c\/f\/b\/D.23d892d6250deead89ec\/BLSD_CRI.jpg' width=\"150\" height=\"113\" alt='Corso di BLSD condotto da Volontari CRI' \/><\/div>\n<h2 >Il Comitato Provinciale <acronym title='Croce Rossa Italiana' lang='it'>CRI<\/acronym> Oristano ha diramato il bando per il corso <acronym title='Basic Life Support - Defibrillation (Manovre di rianimazione)' lang='en'>BLSD<\/acronym> intercomponente, che si svolger\u00e0 il prossimo 16 giugno 2012.<\/h2>\n<div >\n<p>Il corso, sotto la direzione del Direttore Sanitario <acronym title='Croce Rossa Italiana' lang='it'>CRI<\/acronym> Sardegna <abbr title='dottore' lang='it'>dott.<\/abbr> Andrea Simoni, \u00e8 stato indetto in occasione del Corso per Allieve II.VV., alle quali \u00e8 data priorit\u00e0 nelle iscrizioni.<br \/>\u00a0<br \/>\u00a0<\/p>\n<\/div>\n<div >\u00a0<\/div>\n<\/div>\n<div >\u00a0<\/div>\n<div >\n<div >\n<p>Le iscrizioni possono essere inoltrate alla casella di posta elettronica <a href='mailto:blsdcrisardegna@gmail.com'>blsdcrisardegna@gmail.com<\/a> entro e non oltre il prossimo 10 giugno 2012.<\/p>\n<\/div>\n<div >\u00a0<\/div>\n<\/div>\n<div >\u00a0<\/div>\n<div ><a title='Bando Corso BLSD Intercomponente  (399.21 KB)' href=\"http:\/\/cri.it\/wp-content\/uploads\/cri-content\/files\/9\/1\/7\/D.3f522ff581e2f7ce109e\/Corso_blsd_16_giugno_2012.pdf\" class=\"mtli_attachment mtli_pdf\"  ><img decoding=\"async\"  src=\"https:\/\/cri.it\/wp-content\/uploads\/2020\/11\/AcrobatPdf_Piccola.gif\" alt='File in formato PDF (399.21 KB)' \/>Bando Corso BLSD Intercomponente<span > (399.21 KB)<\/span><\/a><span >.<\/span><\/div>\n<div >\u00a0<\/div>\n","protected":false},"excerpt":{"rendered":"<p>\u00c8 stato pubblicato il bando per il corso intercomponente BLSD del 16 giugno 2012.<\/p>\n","protected":false},"author":17,"featured_media":571,"comment_status":"closed","ping_status":"closed","sticky":false,"template":"","format":"standard","meta":{"_themeisle_gutenberg_block_has_review":false,"footnotes":""},"categories":[2,3,6],"tags":[],"class_list":["post-900","post","type-post","status-publish","format-standard","has-post-thumbnail","hentry","category-comitato-sardegna","category-news","category-primo-piano-generico"],"interactive":false,"_links":{"self":[{"href":"https:\/\/cri.it\/sardegna\/wp-json\/wp\/v2\/posts\/900","targetHints":{"allow":["GET"]}}],"collection":[{"href":"https:\/\/cri.it\/sardegna\/wp-json\/wp\/v2\/posts"}],"about":[{"href":"https:\/\/cri.it\/sardegna\/wp-json\/wp\/v2\/types\/post"}],"author":[{"embeddable":true,"href":"https:\/\/cri.it\/sardegna\/wp-json\/wp\/v2\/users\/17"}],"replies":[{"embeddable":true,"href":"https:\/\/cri.it\/sardegna\/wp-json\/wp\/v2\/comments?post=900"}],"version-history":[{"count":0,"href":"https:\/\/cri.it\/sardegna\/wp-json\/wp\/v2\/posts\/900\/revisions"}],"wp:featuredmedia":[{"embeddable":true,"href":"https:\/\/cri.it\/sardegna\/wp-json\/wp\/v2\/media\/571"}],"wp:attachment":[{"href":"https:\/\/cri.it\/sardegna\/wp-json\/wp\/v2\/media?parent=900"}],"wp:term":[{"taxonomy":"category","embeddable":true,"href":"https:\/\/cri.it\/sardegna\/wp-json\/wp\/v2\/categories?post=900"},{"taxonomy":"post_tag","embeddable":true,"href":"https:\/\/cri.it\/sardegna\/wp-json\/wp\/v2\/tags?post=900"}],"curies":[{"name":"wp","href":"https:\/\/api.w.org\/{rel}","templated":true}]}}