{"id":1054,"date":"2019-10-14T00:00:00","date_gmt":"2019-10-13T22:00:00","guid":{"rendered":"https:\/\/cri.it\/sardegna\/2019\/10\/14\/settimana-nazionale-della-protezione-civile-open-day-2019\/"},"modified":"2019-10-14T00:00:00","modified_gmt":"2019-10-13T22:00:00","slug":"settimana-nazionale-della-protezione-civile-open-day-2019","status":"publish","type":"post","link":"https:\/\/cri.it\/sardegna\/2019\/10\/14\/settimana-nazionale-della-protezione-civile-open-day-2019\/","title":{"rendered":"Settimana nazionale della Protezione Civile  \u201cOPEN DAY 2019\u201d"},"content":{"rendered":"<h1 class=\"viewTitolo viewTitolo1\">Open Day 2019: Giornata della Protezione Civile a Cagliari<\/h1>\n<div class='BLOBWidth100'>\n<div class='BLOBFloatRight BLOBIMGSpacerLeft'><img fetchpriority=\"high\" id='img-4' src='https:\/\/cri.it\/wp-content\/uploads\/cri-content\/images\/6\/0\/3\/D.2431f1309747756f9699\/Settimana_Protezione_Civile_Sardegna__1_.jpg'  width=\"300\" height=\"420\" alt='' \/><\/div>\n<div class='viewParCell BLOBAlignJustify'>\n<p>\u201cSettimana Nazionale della Protezione Civile\u201d &#8211; <br \/>OPEN DAY 2019 Giornata della Protezione Civile<br \/><strong class='userFormat1'>Cagliari, gioved\u00ec 17 ottobre 2019&nbsp;<\/strong><br \/><strong class='userFormat1'>Porto: Molo \u201cIchnusa\u201d &#8211; dalle ore 8.30 alle 13<\/strong><\/p>\n<p>Un appuntamento per la citt\u00e0, un momento per incontrare cittadini studenti, volontari ed enti che quotidianamente sono impegnati nel settore della Protezione Civile. Ma anche una serie di attivit\u00e0, al fine di informare e sensibilizzare la popolazione sui comportamenti corretti da tenere in caso di calamit\u00e0.&nbsp; Gioved\u00ec 17 ottobre 2019, per l\u2019intera mattina, dalle ore 8:30 alle 13:00, a Cagliari, nel Molo \u201cIchnusa\u201d del porto, si svolger\u00e0 l\u2019evento \u201cOpen Day 2019\u201d, nell\u2019ambito della prima edizione della \u201cSettimana nazionale della Protezione Civile\u201d, quest\u2019anno in&nbsp; programma dal 12 al 19 ottobre. Nell\u2019area sar\u00e0 presentata a tutti i cittadini e alle scolaresche (accesso libero) una ampia e articolata esposizione dei mezzi e delle attrezzature utilizzate durante le emergenze dalla Croce Rossa Italiana e dalla Protezione Civile Regionale. Esperti di Protezione Civile, personale dipendente e volontario con competenze sanitarie, tecnico logistiche, socio assistenziali e psicologiche saranno a disposizione dei cittadini e potranno cos\u00ec far comprendere l\u2019importante lavoro che svolge l\u2019area emergenza della Croce Rossa. <\/p>\n<p>L\u2019evento \u00e8 organizzato <strong class='userFormat1'>dalla Croce Rossa Italiana &#8211; Comitato Regionale Sardegna, il Corpo Militare Volontario &#8211; Centro di Mobilitazione Sardegna, in accordo con il Comitato <acronym title='Croce Rossa Italiana' lang='it'>CRI<\/acronym> di Cagliari e in collaborazione con il MIUR \u2013 Ufficio scolastico regionale per la Sardegna e la Protezione Civile Regionale.<br \/><\/strong><br \/>Questo il programma della Giornata:<br \/>Ore 8:30 &#8211; Apertura esposizione mezzi e attrezzature, con percorsi guidati&nbsp;<br \/>Ore 9:00 &#8211; Presentazione alla popolazione e scolaresche da parte di esperti dei georischi e buone prassi da adottare in caso di calamit\u00e0 naturali e incidenti maggiori&nbsp;<br \/>Ore 11:00 &#8211; Interventi della Protezione Civile&nbsp;<br \/>Ore 12:00 &#8211; Dimostrazione di attivit\u00e0 di Protezione Civile<br \/>Ore 13:30 &#8211; Chiusura evento \t<\/p>\n<p>\u00abLe Giornate di Protezione Civile \u2013 <strong class='userFormat1'>dichiara&nbsp; Sergio Piredda<\/strong> (Colonnello &#8211; Comandante del Centro di Mobilitazione Sardegna del Corpo Militare Volontario e Commissario Regionale della Croce Rossa Italiana) &#8211; sono un momento di condivisione con la citt\u00e0, dei risultati raggiunti dal Sistema di Protezione Civile regionale, un\u2019occasione per incontrarsi con tutti gli attori della Protezione Civile, per ringraziare tutto il personale impiegato e volontario che d\u00e0 vita a questo sistema e per ricordare, l\u2019importanza di gesti di solidariet\u00e0 verso l\u2019altro e di responsabilit\u00e0 verso la comunit\u00e0 che ciascuno di noi pu\u00f2 intraprendere.\u201d<\/p>\n<p>La \u201cSettimana nazionale della Protezione Civile\u201d, quest\u2019anno in programma dal 13 al 19 ottobre (istituita con direttiva del Consiglio dei Ministri del 1\u00b0 aprile 2019), consiste in sette giorni di iniziative, eventi di informazione e comunicazione, volte in particolare alla diffusione sul territorio nazionale della conoscenza e della cultura di protezione civile, allo scopo di promuovere tra i cittadini l\u2019adozione di comportamenti consapevoli e di misure di autoprotezione, nonch\u00e9 favorire l\u2019informazione alla popolazione sugli scenari di rischio, le buone pratiche da adottare e la conoscenza sulla moderna pianificazione di protezione civile.&nbsp; &nbsp; &nbsp; &nbsp;<\/p>\n<\/div>\n<div class='BLOBFloatClear BLOBRow1px'>&nbsp;<\/div>\n<\/div>\n<div class='BLOBBlockAlignCenter'><img id='img-5' src='https:\/\/cri.it\/wp-content\/uploads\/cri-content\/images\/5\/0\/1\/D.699a6bf22e0032116136\/Settimana_Protezione_Civile_Sardegna__1_.jpg'  width=\"1000\" height=\"1400\" alt='' class='viewImg' \/><\/div>\n<div class='BLOBFloatClear'><\/div>\n","protected":false},"excerpt":{"rendered":"<p>Gioved\u00ec 17 ottobre 2019, per l\u2019intera mattina, dalle ore 9:00 alle 13:00, a Cagliari, nel Molo \u201cIchnusa\u201d del porto, si svolger\u00e0 l\u2019evento \u201cOpen Day 2019\u201d, nell\u2019ambito della prima edizione della \u201cSettimana nazionale della Protezione Civile\u201d, che quest\u2019anno in programma dal 12 al 19 ottobre.<\/p>\n","protected":false},"author":47,"featured_media":1055,"comment_status":"open","ping_status":"open","sticky":false,"template":"","format":"standard","meta":{"_themeisle_gutenberg_block_has_review":false,"footnotes":""},"categories":[2,11,3,5],"tags":[],"class_list":["post-1054","post","type-post","status-publish","format-standard","has-post-thumbnail","hentry","category-comitato-sardegna","category-eventi","category-news","category-secondo-piano-generico"],"interactive":false,"_links":{"self":[{"href":"https:\/\/cri.it\/sardegna\/wp-json\/wp\/v2\/posts\/1054","targetHints":{"allow":["GET"]}}],"collection":[{"href":"https:\/\/cri.it\/sardegna\/wp-json\/wp\/v2\/posts"}],"about":[{"href":"https:\/\/cri.it\/sardegna\/wp-json\/wp\/v2\/types\/post"}],"author":[{"embeddable":true,"href":"https:\/\/cri.it\/sardegna\/wp-json\/wp\/v2\/users\/47"}],"replies":[{"embeddable":true,"href":"https:\/\/cri.it\/sardegna\/wp-json\/wp\/v2\/comments?post=1054"}],"version-history":[{"count":0,"href":"https:\/\/cri.it\/sardegna\/wp-json\/wp\/v2\/posts\/1054\/revisions"}],"wp:featuredmedia":[{"embeddable":true,"href":"https:\/\/cri.it\/sardegna\/wp-json\/wp\/v2\/media\/1055"}],"wp:attachment":[{"href":"https:\/\/cri.it\/sardegna\/wp-json\/wp\/v2\/media?parent=1054"}],"wp:term":[{"taxonomy":"category","embeddable":true,"href":"https:\/\/cri.it\/sardegna\/wp-json\/wp\/v2\/categories?post=1054"},{"taxonomy":"post_tag","embeddable":true,"href":"https:\/\/cri.it\/sardegna\/wp-json\/wp\/v2\/tags?post=1054"}],"curies":[{"name":"wp","href":"https:\/\/api.w.org\/{rel}","templated":true}]}}