{"id":8126,"date":"2024-07-05T18:37:18","date_gmt":"2024-07-05T16:37:18","guid":{"rendered":"https:\/\/cri.it\/piemonte\/?p=8126"},"modified":"2024-12-19T16:58:59","modified_gmt":"2024-12-19T15:58:59","slug":"giura-il-nuovo-consiglio-direttivo-regionale-della-cri-piemonte","status":"publish","type":"post","link":"https:\/\/cri.it\/piemonte\/2024\/07\/05\/giura-il-nuovo-consiglio-direttivo-regionale-della-cri-piemonte\/","title":{"rendered":"Si \u00e8 insediato il nuovo Consiglio Direttivo Regionale della CRI Piemonte"},"content":{"rendered":"\t\t<div data-elementor-type=\"wp-post\" data-elementor-id=\"8126\" class=\"elementor elementor-8126\">\n\t\t\t\t\t\t<section class=\"elementor-section elementor-top-section elementor-element elementor-element-a5b16fe elementor-section-boxed elementor-section-height-default elementor-section-height-default\" data-id=\"a5b16fe\" data-element_type=\"section\" data-e-type=\"section\">\n\t\t\t\t\t\t<div class=\"elementor-container elementor-column-gap-default\">\n\t\t\t\t\t<div class=\"elementor-column elementor-col-100 elementor-top-column elementor-element elementor-element-29de940\" data-id=\"29de940\" data-element_type=\"column\" data-e-type=\"column\">\n\t\t\t<div class=\"elementor-widget-wrap elementor-element-populated\">\n\t\t\t\t\t\t<div class=\"elementor-element elementor-element-71ceb80 elementor-widget elementor-widget-spacer\" data-id=\"71ceb80\" data-element_type=\"widget\" data-e-type=\"widget\" data-widget_type=\"spacer.default\">\n\t\t\t\t<div class=\"elementor-widget-container\">\n\t\t\t\t\t\t\t<div class=\"elementor-spacer\">\n\t\t\t<div class=\"elementor-spacer-inner\"><\/div>\n\t\t<\/div>\n\t\t\t\t\t\t<\/div>\n\t\t\t\t<\/div>\n\t\t\t\t<div class=\"elementor-element elementor-element-71d2028 elementor-widget elementor-widget-text-editor\" data-id=\"71d2028\" data-element_type=\"widget\" data-e-type=\"widget\" data-widget_type=\"text-editor.default\">\n\t\t\t\t<div class=\"elementor-widget-container\">\n\t\t\t\t\t\t\t\t\t<p class=\"p1\">Con il giuramento ufficiale avvenuto ieri sera, 4 luglio 2024, il nuovo Consiglio Direttivo Regionale della Croce Rossa Italiana \u2013 Comitato Regionale Piemonte ha dato inizio al suo mandato, aprendo le porte a quattro anni di sfide e opportunit\u00e0.<\/p><p class=\"p1\">Alla guida del Comitato Regionale \u00e8 stato rieletto il Presidente <b>Vittorio Ferrero<\/b>, affiancato dai consiglieri <b>Giuseppe Giordana<\/b>, <b>Luciano Mina<\/b> e <b>Tiziana Speranza<\/b>, insieme al Rappresentante dei Giovani <b>Matteo Barison<\/b>. La squadra sar\u00e0 impegnata nello sviluppo di attivit\u00e0 e progetti volti a rispondere alle crescenti necessit\u00e0 del territorio piemontese, continuando a promuovere i principi fondamentali della Croce Rossa.<\/p><p class=\"p1\">Alla cerimonia erano presenti anche i Delegati Tecnici Regionali e i rappresentanti dei Corpi Ausiliari, che hanno portato il loro sostegno e delineato le priorit\u00e0 operative per il prossimo quadriennio.<\/p><p class=\"p1\">Con questo nuovo inizio, la Croce Rossa piemontese si prepara ad affrontare un percorso fatto di impegno, solidariet\u00e0 e innovazione, per essere sempre pi\u00f9 vicina alle comunit\u00e0 e pronta a rispondere alle loro esigenze.<\/p>\t\t\t\t\t\t\t\t<\/div>\n\t\t\t\t<\/div>\n\t\t\t\t\t<\/div>\n\t\t<\/div>\n\t\t\t\t\t<\/div>\n\t\t<\/section>\n\t\t\t\t<section class=\"elementor-section elementor-top-section elementor-element elementor-element-7464e45 elementor-section-boxed elementor-section-height-default elementor-section-height-default\" data-id=\"7464e45\" data-element_type=\"section\" data-e-type=\"section\">\n\t\t\t\t\t\t<div class=\"elementor-container elementor-column-gap-default\">\n\t\t\t\t\t<div class=\"elementor-column elementor-col-50 elementor-top-column elementor-element elementor-element-89540f8\" data-id=\"89540f8\" data-element_type=\"column\" data-e-type=\"column\">\n\t\t\t<div class=\"elementor-widget-wrap elementor-element-populated\">\n\t\t\t\t\t\t<div class=\"elementor-element elementor-element-4806531 elementor-widget elementor-widget-image\" data-id=\"4806531\" data-element_type=\"widget\" data-e-type=\"widget\" data-widget_type=\"image.default\">\n\t\t\t\t<div class=\"elementor-widget-container\">\n\t\t\t\t\t\t\t\t\t\t\t\t<figure class=\"wp-caption\">\n\t\t\t\t\t\t\t\t\t\t<img fetchpriority=\"high\" decoding=\"async\" width=\"750\" height=\"500\" src=\"https:\/\/cri.it\/piemonte\/wp-content\/uploads\/sites\/14\/2024\/07\/DSC_5205.jpg\" class=\"attachment-large size-large wp-image-8128\" alt=\"\" \/>\t\t\t\t\t\t\t\t\t\t\t<figcaption class=\"widget-image-caption wp-caption-text\">Da destra: Giordana, Speranza; Ferrero, Mina e Barison<\/figcaption>\n\t\t\t\t\t\t\t\t\t\t<\/figure>\n\t\t\t\t\t\t\t\t\t<\/div>\n\t\t\t\t<\/div>\n\t\t\t\t\t<\/div>\n\t\t<\/div>\n\t\t\t\t<div class=\"elementor-column elementor-col-50 elementor-top-column elementor-element elementor-element-242da8f\" data-id=\"242da8f\" data-element_type=\"column\" data-e-type=\"column\">\n\t\t\t<div class=\"elementor-widget-wrap elementor-element-populated\">\n\t\t\t\t\t\t<div class=\"elementor-element elementor-element-fa342ce elementor-widget elementor-widget-image\" data-id=\"fa342ce\" data-element_type=\"widget\" data-e-type=\"widget\" data-widget_type=\"image.default\">\n\t\t\t\t<div class=\"elementor-widget-container\">\n\t\t\t\t\t\t\t\t\t\t\t\t<figure class=\"wp-caption\">\n\t\t\t\t\t\t\t\t\t\t<img decoding=\"async\" width=\"750\" height=\"500\" src=\"https:\/\/cri.it\/piemonte\/wp-content\/uploads\/sites\/14\/2024\/07\/DSC_5192.jpg\" class=\"attachment-large size-large wp-image-8145\" alt=\"\" \/>\t\t\t\t\t\t\t\t\t\t\t<figcaption class=\"widget-image-caption wp-caption-text\">La lettura del giuramento<\/figcaption>\n\t\t\t\t\t\t\t\t\t\t<\/figure>\n\t\t\t\t\t\t\t\t\t<\/div>\n\t\t\t\t<\/div>\n\t\t\t\t\t<\/div>\n\t\t<\/div>\n\t\t\t\t\t<\/div>\n\t\t<\/section>\n\t\t\t\t<section class=\"elementor-section elementor-top-section elementor-element elementor-element-be8d89f elementor-section-boxed elementor-section-height-default elementor-section-height-default\" data-id=\"be8d89f\" data-element_type=\"section\" data-e-type=\"section\">\n\t\t\t\t\t\t<div class=\"elementor-container elementor-column-gap-default\">\n\t\t\t\t\t<div class=\"elementor-column elementor-col-100 elementor-top-column elementor-element elementor-element-1c5c122\" data-id=\"1c5c122\" data-element_type=\"column\" data-e-type=\"column\">\n\t\t\t<div class=\"elementor-widget-wrap elementor-element-populated\">\n\t\t\t\t\t\t<div class=\"elementor-element elementor-element-153f238 elementor-widget elementor-widget-spacer\" data-id=\"153f238\" data-element_type=\"widget\" data-e-type=\"widget\" data-widget_type=\"spacer.default\">\n\t\t\t\t<div class=\"elementor-widget-container\">\n\t\t\t\t\t\t\t<div class=\"elementor-spacer\">\n\t\t\t<div class=\"elementor-spacer-inner\"><\/div>\n\t\t<\/div>\n\t\t\t\t\t\t<\/div>\n\t\t\t\t<\/div>\n\t\t\t\t\t<\/div>\n\t\t<\/div>\n\t\t\t\t\t<\/div>\n\t\t<\/section>\n\t\t\t\t<\/div>\n\t\t","protected":false},"excerpt":{"rendered":"<p>Con il giuramento ufficiale avvenuto ieri sera, 4 luglio 2024, il nuovo Consiglio Direttivo Regionale della Croce Rossa Italiana \u2013 Comitato Regionale Piemonte ha dato inizio al suo mandato, aprendo le porte a quattro anni di sfide e opportunit\u00e0. Alla guida del Comitato Regionale \u00e8 stato rieletto il Presidente Vittorio [&hellip;]<\/p>\n","protected":false},"author":88,"featured_media":8128,"comment_status":"closed","ping_status":"closed","sticky":false,"template":"","format":"standard","meta":{"_themeisle_gutenberg_block_has_review":false,"footnotes":""},"categories":[2,7],"tags":[],"class_list":["post-8126","post","type-post","status-publish","format-standard","has-post-thumbnail","hentry","category-comitato-piemonte","category-primo-piano-generico"],"interactive":false,"_links":{"self":[{"href":"https:\/\/cri.it\/piemonte\/wp-json\/wp\/v2\/posts\/8126","targetHints":{"allow":["GET"]}}],"collection":[{"href":"https:\/\/cri.it\/piemonte\/wp-json\/wp\/v2\/posts"}],"about":[{"href":"https:\/\/cri.it\/piemonte\/wp-json\/wp\/v2\/types\/post"}],"author":[{"embeddable":true,"href":"https:\/\/cri.it\/piemonte\/wp-json\/wp\/v2\/users\/88"}],"replies":[{"embeddable":true,"href":"https:\/\/cri.it\/piemonte\/wp-json\/wp\/v2\/comments?post=8126"}],"version-history":[{"count":3,"href":"https:\/\/cri.it\/piemonte\/wp-json\/wp\/v2\/posts\/8126\/revisions"}],"predecessor-version":[{"id":8502,"href":"https:\/\/cri.it\/piemonte\/wp-json\/wp\/v2\/posts\/8126\/revisions\/8502"}],"wp:featuredmedia":[{"embeddable":true,"href":"https:\/\/cri.it\/piemonte\/wp-json\/wp\/v2\/media\/8128"}],"wp:attachment":[{"href":"https:\/\/cri.it\/piemonte\/wp-json\/wp\/v2\/media?parent=8126"}],"wp:term":[{"taxonomy":"category","embeddable":true,"href":"https:\/\/cri.it\/piemonte\/wp-json\/wp\/v2\/categories?post=8126"},{"taxonomy":"post_tag","embeddable":true,"href":"https:\/\/cri.it\/piemonte\/wp-json\/wp\/v2\/tags?post=8126"}],"curies":[{"name":"wp","href":"https:\/\/api.w.org\/{rel}","templated":true}]}}