{"id":209,"date":"2018-02-17T00:00:00","date_gmt":"2018-02-16T23:00:00","guid":{"rendered":"https:\/\/sito.cri.intra\/piemonte\/2018\/02\/17\/meeting-2017-piemonte-salvare-vite-e-cambiare-mentalita\/"},"modified":"2018-02-17T00:00:00","modified_gmt":"2018-02-16T23:00:00","slug":"meeting-2017-piemonte-salvare-vite-e-cambiare-mentalita","status":"publish","type":"post","link":"https:\/\/cri.it\/piemonte\/2018\/02\/17\/meeting-2017-piemonte-salvare-vite-e-cambiare-mentalita\/","title":{"rendered":"MEETING+ 2017 | Piemonte, Salvare Vite e Cambiare Mentalit\u00e0!"},"content":{"rendered":"<h1 >MEETING+ 2017 | Piemonte, Salvare Vite e Cambiare Mentalit\u00e0!<\/h1>\n<div>\n<hr  \/>\n<\/div>\n<h3 >Si terr\u00e0 il 5 Novembre a Castelnuovo Don Bosco (At) il nuovo evento che raccoglie le esperienze passate dei Meeting e delle Gare di Primo Soccorso regionali<\/h3>\n<div >\u00a0<\/div>\n<div >\n<dl  style='width: 700px;'>\n<dt ><img fetchpriority=\"high\"  src='http:\/\/cri.it\/wp-content\/uploads\/cri-content\/images\/a\/e\/7\/D.f03ced88eef193b836d1\/copertina_meetingplus_2017.png'  width=\"700\" height=\"350\" alt='\"Salvare vite, cambiare mentalit\u00e0\" Meeting+ | Piemonte 2017 - Gare regionali a squadre su attivit\u00e0 CRI e Primo Soccorso'  \/><\/dt>\n<dd>&#8220;Salvare vite, cambiare mentalit\u00e0&#8221; Meeting+ | Piemonte 2017 &#8211; Gare regionali a squadre su attivit\u00e0 CRI e Primo Soccorso<\/dd>\n<\/dl><\/div>\n<div ><\/div>\n<div>\n<hr  \/>\n<\/div>\n<div >\n<div >\n<dl  style='width: 300px;'>\n<dt><img  src='http:\/\/cri.it\/wp-content\/uploads\/cri-content\/images\/c\/3\/6\/D.180b8428203caffc41e0\/logo_meeting_orizzontale_articolo_300x94_2017.png' width=\"300\" height=\"94\" alt='logo evento Meeting+ | Piemonte 2017 - Croce Rossa Italiana, Comitato Regionale Piemonte' \/><\/dt>\n<dd>Il logo del Meeting+ | Piemonte 2017 <\/dd>\n<\/dl><\/div>\n<div >\n<p>Da sempre, l\u2019<em >Associazione della Croce Rossa Italiana<\/em> <strong >forma<\/strong> e <strong >prepara<\/strong> i propri<strong > Volontari<\/strong> ad <strong ><em >affrontare le sfide umanitarie<\/em><\/strong> a cui sono quotidianamente chiamati ad agire attraverso una <strong ><em >formazione continua<\/em><\/strong> messa in pratica in <strong >numerose attivit\u00e0 sul territorio<\/strong>.<\/p>\n<p>In quest\u2019ottica, da diciotto anni, i <strong >Giovani <acronym title='Croce Rossa Italiana' lang='it'>CRI<\/acronym><\/strong> del Piemonte si incontrano nel \u201c<em ><strong >Meeting<\/strong><\/em>\u201d, un <strong >evento regionale<\/strong> grazie al quale <em ><strong >formiamo la giovent\u00f9, alle tematiche e ai trend contemporanei,<\/strong><\/em> attraverso una<strong > competizione a squadre<\/strong>.\u00a0<\/p>\n<p>Contestualmente, da circa trenta anni <strong >l\u2019Associazione organizza le \u201c<em >gare di primo soccorso<\/em>\u201d<\/strong> a squadre per <strong ><em >aumentare e misurare la preparazione e l\u2019intervento<\/em><\/strong> dei <strong >Volontari<\/strong> nel <strong >soccorso<\/strong> della <strong >popolazione<\/strong> con manovre e materiale di supporto di \u201c<em >fortuna<\/em>\u201d.<\/p>\n<p>Il <strong >Comitato Regionale della Croce Rossa Italiana del Piemonte<\/strong> \u00e8 felice di poter annunciare l<strong >\u2019unione <\/strong>di questi due appuntamenti in un unico evento il\u00a0<strong > Meeting+ | Piemonte2017<\/strong>!<\/p>\n<p><strong ><em >Croce Rossa<\/em><\/strong> vuol cos\u00ec valorizzare l\u2019uso del <strong >\u201cgruppo\u201d come strumento fondamentale<\/strong> per <strong >un\u2019azione efficiente<\/strong> a contatto tra volontari di diversi comitati stimolando la <strong >condivisione di esperienze.<\/strong><\/p>\n<p>Un lavoro svolto dai precedenti staff organizzatori in sinergia per <strong >conservare le peculiarit\u00e0 e trasmettere la stessa energia<\/strong> a tutti i partecipanti, nonch\u00e9 <strong >la possibilit\u00e0 per i vincitori di partecipare <\/strong>il prossimo anno alle <strong ><em >Gare Nazionali di Primo Soccorso<\/em><\/strong>.<\/p>\n<\/div>\n<div >\u00a0<\/div>\n<\/div>\n<div>\n<hr  \/>\n<\/div>\n<div >\u00a0<\/div>\n<div >\n<div >\n<dl  style='width: 349px;'>\n<dt><img  src='http:\/\/cri.it\/wp-content\/uploads\/cri-content\/images\/2\/c\/8\/D.45bb6579621e25996657\/iss_adriano.jpg'  width=\"349\" height=\"262\" alt='I.I.S Pietro Andriano di Via S.Giovanni 52 \u2013 a Castelnuovo Don Bosco (AT)' \/><\/dt>\n<dd>I.I.S Pietro Andriano di Via S.Giovanni 52 \u2013 a Castelnuovo Don Bosco (AT)<\/dd>\n<\/dl><\/div>\n<div >\n<p>Il <strong >Meeting + 2017<\/strong> si terr\u00e0, domenica<strong > 5 Novembre<\/strong>, presso <strong ><em >I.I.S Pietro Andriano<\/em><\/strong> di Via S.Giovanni 52 \u2013 14022 a <strong >Castelnuovo Don Bosco <\/strong>(AT), dove si raduneranno circa <strong >500 Volontari<\/strong> in rappresentanza dei <strong >Comitati <acronym title='Croce Rossa Italiana' lang='it'>CRI<\/acronym> del Piemonte<\/strong>.<\/p>\n<p>Il Meeting+, vedr\u00e0 oltre la <strong >partecipazione di Volontari <\/strong>nelle vesti di <em >\u201cpartecipanti, osservatori, giudici di gara e staff\u201d<\/em> la collaborazione degli <strong >studenti<\/strong> dell\u2019<strong >ISS Pietro Adriano<\/strong> e della <strong ><em >Cooperativa Sociale \u201cil Raggio\u201d del Consorzio Coesa<\/em><\/strong> per l\u2019organizzazione dell\u2019evento.<\/p>\n<p><strong >L\u2019edizione 201<\/strong>7 vuol portare l\u2019attenzione sul <strong >crescente bisogno dell\u2019Associazione di lavorare e vivere a stretto contatto il <em >Principio di Unit\u00e0<\/em>,<\/strong> fondamentale per poter dare con pi\u00f9 efficacia risposte alle vulnerabilit\u00e0 nelle comunit\u00e0 .<\/p>\n<p><strong >Una giornata di confronto<\/strong>, con <strong >prove progettuali o simulate sulle sfide umanitarie<\/strong> e nel Primo Soccorso, nello <strong >sforzo congiunto di migliorarsi:<\/strong> sfide impegnative e per certi versi irraggiungibili, ma chi, se non <strong >Croce Rossa pu\u00f2 farsene carico e portavoce<\/strong>?<\/p>\n<p>Il <strong >Meeting+<\/strong> sar\u00e0 dunque un\u2019ottima <strong >occasione per accrescere le proprie competenze<\/strong> in Croce Rossa, <strong >conoscere e approfondire la realt\u00e0 regionale<\/strong>, <strong >le attivit\u00e0<\/strong> verso la giovent\u00f9 e <strong >misurarsi<\/strong> con il <strong >Primo Soccorso<\/strong>.<\/p>\n<\/div>\n<div >\u00a0<\/div>\n<\/div>\n<div >\u00a0<\/div>\n<div >\n<h2 >Modalit\u00e0 di partecipazione e tempistiche<\/h2>\n<div >\n<p>La <strong >partecipazione<\/strong> al Meeting + 2017 \u00e8 subordinata alla compilazione del<strong > Form on-line<\/strong> all\u2019indirizzo web <a href=\"http:\/\/meeting2017.sytes.net\" target=\"_blank\" rel=\"noopener\">http:\/\/meeting2017.sytes.net<\/a>\u00a0<em ><strong >a cura di un Volontario del Comitato, delegato dal proprio Presidente<\/strong><\/em>, entro e non oltre:<\/p>\n<\/div>\n<div >\u00a0<\/div>\n<\/div>\n<div >\u00a0<\/div>\n<ul >\n<li ><strong >Preiscrizione<\/strong>: dal <strong >17<\/strong> al <strong >30<\/strong> Settembre 2017<\/li>\n<li ><strong >Iscrizione<\/strong><strong >:<\/strong> dal <strong >2 al 14 ottobre 2017\u00a0<\/strong><\/li>\n<\/ul>\n<div >\u00a0<\/div>\n<p><!-- Start 2 col --><\/p>\n<div >\n<div >\n<div >\n<p >Si ricorda che la <strong >preiscrizione \u00e8 necessaria per proseguire per l\u2019iscrizione finale<\/strong>; infatti quest\u2019ultima non avviene senza una preiscrizione.<br \/>In <strong >fase di preiscrizione saranno ammesse \u00a0le candidature delle squadre provenienti da tutti i Comitati.<\/strong><br \/>Sono per\u00f2<strong > ammesse all\u2019evento<\/strong> (a fase di iscrizione ultimata) \u00a0<strong >massimo 36 squadre<\/strong>.\u00a0<\/p>\n<p>Trovate <strong >maggiori<\/strong> <strong >informazioni<\/strong> e dettagli nel <strong >regolamento<\/strong> pubblicato nel <a href=\"http:\/\/meeting2017.sytes.net\" target=\"_blank\" rel=\"noopener\">portale dedicato<\/a>.<\/p>\n<\/div>\n<\/div>\n<div >\n<div>\n<div >\n<dl  style='width: 299px;'>\n<dt ><img loading=\"lazy\"  src='http:\/\/cri.it\/wp-content\/uploads\/cri-content\/images\/9\/b\/4\/D.ac43967ab75d8988b1bd\/meeting2017.sytes.net__Nexus_5X___1_.png'  width=\"299\" height=\"607\" alt='Il portale dedicato: http:\/\/meeting2017.sytes.net'  \/><\/dt>\n<dd>Il portale dedicato: http:\/\/meeting2017.sytes.net<\/dd>\n<\/dl><\/div>\n<div ><\/div>\n<\/div>\n<\/div>\n<div >\u00a0<\/div>\n<\/div>\n<p><!-- End 2 col --><\/p>\n<div ><!--\n\n\n<div >\n    <object  \nwidth='425'\n        height='350'\n        data='\/\/youtu.be\/NTETuhqCDw0?ecver=1&rel=0'\n    > \n<param name='movie' value='\/\/youtu.be\/NTETuhqCDw0?ecver=1&rel=0&version=3' \/>\n<param name='wmode' value='transparent' \/>\n<param name='allowscriptaccess' value='always' \/>\n<param name='allowfullscreen' value='true' \/>\n<embed \nsrc='\/\/youtu.be\/NTETuhqCDw0?ecver=1&rel=0'\n            type='application\/x-shockwave-flash'\n            wmode='transparent'\n            width='425'\n            height='350'\n            allowscriptaccess='always'\n            allowfullscreen='true'\n        \/> \n<\/object> \n<\/div>\n\n  \n--><\/p>\n<div >\n  <iframe  src=\"\/\/www.youtube.com\/embed\/NTETuhqCDw0?ecver=1&#038;rel=0\" frameborder=\"0\" allowfullscreen><\/iframe>\n<\/div>\n<\/div>\n<h3 >Attenzione! Novit\u00e0 2017<\/h3>\n<div >\n<p >E<strong >\u2019 la prima edizione del Meeting<\/strong> regionale dei <strong >Giovani<\/strong> della Croce Rossa Italiana <strong >a varcare i confini della provincia di Torino<\/strong>!<\/p>\n<p>Il <strong >team (<em >squadra<\/em>)<\/strong> partecipante sar\u00e0 <strong >composto da sei elementi<\/strong>, in una situazione \u201c<strong ><em >mista<\/em><\/strong>\u201d, con l\u2019aggiunta di partecipanti al di sopra dei 31 anni. Ci\u00f2 per favorire una<strong > proficua e continua collaborazione tra i giovani e gli adulti nei comitati.<\/strong><\/p>\n<p>Infatti, <strong >i giovani sono portatori di capacit\u00e0 e competenze essenziali quando lavorano insieme a persone adulte<\/strong> in uno spirito di<strong ><em > rispetto reciproco<\/em><\/strong>.<\/p>\n<p>Ci\u00f2,<strong > \u00e8 essenziale nel tramandare le esperienze da una generazione all\u2019altra<\/strong>, elemento di vitale importanza per il progresso e per la stabilit\u00e0 della societ\u00e0 tutta. L\u2019obiettivo strategico \u201c<em ><strong >Giovani e Cittadinanza Attiva<\/strong><\/em>\u201d <strong >non \u00e8 prerogativa solo dei Giovani, ma dell\u2019Associazione tutta.\u00a0<\/strong><br \/>Per questo,<strong > la partecipazione in squadra sar\u00e0 estesa anche agli \u201cadulti\u201d.\u00a0<\/strong><\/p>\n<p><strong >Due le tipologie<\/strong> di squadra, la <strong >prima<\/strong> con la possibilit\u00e0 di avere almeno<strong > due Volontari su sei (under 31),<\/strong> la <strong >seconda<\/strong> con <strong >due Volontari su sei (over 31).<\/strong><br \/>Per i Comitati interessati a gareggiare per la partecipazione alle Gare Nazionali di Primo Soccorso si aggiungono alla costituzione della squadra i consueti criteri che vedono esclusi i Volontari aventi qualifiche sanitarie.<\/p>\n<p>Per ulteriori informazioni ed aggiornamenti si invita la lettura del <a href=\"http:\/\/meeting2017.sytes.net\" target=\"_blank\" rel=\"noopener\">\u201c<\/a><strong ><em ><a href=\"http:\/\/meeting2017.sytes.net\" target=\"_blank\" rel=\"noopener\">Regolamento del Meeting+\u201d<\/a> <\/em><\/strong>raggiungibile sul portale interno dedicato dell\u2019evento o a scrivere all&#8217;indirizzo mail meeting.2017@piemonte.cri.it .<\/p>\n<p><strong >Invitate<\/strong> infine diverse <strong >associazione<\/strong> ed <strong >enti<\/strong> del <strong >territorio<\/strong> che andranno a costituire una piazza<strong > per condividere esperienze e contribuire a creare un network associativo.\u00a0<\/strong><\/p>\n<\/div>\n","protected":false},"excerpt":{"rendered":"<p>Si terr\u00e0 il 5 Novembre a Castelnuovo Don Bosco (At) il nuovo evento che raccoglie le esperienze passate dei Meeting e delle Gare di Primo Soccorso regionali<\/p>\n","protected":false},"author":15,"featured_media":210,"comment_status":"closed","ping_status":"closed","sticky":false,"template":"","format":"standard","meta":{"_themeisle_gutenberg_block_has_review":false,"footnotes":""},"categories":[2,8,9,3,10,11,12,4,13,14,15,5,16,17],"tags":[],"class_list":["post-209","post","type-post","status-publish","format-standard","has-post-thumbnail","hentry","category-comitato-piemonte","category-conventions","category-emergenze","category-eventi","category-formazione","category-giovani","category-incontri","category-news","category-notizie-dal-territorio","category-principi-e-valori","category-salute","category-secondo-piano-generico","category-sociale","category-sviluppo"],"interactive":false,"_links":{"self":[{"href":"https:\/\/cri.it\/piemonte\/wp-json\/wp\/v2\/posts\/209","targetHints":{"allow":["GET"]}}],"collection":[{"href":"https:\/\/cri.it\/piemonte\/wp-json\/wp\/v2\/posts"}],"about":[{"href":"https:\/\/cri.it\/piemonte\/wp-json\/wp\/v2\/types\/post"}],"author":[{"embeddable":true,"href":"https:\/\/cri.it\/piemonte\/wp-json\/wp\/v2\/users\/15"}],"replies":[{"embeddable":true,"href":"https:\/\/cri.it\/piemonte\/wp-json\/wp\/v2\/comments?post=209"}],"version-history":[{"count":0,"href":"https:\/\/cri.it\/piemonte\/wp-json\/wp\/v2\/posts\/209\/revisions"}],"wp:featuredmedia":[{"embeddable":true,"href":"https:\/\/cri.it\/piemonte\/wp-json\/wp\/v2\/media\/210"}],"wp:attachment":[{"href":"https:\/\/cri.it\/piemonte\/wp-json\/wp\/v2\/media?parent=209"}],"wp:term":[{"taxonomy":"category","embeddable":true,"href":"https:\/\/cri.it\/piemonte\/wp-json\/wp\/v2\/categories?post=209"},{"taxonomy":"post_tag","embeddable":true,"href":"https:\/\/cri.it\/piemonte\/wp-json\/wp\/v2\/tags?post=209"}],"curies":[{"name":"wp","href":"https:\/\/api.w.org\/{rel}","templated":true}]}}