{"id":6604,"date":"2025-06-06T11:14:18","date_gmt":"2025-06-06T09:14:18","guid":{"rendered":"https:\/\/cri.it\/marche\/?p=6604"},"modified":"2025-06-20T12:31:47","modified_gmt":"2025-06-20T10:31:47","slug":"raccolta-alimentare-cri-marche-sabato-7-giugno-2025-apri-il-cuore-alla-solidarieta-dona-una-spesa-regala-serenita","status":"publish","type":"post","link":"https:\/\/cri.it\/marche\/2025\/06\/06\/raccolta-alimentare-cri-marche-sabato-7-giugno-2025-apri-il-cuore-alla-solidarieta-dona-una-spesa-regala-serenita\/","title":{"rendered":"Raccolta Alimentare CRI Marche \u2013 Sabato 7 giugno 2025 &#8211; Apri il cuore alla solidariet\u00e0: dona una spesa, regala serenit\u00e0"},"content":{"rendered":"\t\t<div data-elementor-type=\"wp-post\" data-elementor-id=\"6604\" class=\"elementor elementor-6604\">\n\t\t\t\t\t\t<section class=\"elementor-section elementor-top-section elementor-element elementor-element-5ac6201 elementor-section-boxed elementor-section-height-default elementor-section-height-default\" data-id=\"5ac6201\" data-element_type=\"section\" data-e-type=\"section\">\n\t\t\t\t\t\t<div class=\"elementor-container elementor-column-gap-default\">\n\t\t\t\t\t<div class=\"elementor-column elementor-col-100 elementor-top-column elementor-element elementor-element-7ce8799\" data-id=\"7ce8799\" data-element_type=\"column\" data-e-type=\"column\">\n\t\t\t<div class=\"elementor-widget-wrap\">\n\t\t\t\t\t\t\t<\/div>\n\t\t<\/div>\n\t\t\t\t\t<\/div>\n\t\t<\/section>\n\t\t\t\t<section class=\"elementor-section elementor-top-section elementor-element elementor-element-e8f3c6e elementor-section-boxed elementor-section-height-default elementor-section-height-default\" data-id=\"e8f3c6e\" data-element_type=\"section\" data-e-type=\"section\">\n\t\t\t\t\t\t<div class=\"elementor-container elementor-column-gap-default\">\n\t\t\t\t\t<div class=\"elementor-column elementor-col-100 elementor-top-column elementor-element elementor-element-f6c7164\" data-id=\"f6c7164\" data-element_type=\"column\" data-e-type=\"column\">\n\t\t\t<div class=\"elementor-widget-wrap elementor-element-populated\">\n\t\t\t\t\t\t<div class=\"elementor-element elementor-element-f18e47a elementor-widget elementor-widget-text-editor\" data-id=\"f18e47a\" data-element_type=\"widget\" data-e-type=\"widget\" data-widget_type=\"text-editor.default\">\n\t\t\t\t<div class=\"elementor-widget-container\">\n\t\t\t\t\t\t\t\t\t<p style=\"font-weight: 400;\">La Croce Rossa Italiana \u2013 Comitato Regionale Marche, in collaborazione con CEDI Marche \u2013 Supermercati SI CON TE e con il prezioso supporto dei Comitati Territoriali della regione, organizza per sabato 7 giugno 2025 una grande Raccolta Alimentare su tutto il territorio marchigiano.<\/p><p style=\"font-weight: 400;\">Un gesto semplice, ma dal grande valore: donare beni alimentari di prima necessit\u00e0 per aiutare oltre 1500 famiglie marchigiane in difficolt\u00e0, supportate ogni giorno dai volontari della CRI.<\/p><p style=\"font-weight: 400;\"><strong>Cosa donare<\/strong><\/p><p style=\"font-weight: 400;\">I volontari saranno presenti davanti ai supermercati SI CON TE aderenti per raccogliere:<\/p><ul style=\"font-weight: 400;\"><li>Pasta, riso, olio<\/li><li>Pelati, legumi e ortaggi in scatola<\/li><li>Tonno e altri prodotti ittici in scatola<\/li><li>Zucchero, farina<\/li><li>Biscotti, fette biscottate, marmellate<\/li><li>Latte UHT, succhi di frutta<\/li><li>Caff\u00e8, t\u00e8, omogeneizzati<\/li><li>Prodotti per l&#8217;infanzia<\/li><\/ul><p style=\"font-weight: 400;\"><strong>Dove donare<\/strong><\/p><p style=\"font-weight: 400;\">La raccolta si svolger\u00e0 nei punti vendita SI CON TE delle Marche. Di seguito l&#8217;elenco completo, aggiornato con indirizzi e numeri civici, ordinato per citt\u00e0:<\/p><p style=\"font-weight: 400;\"><strong>\u2705<\/strong><strong> Ancona<\/strong><\/p><p style=\"font-weight: 400;\">\ud83d\udccd Corso Amendola<br \/>\ud83d\udccd Via Piave, 29<br \/>\ud83d\udccd Via Bignamini, s.n.c. (Collemarino)<br \/>\ud83d\udccd Via Sparapani, 263 (Q3)<\/p><p style=\"font-weight: 400;\"><strong>\u2705<\/strong><strong> Camerino<\/strong><\/p><p style=\"font-weight: 400;\">\ud83d\udccd Via Bandini, 6\/A<\/p><p style=\"font-weight: 400;\"><strong>\u2705<\/strong><strong> Castelraimondo<\/strong><\/p><p style=\"font-weight: 400;\">\ud83d\udccd Via Piancatelli, 10<\/p><p style=\"font-weight: 400;\"><strong>\u2705<\/strong><strong> Chiaravalle<\/strong><\/p><p style=\"font-weight: 400;\">\ud83d\udccd Via della Repubblica, 66<\/p><p style=\"font-weight: 400;\"><strong>\u2705<\/strong><strong> Cingoli<\/strong><\/p><p style=\"font-weight: 400;\">\ud83d\udccd Via Pio VIII<\/p><p style=\"font-weight: 400;\"><strong>\u2705<\/strong><strong> Civitanova Marche<\/strong><\/p><p style=\"font-weight: 400;\">\ud83d\udccd Via C. Alberto Dalla Chiesa<\/p><p style=\"font-weight: 400;\"><strong>\u2705<\/strong><strong> Corridonia<\/strong><\/p><p style=\"font-weight: 400;\">\ud83d\udccd Via Trento, 13<\/p><p style=\"font-weight: 400;\"><strong>\u2705<\/strong><strong> Esanatoglia<\/strong><\/p><p style=\"font-weight: 400;\">\ud83d\udccd Via Roma, 4<\/p><p style=\"font-weight: 400;\"><strong>\u2705<\/strong><strong> Fabriano<\/strong><\/p><p style=\"font-weight: 400;\">\ud83d\udccd Via Brodolini, 105 (Borgo)<\/p><p style=\"font-weight: 400;\"><strong>\u2705<\/strong><strong> Falconara Marittima<\/strong><\/p><p style=\"font-weight: 400;\">\ud83d\udccd Via Fratelli Rosselli, 26<\/p><p style=\"font-weight: 400;\"><strong>\u2705<\/strong><strong> Fermo<\/strong><\/p><p style=\"font-weight: 400;\">\ud83d\udccd Via F. Mannocchi Tornabuoni, s.n.c.<\/p><p style=\"font-weight: 400;\"><strong>\u2705<\/strong><strong> Grottazzolina<\/strong><\/p><p style=\"font-weight: 400;\">\ud83d\udccd Strada Stazione, 71<\/p><p style=\"font-weight: 400;\"><strong>\u2705<\/strong><strong> Jesi<\/strong><\/p><p style=\"font-weight: 400;\">\ud83d\udccd Via Paladini, 4<\/p><p style=\"font-weight: 400;\"><strong>\u2705<\/strong><strong> Loreto<\/strong><\/p><p style=\"font-weight: 400;\">\ud83d\udccd Via Tevere, 24<br \/>\ud83d\udccd Via Umbria, 2<\/p><p style=\"font-weight: 400;\"><strong>\u2705<\/strong><strong> Macerata<\/strong><\/p><p style=\"font-weight: 400;\">\ud83d\udccd Via dei Velini, 76<br \/>\ud83d\udccd Via Zincone, 10\/18<br \/>\ud83d\udccd Via Costantini, 1H (Villa Potenza)<\/p><p style=\"font-weight: 400;\"><strong>\u2705<\/strong><strong> Marcelli di Numana<\/strong><\/p><p style=\"font-weight: 400;\">\ud83d\udccd Via Venezia, 30\/32<\/p><p style=\"font-weight: 400;\"><strong>\u2705<\/strong><strong> Osimo<\/strong><\/p><p style=\"font-weight: 400;\">\ud83d\udccd Via Aldo Moro, 7<\/p><p style=\"font-weight: 400;\"><strong>\u2705<\/strong><strong> Ostra Casine<\/strong><\/p><p style=\"font-weight: 400;\">\ud83d\udccd Via Grande Torino, 2<\/p><p style=\"font-weight: 400;\"><strong>\u2705<\/strong><strong> Pesaro<\/strong><\/p><p style=\"font-weight: 400;\">\ud83d\udccd Via del Novecento, 2<\/p><p style=\"font-weight: 400;\"><strong>\u2705<\/strong><strong> Porto Recanati<\/strong><\/p><p style=\"font-weight: 400;\">\ud83d\udccd Via 29 Marzo, 1935<\/p><p style=\"font-weight: 400;\"><strong>\u2705<\/strong><strong> Potenza Picena<\/strong><\/p><p style=\"font-weight: 400;\">\ud83d\udccd Via Nelson Mandela, 86<\/p><p style=\"font-weight: 400;\"><strong>\u2705<\/strong><strong> Recanati<\/strong><\/p><p style=\"font-weight: 400;\">\ud83d\udccd Via dei Politi, 25<\/p><p style=\"font-weight: 400;\"><strong>\u2705<\/strong><strong> San Marcello<\/strong><\/p><p style=\"font-weight: 400;\">\ud83d\udccd Via dell\u2019Unione, s.n.c.<\/p><p style=\"font-weight: 400;\"><strong>\u2705<\/strong><strong> San Severino Marche<\/strong><\/p><p style=\"font-weight: 400;\">\ud83d\udccd Piazza del Commercio, 34<\/p><p style=\"font-weight: 400;\"><strong>\u2705<\/strong><strong> Senigallia<\/strong><\/p><p style=\"font-weight: 400;\">\ud83d\udccd Strada Prov. S. Angelo, 159<br \/>\ud83d\udccd Viale della Resistenza, 112 (frazione Marzocca)<\/p><p style=\"font-weight: 400;\"><strong>\u2705<\/strong><strong> Staffolo<\/strong><\/p><p style=\"font-weight: 400;\">\ud83d\udccd Via Aldo Moro, 33\/B<\/p><p style=\"font-weight: 400;\"><strong>\u2705<\/strong><strong> Trodica di Morrovalle<\/strong><\/p><p style=\"font-weight: 400;\">\ud83d\udccd Via XXV Aprile, s.n.c.<\/p><p style=\"font-weight: 400;\"><\/p><p style=\"font-weight: 400;\"><strong>Perch\u00e9 partecipare<\/strong><\/p><p style=\"font-weight: 400;\">Ogni singola donazione \u00e8 un atto di prossimit\u00e0 concreta verso chi vive un momento di difficolt\u00e0. Un pacco di pasta, una scatola di pelati, un litro di latte possono rappresentare un aiuto concreto e immediato per famiglie che, grazie a voi, non si sentiranno sole.<\/p>\t\t\t\t\t\t\t\t<\/div>\n\t\t\t\t<\/div>\n\t\t\t\t\t<\/div>\n\t\t<\/div>\n\t\t\t\t\t<\/div>\n\t\t<\/section>\n\t\t\t\t<section class=\"elementor-section elementor-top-section elementor-element elementor-element-4a2f59c elementor-section-boxed elementor-section-height-default elementor-section-height-default\" data-id=\"4a2f59c\" data-element_type=\"section\" data-e-type=\"section\">\n\t\t\t\t\t\t<div class=\"elementor-container elementor-column-gap-default\">\n\t\t\t\t\t<div class=\"elementor-column elementor-col-100 elementor-top-column elementor-element elementor-element-8b27fa1\" data-id=\"8b27fa1\" data-element_type=\"column\" data-e-type=\"column\">\n\t\t\t<div class=\"elementor-widget-wrap elementor-element-populated\">\n\t\t\t\t\t\t<div class=\"elementor-element elementor-element-40a09d3 elementor-widget elementor-widget-image\" data-id=\"40a09d3\" data-element_type=\"widget\" data-e-type=\"widget\" data-widget_type=\"image.default\">\n\t\t\t\t<div class=\"elementor-widget-container\">\n\t\t\t\t\t\t\t\t\t\t\t\t\t\t\t<img fetchpriority=\"high\" decoding=\"async\" width=\"724\" height=\"1024\" src=\"https:\/\/cri.it\/marche\/wp-content\/uploads\/sites\/12\/2025\/06\/raccolta-alimentare-FRONTE.jpg\" class=\"attachment-large size-large wp-image-6605\" alt=\"\" \/>\t\t\t\t\t\t\t\t\t\t\t\t\t\t\t<\/div>\n\t\t\t\t<\/div>\n\t\t\t\t<div class=\"elementor-element elementor-element-5674542 elementor-widget elementor-widget-image\" data-id=\"5674542\" data-element_type=\"widget\" data-e-type=\"widget\" data-widget_type=\"image.default\">\n\t\t\t\t<div class=\"elementor-widget-container\">\n\t\t\t\t\t\t\t\t\t\t\t\t\t\t\t<img decoding=\"async\" width=\"724\" height=\"1024\" src=\"https:\/\/cri.it\/marche\/wp-content\/uploads\/sites\/12\/2025\/06\/raccolta-alimentare-RETRO.jpg\" class=\"attachment-large size-large wp-image-6606\" alt=\"\" \/>\t\t\t\t\t\t\t\t\t\t\t\t\t\t\t<\/div>\n\t\t\t\t<\/div>\n\t\t\t\t\t<\/div>\n\t\t<\/div>\n\t\t\t\t\t<\/div>\n\t\t<\/section>\n\t\t\t\t<\/div>\n\t\t","protected":false},"excerpt":{"rendered":"<p>La Croce Rossa Italiana \u2013 Comitato Regionale Marche, in collaborazione con CEDI Marche \u2013 Supermercati SI CON TE e con il prezioso supporto dei Comitati Territoriali della regione, organizza per sabato 7 giugno 2025 una grande Raccolta Alimentare su tutto il territorio marchigiano. Un gesto semplice, ma dal grande valore: [&hellip;]<\/p>\n","protected":false},"author":171,"featured_media":6605,"comment_status":"closed","ping_status":"closed","sticky":false,"template":"","format":"standard","meta":{"_themeisle_gutenberg_block_has_review":false,"footnotes":""},"categories":[6,4,8],"tags":[],"class_list":["post-6604","post","type-post","status-publish","format-standard","has-post-thumbnail","hentry","category-primo-piano-generico","category-news","category-notizie-dal-territorio"],"interactive":false,"_links":{"self":[{"href":"https:\/\/cri.it\/marche\/wp-json\/wp\/v2\/posts\/6604","targetHints":{"allow":["GET"]}}],"collection":[{"href":"https:\/\/cri.it\/marche\/wp-json\/wp\/v2\/posts"}],"about":[{"href":"https:\/\/cri.it\/marche\/wp-json\/wp\/v2\/types\/post"}],"author":[{"embeddable":true,"href":"https:\/\/cri.it\/marche\/wp-json\/wp\/v2\/users\/171"}],"replies":[{"embeddable":true,"href":"https:\/\/cri.it\/marche\/wp-json\/wp\/v2\/comments?post=6604"}],"version-history":[{"count":3,"href":"https:\/\/cri.it\/marche\/wp-json\/wp\/v2\/posts\/6604\/revisions"}],"predecessor-version":[{"id":6611,"href":"https:\/\/cri.it\/marche\/wp-json\/wp\/v2\/posts\/6604\/revisions\/6611"}],"wp:featuredmedia":[{"embeddable":true,"href":"https:\/\/cri.it\/marche\/wp-json\/wp\/v2\/media\/6605"}],"wp:attachment":[{"href":"https:\/\/cri.it\/marche\/wp-json\/wp\/v2\/media?parent=6604"}],"wp:term":[{"taxonomy":"category","embeddable":true,"href":"https:\/\/cri.it\/marche\/wp-json\/wp\/v2\/categories?post=6604"},{"taxonomy":"post_tag","embeddable":true,"href":"https:\/\/cri.it\/marche\/wp-json\/wp\/v2\/tags?post=6604"}],"curies":[{"name":"wp","href":"https:\/\/api.w.org\/{rel}","templated":true}]}}