{"id":3773,"date":"2023-04-30T17:48:49","date_gmt":"2023-04-30T15:48:49","guid":{"rendered":"https:\/\/cri.it\/marche\/?p=3773"},"modified":"2023-05-08T17:58:33","modified_gmt":"2023-05-08T15:58:33","slug":"olimpiadi-di-primo-soccorso-per-studenti-fase-regionale-fermo-29-aprile-2023","status":"publish","type":"post","link":"https:\/\/cri.it\/marche\/2023\/05\/08\/olimpiadi-di-primo-soccorso-per-studenti-fase-regionale-fermo-29-aprile-2023\/","title":{"rendered":"Olimpiadi di Primo Soccorso per Studenti &#8211; Fase Regionale Fermo 29 aprile 2023"},"content":{"rendered":"\t\t<div data-elementor-type=\"wp-post\" data-elementor-id=\"3773\" class=\"elementor elementor-3773\">\n\t\t\t\t\t\t<section class=\"elementor-section elementor-top-section elementor-element elementor-element-8e421ea elementor-section-boxed elementor-section-height-default elementor-section-height-default\" data-id=\"8e421ea\" data-element_type=\"section\" data-e-type=\"section\">\n\t\t\t\t\t\t<div class=\"elementor-container elementor-column-gap-default\">\n\t\t\t\t\t<div class=\"elementor-column elementor-col-100 elementor-top-column elementor-element elementor-element-be4b423\" data-id=\"be4b423\" data-element_type=\"column\" data-e-type=\"column\">\n\t\t\t<div class=\"elementor-widget-wrap elementor-element-populated\">\n\t\t\t\t\t\t<div class=\"elementor-element elementor-element-b53c070 elementor-widget elementor-widget-text-editor\" data-id=\"b53c070\" data-element_type=\"widget\" data-e-type=\"widget\" data-widget_type=\"text-editor.default\">\n\t\t\t\t<div class=\"elementor-widget-container\">\n\t\t\t\t\t\t\t\t\t<p style=\"color: #222222; font-family: Arial, Helvetica, sans-serif; font-size: small; line-height: 1.38; margin-top: 0pt; margin-bottom: 0pt;\"><span style=\"background-color: transparent; color: #000000; font-family: Arial; font-size: 11pt; white-space: pre-wrap; text-align: justify;\">Si \u00e8 svolta lo scorso 29 aprile a Fermo la Fase Regionale della 1\u00b0 edizione del Progetto &#8220;Olimpiadi di Primo Soccorso per Studenti&#8221;.<\/span><\/p><p style=\"color: #222222; font-family: Arial, Helvetica, sans-serif; font-size: small; line-height: 1.38; margin-top: 0pt; margin-bottom: 0pt;\"><span style=\"background-color: transparent; color: #000000; font-family: Arial; font-size: 11pt; white-space: pre-wrap; text-align: justify;\">La tutela e la promozione dell&#8217;educazione alla salute e alla sicurezza delle persone \u00e8 uno degli obiettivi che la nostra Associazione si \u00e8 posta per il 2030. In questo ambito si collocano le tantissime attivit\u00e0 <span class=\"il\">di<\/span> formazione interna e verso la popolazione che contribuiscono a salvare migliaia <span class=\"il\">di<\/span> vite umane.<\/span><\/p><p dir=\"ltr\" style=\"color: #222222; font-size: small; font-family: tahoma, sans-serif; line-height: 1.68; margin-top: 12pt; margin-bottom: 12pt;\"><span style=\"font-size: 11pt; font-family: Arial; color: #000000; background-color: transparent; font-variant-numeric: normal; font-variant-east-asian: normal; font-variant-alternates: normal; vertical-align: baseline; white-space: pre-wrap;\">Quest&#8217;anno l&#8217;Associazione della Croce Rossa Italiana ha avviato il progetto<strong> &#8220;<span class=\"il\">Olimpiadi<\/span> <span class=\"il\">di<\/span> <span class=\"il\">Primo<\/span> <span class=\"il\">Soccorso<\/span> per Studenti&#8221;<\/strong> con l&#8217;obiettivo <span class=\"il\">di<\/span> diffondere la cultura del <span class=\"il\">soccorso<\/span> all&#8217;interno degli istituti scolastici, preparando le studentesse e gli studenti del quarto anno delle scuole secondarie <span class=\"il\">di<\/span> secondo grado ad affrontare una competizione in tale materia.<\/span><\/p><p dir=\"ltr\" style=\"color: #222222; font-size: small; font-family: tahoma, sans-serif; line-height: 1.68; margin-top: 12pt; margin-bottom: 12pt;\"><span style=\"font-size: 11pt; font-family: Arial; color: #000000; background-color: transparent; font-variant-numeric: normal; font-variant-east-asian: normal; font-variant-alternates: normal; vertical-align: baseline; white-space: pre-wrap;\">Gli studenti sono stati formati in questi mesi da Trainer dei competenti comitati territoriali della Croce Rossa Italiana e a parteciperanno alla Fase Regionale sono state <\/span><span style=\"font-size: 11pt; font-family: Arial; color: #000000; background-color: transparent; font-variant-numeric: normal; font-variant-east-asian: normal; font-variant-alternates: normal; vertical-align: baseline; white-space: pre-wrap;\">8 squadre composte da studenti <span class=\"il\">di<\/span> diverse scuole superiori della Regione e nello specifico:<\/span><\/p><p><span style=\"font-size: 11pt; font-family: Arial; color: #000000; background-color: transparent; font-variant-numeric: normal; font-variant-east-asian: normal; font-variant-alternates: normal; vertical-align: baseline; white-space: pre-wrap;\">IPSIA O. Ricci di Fermo<\/span><\/p><p><span style=\"font-size: 11pt; font-family: Arial; color: #000000; background-color: transparent; font-variant-numeric: normal; font-variant-east-asian: normal; font-variant-alternates: normal; vertical-align: baseline; white-space: pre-wrap;\">I.I.S. Luigi Donati di Fossombrone<\/span><\/p><p><span style=\"font-size: 11pt; font-family: Arial; color: #000000; background-color: transparent; font-variant-numeric: normal; font-variant-east-asian: normal; font-variant-alternates: normal; vertical-align: baseline; white-space: pre-wrap;\">Liceo Classico Perticari di Senigallia (2 squadre)<\/span><\/p><p><span style=\"font-size: 11pt; font-family: Arial; color: #000000; background-color: transparent; font-variant-numeric: normal; font-variant-east-asian: normal; font-variant-alternates: normal; vertical-align: baseline; white-space: pre-wrap;\">I.I.S. Raffaello di Urbino <\/span><\/p><p><span style=\"font-size: 11pt; font-family: Arial; color: #000000; background-color: transparent; font-variant-numeric: normal; font-variant-east-asian: normal; font-variant-alternates: normal; vertical-align: baseline; white-space: pre-wrap;\">Liceo Laurana Baldi di Urbino <\/span><\/p><p><span style=\"font-size: 11pt; font-family: Arial; color: #000000; background-color: transparent; font-variant-numeric: normal; font-variant-east-asian: normal; font-variant-alternates: normal; vertical-align: baseline; white-space: pre-wrap;\">ITTS Divini di San Severino Marche<\/span><\/p><p><span style=\"font-size: 11pt; font-family: Arial; color: #000000; background-color: transparent; font-variant-numeric: normal; font-variant-east-asian: normal; font-variant-alternates: normal; vertical-align: baseline; white-space: pre-wrap;\">ITCG Antonori di Camerino <\/span><\/p><p><span style=\"font-size: 11pt; font-family: Arial; color: #000000; background-color: transparent; font-variant-numeric: normal; font-variant-east-asian: normal; font-variant-alternates: normal; vertical-align: baseline; white-space: pre-wrap;\"><img fetchpriority=\"high\" decoding=\"async\" src=\"https:\/\/cri.it\/marche\/wp-content\/uploads\/sites\/12\/2023\/05\/2-300x225.jpg\" alt=\"\" width=\"300\" height=\"225\" class=\"size-medium wp-image-3901 alignleft\" srcset=\"https:\/\/cri.it\/marche\/wp-content\/uploads\/sites\/12\/2023\/05\/2-300x225.jpg 300w, https:\/\/cri.it\/marche\/wp-content\/uploads\/sites\/12\/2023\/05\/2-768x576.jpg 768w, https:\/\/cri.it\/marche\/wp-content\/uploads\/sites\/12\/2023\/05\/2.jpg 1024w\" sizes=\"(max-width: 300px) 100vw, 300px\" \/>Le 8 squadre composte da ragazzi dei suddetti istituti scolastici si sono divertiti a competere intervenendo in situazioni simulate <span class=\"il\">di<\/span> <span class=\"il\">soccorso<\/span>, in diversi scenari collocati in diversi punti strategici della citt\u00e0 <span class=\"il\">di<\/span> Fermo, grazie alla gentile collaborazione e disponibilit\u00e0 del Comitato <span class=\"il\">Di<\/span> Fermo &#8211; Croce Rossa Italiana, nella persona del Presidente Ludovica Lignite. <\/span><\/p><p><\/p><p><span style=\"font-size: 11pt; font-family: Arial; color: #000000; background-color: transparent; font-variant-numeric: normal; font-variant-east-asian: normal; font-variant-alternates: normal; vertical-align: baseline; white-space: pre-wrap;\">Si \u00e8 aggiudicato il primo posto la squadra del Liceo Laurana Baldi di Urbino, che parteciper\u00e0 alla Fase Nazionale che si terr\u00e0 a Roma il prossimo 20 maggio.<\/span><\/p>\t\t\t\t\t\t\t\t<\/div>\n\t\t\t\t<\/div>\n\t\t\t\t\t<\/div>\n\t\t<\/div>\n\t\t\t\t\t<\/div>\n\t\t<\/section>\n\t\t\t\t<\/div>\n\t\t","protected":false},"excerpt":{"rendered":"<p>Si \u00e8 svolta lo scorso 29 aprile a Fermo la Fase Regionale della 1\u00b0 edizione del Progetto &#8220;Olimpiadi di Primo Soccorso per Studenti&#8221;. La tutela e la promozione dell&#8217;educazione alla salute e alla sicurezza delle persone \u00e8 uno degli obiettivi che la nostra Associazione si \u00e8 posta per il 2030. [&hellip;]<\/p>\n","protected":false},"author":77,"featured_media":3898,"comment_status":"closed","ping_status":"closed","sticky":false,"template":"","format":"standard","meta":{"_themeisle_gutenberg_block_has_review":false,"footnotes":""},"categories":[4,6,1],"tags":[],"class_list":["post-3773","post","type-post","status-publish","format-standard","has-post-thumbnail","hentry","category-news","category-primo-piano-generico","category-senza-categoria"],"interactive":false,"_links":{"self":[{"href":"https:\/\/cri.it\/marche\/wp-json\/wp\/v2\/posts\/3773","targetHints":{"allow":["GET"]}}],"collection":[{"href":"https:\/\/cri.it\/marche\/wp-json\/wp\/v2\/posts"}],"about":[{"href":"https:\/\/cri.it\/marche\/wp-json\/wp\/v2\/types\/post"}],"author":[{"embeddable":true,"href":"https:\/\/cri.it\/marche\/wp-json\/wp\/v2\/users\/77"}],"replies":[{"embeddable":true,"href":"https:\/\/cri.it\/marche\/wp-json\/wp\/v2\/comments?post=3773"}],"version-history":[{"count":3,"href":"https:\/\/cri.it\/marche\/wp-json\/wp\/v2\/posts\/3773\/revisions"}],"predecessor-version":[{"id":3905,"href":"https:\/\/cri.it\/marche\/wp-json\/wp\/v2\/posts\/3773\/revisions\/3905"}],"wp:featuredmedia":[{"embeddable":true,"href":"https:\/\/cri.it\/marche\/wp-json\/wp\/v2\/media\/3898"}],"wp:attachment":[{"href":"https:\/\/cri.it\/marche\/wp-json\/wp\/v2\/media?parent=3773"}],"wp:term":[{"taxonomy":"category","embeddable":true,"href":"https:\/\/cri.it\/marche\/wp-json\/wp\/v2\/categories?post=3773"},{"taxonomy":"post_tag","embeddable":true,"href":"https:\/\/cri.it\/marche\/wp-json\/wp\/v2\/tags?post=3773"}],"curies":[{"name":"wp","href":"https:\/\/api.w.org\/{rel}","templated":true}]}}