{"id":3342,"date":"2022-11-22T12:31:21","date_gmt":"2022-11-22T11:31:21","guid":{"rendered":"https:\/\/cri.it\/marche\/?p=3342"},"modified":"2022-11-24T12:39:52","modified_gmt":"2022-11-24T11:39:52","slug":"4-workshop-cri-per-le-persone-il-tempo-della-gentilezza-a-loreto","status":"publish","type":"post","link":"https:\/\/cri.it\/marche\/2022\/11\/24\/4-workshop-cri-per-le-persone-il-tempo-della-gentilezza-a-loreto\/","title":{"rendered":"4\u00b0 workshop CRI per le Persone &#8211; Il Tempo della gentilezza a Loreto"},"content":{"rendered":"\t\t<div data-elementor-type=\"wp-post\" data-elementor-id=\"3342\" class=\"elementor elementor-3342\">\n\t\t\t\t\t\t<section class=\"elementor-section elementor-top-section elementor-element elementor-element-0e68c3b elementor-section-boxed elementor-section-height-default elementor-section-height-default\" data-id=\"0e68c3b\" data-element_type=\"section\" data-e-type=\"section\">\n\t\t\t\t\t\t<div class=\"elementor-container elementor-column-gap-default\">\n\t\t\t\t\t<div class=\"elementor-column elementor-col-100 elementor-top-column elementor-element elementor-element-a5aa2d7\" data-id=\"a5aa2d7\" data-element_type=\"column\" data-e-type=\"column\">\n\t\t\t<div class=\"elementor-widget-wrap elementor-element-populated\">\n\t\t\t\t\t\t<div class=\"elementor-element elementor-element-f1fb22b elementor-widget elementor-widget-text-editor\" data-id=\"f1fb22b\" data-element_type=\"widget\" data-e-type=\"widget\" data-widget_type=\"text-editor.default\">\n\t\t\t\t<div class=\"elementor-widget-container\">\n\t\t\t\t\t\t\t\t\t<p class=\"MsoNormal\" style=\"margin: 0cm 0cm 8pt;color: #222222;line-height: 15.6933px;font-size: 11pt;font-family: Calibri, sans-serif\"><img fetchpriority=\"high\" decoding=\"async\" src=\"https:\/\/cri.it\/marche\/wp-content\/uploads\/sites\/12\/2022\/11\/1668934737884-225x300.jpg\" alt=\"\" width=\"225\" height=\"300\" class=\"size-medium wp-image-3346 alignleft\" srcset=\"https:\/\/cri.it\/marche\/wp-content\/uploads\/sites\/12\/2022\/11\/1668934737884-225x300.jpg 225w, https:\/\/cri.it\/marche\/wp-content\/uploads\/sites\/12\/2022\/11\/1668934737884-768x1024.jpg 768w, https:\/\/cri.it\/marche\/wp-content\/uploads\/sites\/12\/2022\/11\/1668934737884-1152x1536.jpg 1152w, https:\/\/cri.it\/marche\/wp-content\/uploads\/sites\/12\/2022\/11\/1668934737884-1536x2048.jpg 1536w, https:\/\/cri.it\/marche\/wp-content\/uploads\/sites\/12\/2022\/11\/1668934737884-1280x1707.jpg 1280w, https:\/\/cri.it\/marche\/wp-content\/uploads\/sites\/12\/2022\/11\/1668934737884-1080x1440.jpg 1080w, https:\/\/cri.it\/marche\/wp-content\/uploads\/sites\/12\/2022\/11\/1668934737884-scaled.jpg 1920w\" sizes=\"(max-width: 225px) 100vw, 225px\" \/>\u00a0<\/p><p style=\"font-weight: 400\">Lo scorso weekend il Comitato di Loreto ha ospitato il 4\u00b0 workshop <strong>\u201cCRI per le Persone &#8211; Il Tempo della gentilezza&#8221;<\/strong> finanziato dal Ministero del Lavoro e delle Politiche Sociali, in collaborazione con la Centrale di Risposta Nazionale.<\/p><p style=\"font-weight: 400\">Il Progetto che ha visto vincitori anche tre Comitati della regione Marche (Loreto, Macerata e Sarnano) si fonda sull\u2019esperienza di assistenza alla comunit\u00e0 svolta in risposta all\u2019emergenza sanitaria Covid-19 e muove dall\u2019esigenza di costruire un modello di intervento integrato e capillare per rispondere al crescente problema di isolamento sociale che mina il benessere di tutti quei soggetti che vivono una condizione di fragilit\u00e0 e di chi si occupa informalmente della cura dei propri amici e familiari.<\/p><p style=\"font-weight: 400\"><img decoding=\"async\" src=\"https:\/\/cri.it\/marche\/wp-content\/uploads\/sites\/12\/2022\/11\/WhatsApp-Image-2022-11-20-at-11.25.49-225x300.jpeg\" alt=\"\" width=\"225\" height=\"300\" class=\"size-medium wp-image-3343 alignright\" srcset=\"https:\/\/cri.it\/marche\/wp-content\/uploads\/sites\/12\/2022\/11\/WhatsApp-Image-2022-11-20-at-11.25.49-225x300.jpeg 225w, https:\/\/cri.it\/marche\/wp-content\/uploads\/sites\/12\/2022\/11\/WhatsApp-Image-2022-11-20-at-11.25.49.jpeg 768w\" sizes=\"(max-width: 225px) 100vw, 225px\" \/>Obiettivo del progetto \u00e8 infatti, quello di promuovere la salute e il benessere della comunit\u00e0 pi\u00f9 fragile, attraverso servizi di sostegno e attivit\u00e0 di empowerment rivolti al target di riferimento; azioni di supporto e rafforzamento delle competenze rivolte a coloro che sono incaricati della cura; attivit\u00e0 di sensibilizzazione rivolte alla comunit\u00e0 per la promozione della cultura dell\u2019invecchiamento attivo, della prevenzione, della sicurezza e dell\u2019inclusione sociale delle persone anziane e\/o non autosufficienti.<\/p><p style=\"font-weight: 400\">Al workshop erano presenti anche il Comitato di Municipi 8-11-12 di Roma, Comitato dell\u2019Area Metropolitana di Roma e Comitato di Isernia.\u00a0<\/p><p style=\"font-weight: 400\">Ringraziamo di vero cuore il Presidente del Comitato di Loreto, Alessandra Volpini per l&#8217;ospitalit\u00e0, la DTR Inclusione Sociale Silvia Gatto per l&#8217;impegno profuso e tutti i dipendenti e volontari CRI che hanno contribuito alla realizzazione di questo evento.<\/p>\t\t\t\t\t\t\t\t<\/div>\n\t\t\t\t<\/div>\n\t\t\t\t\t<\/div>\n\t\t<\/div>\n\t\t\t\t\t<\/div>\n\t\t<\/section>\n\t\t\t\t<section class=\"elementor-section elementor-top-section elementor-element elementor-element-9b180fe elementor-section-boxed elementor-section-height-default elementor-section-height-default\" data-id=\"9b180fe\" data-element_type=\"section\" data-e-type=\"section\">\n\t\t\t\t\t\t<div class=\"elementor-container elementor-column-gap-default\">\n\t\t\t\t\t<div class=\"elementor-column elementor-col-33 elementor-top-column elementor-element elementor-element-b968d99\" data-id=\"b968d99\" data-element_type=\"column\" data-e-type=\"column\">\n\t\t\t<div class=\"elementor-widget-wrap elementor-element-populated\">\n\t\t\t\t\t\t<div class=\"elementor-element elementor-element-b3b4117 elementor-widget elementor-widget-image\" data-id=\"b3b4117\" data-element_type=\"widget\" data-e-type=\"widget\" data-widget_type=\"image.default\">\n\t\t\t\t<div class=\"elementor-widget-container\">\n\t\t\t\t\t\t\t\t\t\t\t\t\t\t\t<img decoding=\"async\" width=\"750\" height=\"563\" src=\"https:\/\/cri.it\/marche\/wp-content\/uploads\/sites\/12\/2022\/11\/WhatsApp-Image-2022-11-20-at-11.25.29.jpeg\" class=\"attachment-large size-large wp-image-3350\" alt=\"\" srcset=\"https:\/\/cri.it\/marche\/wp-content\/uploads\/sites\/12\/2022\/11\/WhatsApp-Image-2022-11-20-at-11.25.29.jpeg 1024w, https:\/\/cri.it\/marche\/wp-content\/uploads\/sites\/12\/2022\/11\/WhatsApp-Image-2022-11-20-at-11.25.29-300x225.jpeg 300w, https:\/\/cri.it\/marche\/wp-content\/uploads\/sites\/12\/2022\/11\/WhatsApp-Image-2022-11-20-at-11.25.29-768x576.jpeg 768w\" sizes=\"(max-width: 750px) 100vw, 750px\" \/>\t\t\t\t\t\t\t\t\t\t\t\t\t\t\t<\/div>\n\t\t\t\t<\/div>\n\t\t\t\t\t<\/div>\n\t\t<\/div>\n\t\t\t\t<div class=\"elementor-column elementor-col-33 elementor-top-column elementor-element elementor-element-008ef84\" data-id=\"008ef84\" data-element_type=\"column\" data-e-type=\"column\">\n\t\t\t<div class=\"elementor-widget-wrap elementor-element-populated\">\n\t\t\t\t\t\t<div class=\"elementor-element elementor-element-01af6c2 elementor-widget elementor-widget-image\" data-id=\"01af6c2\" data-element_type=\"widget\" data-e-type=\"widget\" data-widget_type=\"image.default\">\n\t\t\t\t<div class=\"elementor-widget-container\">\n\t\t\t\t\t\t\t\t\t\t\t\t\t\t\t<img loading=\"lazy\" decoding=\"async\" width=\"750\" height=\"563\" src=\"https:\/\/cri.it\/marche\/wp-content\/uploads\/sites\/12\/2022\/11\/IMG_20221119_155248-1024x768.jpg\" class=\"attachment-large size-large wp-image-3348\" alt=\"\" srcset=\"https:\/\/cri.it\/marche\/wp-content\/uploads\/sites\/12\/2022\/11\/IMG_20221119_155248-1024x768.jpg 1024w, https:\/\/cri.it\/marche\/wp-content\/uploads\/sites\/12\/2022\/11\/IMG_20221119_155248-300x225.jpg 300w, https:\/\/cri.it\/marche\/wp-content\/uploads\/sites\/12\/2022\/11\/IMG_20221119_155248-768x576.jpg 768w, https:\/\/cri.it\/marche\/wp-content\/uploads\/sites\/12\/2022\/11\/IMG_20221119_155248-1536x1152.jpg 1536w, https:\/\/cri.it\/marche\/wp-content\/uploads\/sites\/12\/2022\/11\/IMG_20221119_155248-2048x1536.jpg 2048w, https:\/\/cri.it\/marche\/wp-content\/uploads\/sites\/12\/2022\/11\/IMG_20221119_155248-1280x960.jpg 1280w, https:\/\/cri.it\/marche\/wp-content\/uploads\/sites\/12\/2022\/11\/IMG_20221119_155248-1920x1440.jpg 1920w\" sizes=\"(max-width: 750px) 100vw, 750px\" \/>\t\t\t\t\t\t\t\t\t\t\t\t\t\t\t<\/div>\n\t\t\t\t<\/div>\n\t\t\t\t\t<\/div>\n\t\t<\/div>\n\t\t\t\t<div class=\"elementor-column elementor-col-33 elementor-top-column elementor-element elementor-element-d9d9acc\" data-id=\"d9d9acc\" data-element_type=\"column\" data-e-type=\"column\">\n\t\t\t<div class=\"elementor-widget-wrap elementor-element-populated\">\n\t\t\t\t\t\t<div class=\"elementor-element elementor-element-12ee369 elementor-widget elementor-widget-image\" data-id=\"12ee369\" data-element_type=\"widget\" data-e-type=\"widget\" data-widget_type=\"image.default\">\n\t\t\t\t<div class=\"elementor-widget-container\">\n\t\t\t\t\t\t\t\t\t\t\t\t\t\t\t<img loading=\"lazy\" decoding=\"async\" width=\"750\" height=\"563\" src=\"https:\/\/cri.it\/marche\/wp-content\/uploads\/sites\/12\/2022\/11\/WhatsApp-Image-2022-11-20-at-11.25.38.jpeg\" class=\"attachment-large size-large wp-image-3344\" alt=\"\" srcset=\"https:\/\/cri.it\/marche\/wp-content\/uploads\/sites\/12\/2022\/11\/WhatsApp-Image-2022-11-20-at-11.25.38.jpeg 1024w, https:\/\/cri.it\/marche\/wp-content\/uploads\/sites\/12\/2022\/11\/WhatsApp-Image-2022-11-20-at-11.25.38-300x225.jpeg 300w, https:\/\/cri.it\/marche\/wp-content\/uploads\/sites\/12\/2022\/11\/WhatsApp-Image-2022-11-20-at-11.25.38-768x576.jpeg 768w\" sizes=\"(max-width: 750px) 100vw, 750px\" \/>\t\t\t\t\t\t\t\t\t\t\t\t\t\t\t<\/div>\n\t\t\t\t<\/div>\n\t\t\t\t\t<\/div>\n\t\t<\/div>\n\t\t\t\t\t<\/div>\n\t\t<\/section>\n\t\t\t\t<\/div>\n\t\t","protected":false},"excerpt":{"rendered":"<p>Lo scorso weekend il Comitato di Loreto ha ospitato il 4\u00b0 workshop \u201cCRI per le Persone &#8211; Il Tempo della gentilezza&#8221; finanziato dal Ministero del Lavoro e delle Politiche Sociali, in collaborazione con la Centrale di Risposta Nazionale. Il Progetto che ha visto vincitori anche tre Comitati della regione Marche [&hellip;]<\/p>\n","protected":false},"author":77,"featured_media":3349,"comment_status":"closed","ping_status":"closed","sticky":false,"template":"","format":"standard","meta":{"_themeisle_gutenberg_block_has_review":false,"footnotes":""},"categories":[6,1],"tags":[],"class_list":["post-3342","post","type-post","status-publish","format-standard","has-post-thumbnail","hentry","category-primo-piano-generico","category-senza-categoria"],"interactive":false,"_links":{"self":[{"href":"https:\/\/cri.it\/marche\/wp-json\/wp\/v2\/posts\/3342","targetHints":{"allow":["GET"]}}],"collection":[{"href":"https:\/\/cri.it\/marche\/wp-json\/wp\/v2\/posts"}],"about":[{"href":"https:\/\/cri.it\/marche\/wp-json\/wp\/v2\/types\/post"}],"author":[{"embeddable":true,"href":"https:\/\/cri.it\/marche\/wp-json\/wp\/v2\/users\/77"}],"replies":[{"embeddable":true,"href":"https:\/\/cri.it\/marche\/wp-json\/wp\/v2\/comments?post=3342"}],"version-history":[{"count":3,"href":"https:\/\/cri.it\/marche\/wp-json\/wp\/v2\/posts\/3342\/revisions"}],"predecessor-version":[{"id":3366,"href":"https:\/\/cri.it\/marche\/wp-json\/wp\/v2\/posts\/3342\/revisions\/3366"}],"wp:featuredmedia":[{"embeddable":true,"href":"https:\/\/cri.it\/marche\/wp-json\/wp\/v2\/media\/3349"}],"wp:attachment":[{"href":"https:\/\/cri.it\/marche\/wp-json\/wp\/v2\/media?parent=3342"}],"wp:term":[{"taxonomy":"category","embeddable":true,"href":"https:\/\/cri.it\/marche\/wp-json\/wp\/v2\/categories?post=3342"},{"taxonomy":"post_tag","embeddable":true,"href":"https:\/\/cri.it\/marche\/wp-json\/wp\/v2\/tags?post=3342"}],"curies":[{"name":"wp","href":"https:\/\/api.w.org\/{rel}","templated":true}]}}