{"id":280,"date":"2016-07-12T00:00:00","date_gmt":"2016-07-11T22:00:00","guid":{"rendered":"https:\/\/sito.cri.intra\/marche\/2016\/07\/12\/comitato-regionale-marche-festivita-2013\/"},"modified":"2016-07-12T00:00:00","modified_gmt":"2016-07-11T22:00:00","slug":"comitato-regionale-marche-festivita-2013","status":"publish","type":"post","link":"https:\/\/cri.it\/marche\/2016\/07\/12\/comitato-regionale-marche-festivita-2013\/","title":{"rendered":"Comitato Regionale Marche &#8211; Festivit\u00e0 2013"},"content":{"rendered":"<h1 >Comitato Regionale Marche &#8211; Festivit\u00e0 2013\/2014<\/h1>\n<div >\n<div ><img fetchpriority=\"high\"  src='http:\/\/cri.it\/wp-content\/uploads\/cri-content\/images\/7\/c\/2\/D.84e8df573d7e1d5ed010\/crinatalemarche.jpg'  width=\"300\" height=\"298\" alt='Albero Natale auguri' \/><\/div>\n<h2 >Messaggio augurale del Presidente Regionale<\/h2>\n<div >\n<p>Tra pochi giorni si chiuder\u00e0 il 2013.<br \/><span><br \/>E&#8217; stato un anno importante per la <acronym title='Croce Rossa Italiana' lang='it'>CRI<\/acronym> e ancor di pi\u00f9 lo sar\u00e0 il 2014.<br \/><\/span><span><br \/>Tante sono le sfide che ci attendono e di una cosa sono pi\u00f9 che sicuro:\u00a0 che tutti, Volontari e dipendenti, saremo <strong >UNITI<\/strong> per affrontarle cos\u00ec da poter\u00a0raggiungere insieme gli obiettivi che l&#8217;<strong ><em >Associazione della Croce Rossa Italiana<\/em><\/strong>\u00a0si \u00e8 prefissata.<br \/><\/span><br \/>Auguro a tutti Voi, alle Vostre famiglie e ai Vostri cari di trascorrere serene festivit\u00e0.<\/p>\n<p>Fabio Cecconi<\/p>\n<\/div>\n<div >\u00a0<\/div>\n<\/div>\n<div >\u00a0<\/div>\n<div >\n<div ><img  src='http:\/\/cri.it\/wp-content\/uploads\/cri-content\/images\/4\/2\/d\/D.507e9abae7668d9346a8\/img_storia2.jpg'  width=\"300\" height=\"75\" alt='i sette Principi della Croce Rossa' \/><\/div>\n<div >\n<p><\/p>\n<\/div>\n<div >\u00a0<\/div>\n<\/div>\n<div >\u00a0<\/div>\n<div >\n<div >\n<p><\/p>\n<\/div>\n<div >\u00a0<\/div>\n<\/div>\n<div >\u00a0<\/div>\n<div >\u00a0<\/div>\n<div >\u00a0<\/div>\n<div >\u00a0<\/div>\n<div >\u00a0<\/div>\n<div >\u00a0<\/div>\n<div >\u00a0<\/div>\n<div >\u00a0<\/div>\n<div >\u00a0<\/div>\n<div >\u00a0<\/div>\n<div >\u00a0<\/div>\n<div >\u00a0<\/div>\n<div >\u00a0<\/div>\n<div >\u00a0<\/div>\n","protected":false},"excerpt":{"rendered":"<p>Comitato Regionale Marche &#8211; Festivit\u00e0 2013\/2014 Messaggio augurale del Presidente Regionale Tra pochi giorni si chiuder\u00e0 il 2013.E&#8217; stato un anno importante per la CRI e ancor di pi\u00f9 lo sar\u00e0 il 2014.Tante sono le sfide che ci attendono e di una cosa sono pi\u00f9 che sicuro:\u00a0 che tutti, Volontari [&hellip;]<\/p>\n","protected":false},"author":13,"featured_media":281,"comment_status":"closed","ping_status":"closed","sticky":false,"template":"","format":"standard","meta":{"_themeisle_gutenberg_block_has_review":false,"footnotes":""},"categories":[3,4,5],"tags":[],"class_list":["post-280","post","type-post","status-publish","format-standard","has-post-thumbnail","hentry","category-comitato-marche","category-news","category-secondo-piano-generico"],"interactive":false,"_links":{"self":[{"href":"https:\/\/cri.it\/marche\/wp-json\/wp\/v2\/posts\/280","targetHints":{"allow":["GET"]}}],"collection":[{"href":"https:\/\/cri.it\/marche\/wp-json\/wp\/v2\/posts"}],"about":[{"href":"https:\/\/cri.it\/marche\/wp-json\/wp\/v2\/types\/post"}],"author":[{"embeddable":true,"href":"https:\/\/cri.it\/marche\/wp-json\/wp\/v2\/users\/13"}],"replies":[{"embeddable":true,"href":"https:\/\/cri.it\/marche\/wp-json\/wp\/v2\/comments?post=280"}],"version-history":[{"count":0,"href":"https:\/\/cri.it\/marche\/wp-json\/wp\/v2\/posts\/280\/revisions"}],"wp:featuredmedia":[{"embeddable":true,"href":"https:\/\/cri.it\/marche\/wp-json\/wp\/v2\/media\/281"}],"wp:attachment":[{"href":"https:\/\/cri.it\/marche\/wp-json\/wp\/v2\/media?parent=280"}],"wp:term":[{"taxonomy":"category","embeddable":true,"href":"https:\/\/cri.it\/marche\/wp-json\/wp\/v2\/categories?post=280"},{"taxonomy":"post_tag","embeddable":true,"href":"https:\/\/cri.it\/marche\/wp-json\/wp\/v2\/tags?post=280"}],"curies":[{"name":"wp","href":"https:\/\/api.w.org\/{rel}","templated":true}]}}