{"id":2789,"date":"2022-03-07T17:10:54","date_gmt":"2022-03-07T16:10:54","guid":{"rendered":"https:\/\/cri.it\/marche\/?p=2789"},"modified":"2022-03-07T17:12:28","modified_gmt":"2022-03-07T16:12:28","slug":"emergenza-ucraina-come-aiutare","status":"publish","type":"post","link":"https:\/\/cri.it\/marche\/2022\/03\/07\/emergenza-ucraina-come-aiutare\/","title":{"rendered":"Emergenza Ucraina &#8211; Il Presidente CRI MARCHE, Dott. Galvagno: &#8220;La CRI non ha avviato alcuna raccolta porta a porta&#8221;"},"content":{"rendered":"\t\t<div data-elementor-type=\"wp-post\" data-elementor-id=\"2789\" class=\"elementor elementor-2789\">\n\t\t\t\t\t\t<section class=\"elementor-section elementor-top-section elementor-element elementor-element-6610118 elementor-section-boxed elementor-section-height-default elementor-section-height-default\" data-id=\"6610118\" data-element_type=\"section\" data-e-type=\"section\">\n\t\t\t\t\t\t<div class=\"elementor-container elementor-column-gap-default\">\n\t\t\t\t\t<div class=\"elementor-column elementor-col-100 elementor-top-column elementor-element elementor-element-59f83be8\" data-id=\"59f83be8\" data-element_type=\"column\" data-e-type=\"column\">\n\t\t\t<div class=\"elementor-widget-wrap elementor-element-populated\">\n\t\t\t\t\t\t<div class=\"elementor-element elementor-element-4a53a788 elementor-widget elementor-widget-text-editor\" data-id=\"4a53a788\" data-element_type=\"widget\" data-e-type=\"widget\" data-widget_type=\"text-editor.default\">\n\t\t\t\t<div class=\"elementor-widget-container\">\n\t\t\t\t\t\t\t\t\t<p>In questi momenti difficili che toccano le coscienze di tutti noi \u00e8 meraviglioso e commovente vedere l\u2019enorme solidariet\u00e0 e supporto che Croce Rossa sta ricevendo da tutto il mondo.<\/p><p>Ma la nostra priorit\u00e0 in questo momento \u00e8 assicurarci che le persone ricevano il tipo di aiuto di cui hanno realmente bisogno. I beni materiali sono difficili da smistare, immagazzinare e trasportare ed il rischio \u00e8 quello di rendere vani gli sforzi di generosit\u00e0 di tutti e lasciare queste donazioni inutilizzate.<\/p><p>Per questo Croce Rossa Italiana al fine di gestire al meglio i bisogni in continua evoluzione delle persone ha avviato una raccolta fondi, con il cui ricavato acquistare aiuti a livello locale con il coordinamento della Croce Rossa locale.<\/p><p>Solo in questo modo riusciamo a permettere alle persone di acquistare per se stesse quello di cui hanno bisogno e sostenere l\u2019economia locale.<\/p><p>Le parole del Presidente Croce Rossa Italiana e presidente della IFRC \u2013 Federazione Internazionale delle Societ\u00e0 di Croce Rossa e Mezzaluna Rossa, Avv. Francesco Rocca: \u201cCon grande rispetto per la generosit\u00e0 mi preme dire che noi come Croce Rossa <strong><u>non abbiamo avviato raccolte alimentari<\/u><\/strong>. I beni in Romania, in Polonia ci sono e la logistica \u00e8 molto pi\u00f9 semplice. Il tema vero \u00e8 quello di avere dei passaggi sicuri, il problema vero dei civili \u00e8 quello di poter uscire dal Paese in sicurezza. Questa \u00e8 l\u2019unica cosa che stiamo disperatamente aspettando\u201d<\/p><p>Il Presidente del Comitato Regionale Croce Rossa Italiana \u2013 Marche, Dott. Andrea Galvagno si unisce alle parole del Presidente Rocca, ringraziando tutto il popolo marchigiano che in questi giorni ha dimostrato un\u2019infinita generosit\u00e0, offrendo spontaneamente beni di prima necessit\u00e0, vestiario e beni alimentari, ma in questo momento per non vanificare questi gesti altruistici <u>NON POSSIAMO ACCETTARE QUESTI BENI.<\/u><\/p><p>Il Dott. Galvagno prosegue dicendo: \u201cCi tengo altres\u00ec a ribadire che Croce Rossa non ha avviato nessun tipo di raccolta porta a porta. Ci \u00e8 giunta notizia che purtroppo girano delle persone non autorizzate, con false divise CRI chiedendo soldi, vestiario, beni alimentari e farmaci. Ringrazio chiunque in questo momento decide di supportare le popolazioni in difficolt\u00e0 e per ottimizzare queste risorse vi invito a visitare il sito <a href=\"https:\/\/cri.it\/emergenzaucraina\/\">https:\/\/cri.it\/emergenzaucraina\/<\/a> per aderire alla raccolta fondi, con una donazione online, con l\u2019invio di un SMS o facendo un bonifico. Vi chiedo inoltre di segnalare alle forze dell\u2019ordine eventuali atteggiamenti suddetti non autorizzati\u201d<\/p>\t\t\t\t\t\t\t\t<\/div>\n\t\t\t\t<\/div>\n\t\t\t\t\t<\/div>\n\t\t<\/div>\n\t\t\t\t\t<\/div>\n\t\t<\/section>\n\t\t\t\t<\/div>\n\t\t","protected":false},"excerpt":{"rendered":"<p>In questi momenti difficili che toccano le coscienze di tutti noi \u00e8 meraviglioso e commovente vedere l\u2019enorme solidariet\u00e0 e supporto che Croce Rossa sta ricevendo da tutto il mondo. Ma la nostra priorit\u00e0 in questo momento \u00e8 assicurarci che le persone ricevano il tipo di aiuto di cui hanno realmente [&hellip;]<\/p>\n","protected":false},"author":31,"featured_media":2774,"comment_status":"closed","ping_status":"closed","sticky":false,"template":"","format":"standard","meta":{"_themeisle_gutenberg_block_has_review":false,"footnotes":""},"categories":[15,2,6],"tags":[],"class_list":["post-2789","post","type-post","status-publish","format-standard","has-post-thumbnail","hentry","category-aggiornamenti","category-home-page-cn","category-primo-piano-generico"],"interactive":false,"_links":{"self":[{"href":"https:\/\/cri.it\/marche\/wp-json\/wp\/v2\/posts\/2789","targetHints":{"allow":["GET"]}}],"collection":[{"href":"https:\/\/cri.it\/marche\/wp-json\/wp\/v2\/posts"}],"about":[{"href":"https:\/\/cri.it\/marche\/wp-json\/wp\/v2\/types\/post"}],"author":[{"embeddable":true,"href":"https:\/\/cri.it\/marche\/wp-json\/wp\/v2\/users\/31"}],"replies":[{"embeddable":true,"href":"https:\/\/cri.it\/marche\/wp-json\/wp\/v2\/comments?post=2789"}],"version-history":[{"count":3,"href":"https:\/\/cri.it\/marche\/wp-json\/wp\/v2\/posts\/2789\/revisions"}],"predecessor-version":[{"id":2794,"href":"https:\/\/cri.it\/marche\/wp-json\/wp\/v2\/posts\/2789\/revisions\/2794"}],"wp:featuredmedia":[{"embeddable":true,"href":"https:\/\/cri.it\/marche\/wp-json\/wp\/v2\/media\/2774"}],"wp:attachment":[{"href":"https:\/\/cri.it\/marche\/wp-json\/wp\/v2\/media?parent=2789"}],"wp:term":[{"taxonomy":"category","embeddable":true,"href":"https:\/\/cri.it\/marche\/wp-json\/wp\/v2\/categories?post=2789"},{"taxonomy":"post_tag","embeddable":true,"href":"https:\/\/cri.it\/marche\/wp-json\/wp\/v2\/tags?post=2789"}],"curies":[{"name":"wp","href":"https:\/\/api.w.org\/{rel}","templated":true}]}}