{"id":227,"date":"2016-07-12T00:00:00","date_gmt":"2016-07-11T22:00:00","guid":{"rendered":"https:\/\/sito.cri.intra\/marche\/2016\/07\/12\/comitato-locale-di-osimo-il-libro-di-paolo-giorgi\/"},"modified":"2016-07-12T00:00:00","modified_gmt":"2016-07-11T22:00:00","slug":"comitato-locale-di-osimo-il-libro-di-paolo-giorgi","status":"publish","type":"post","link":"https:\/\/cri.it\/marche\/2016\/07\/12\/comitato-locale-di-osimo-il-libro-di-paolo-giorgi\/","title":{"rendered":"Comitato Locale di Osimo il libro di Paolo Giorgi"},"content":{"rendered":"<h1 >Paolo Giorgi presenta il libro sulla storia del Comitato Locale di Osimo<\/h1>\n<div >\n<div ><img  src='http:\/\/cri.it\/wp-content\/uploads\/cri-content\/images\/e\/d\/c\/D.d32a0eb45cb958c881e1\/IMG_0459.JPG'  width=\"200\" height=\"150\" alt='Un momento della presentazione' \/><\/div>\n<div >\n<p>E&#8217; stata una giornata intensa quella del Comitato Locale di Osimo e del suo Presidente &#8211; Paolo Giorgi. \u00a0Presso il Teatro La Nuova Fenice di Osimo, alla presenza della Cittadinanza e dei Volontari della Croce Rossa Italiana, Paolo Giorgi ha presentato il suo\u00a0libro. Un libro\u00a0inedito che ripercorre dal 1931 al 2012 la Vita del Comitato Locale della Croce Rossa Italiana di Osimo.<br \/>Questa la prefazione del Presidente:\u00a0&#8220;L&#8217;idea di raccogliere una documentazione dettagliata che ripercorresse la storia della Croce Rossa osimana mi \u00e8 venuta in mente un sabato mattina quando, rovistando in un cassetto, ho ritrovato una vecchia foto degli anni 60, che ritrae l&#8217;inaugurazione di un nuovo mezzo di soccorso, davanti all&#8217;ospedale di Osimo con il parroco Don Luigi Lucianetti (vedi copertina). E&#8217; scattata subito in me la curiosit\u00e0 di cercare altre foto e documenti, che mi portassero a capire cosa ha fatto la Croce Rossa prima del mio attuale mandato di presidente. Mi sono messo al lavoro mettendo sotto sopra il mio ufficio, rovistando in tutti i cassetti e gli armadi, ma il materiale rinvenuto anche presso la nostra sede mi parso subito poco e disordinato.\u00a0<em >Cos\u00ec mi sono chiesto: cosa hanno fatto i presidenti che mi hanno preceduto, i commissari, i volontari <acronym title='Croce Rossa Italiana' lang='it'>CRI<\/acronym> nel corso degli anni ? Quando \u00e8 nato il Comitato di Osimo? E chi erano i primi volontari? E allora ho deciso di ricercare la storia del Comitato attraverso personaggi storici e giornali dell&#8217;epoca, rubando ore al mio lavoro e al sonno. Impresa veramente difficile! Se mio padre, che ora \u00e8 in cielo, mi avesse visto andare in biblioteca per ricercare materiale, seduto come uno scolaretto, e spendere intere nottate\u00a0\u00a0ad annotare tutto il materiale che avevo accumulato,\u00a0\u00a0sarebbe rimasto molto sorpreso, dato che un tempo all&#8217;Istituto\u00a0\u00a0Geometri ero un bel somarello&#8230;.\u00a0<\/em><\/p>\n<\/div>\n<div >\u00a0<\/div>\n<\/div>\n<div >\u00a0<\/div>\n<div >\n<div ><img  src='http:\/\/cri.it\/wp-content\/uploads\/cri-content\/images\/0\/8\/9\/D.29a4725ef470f3f33c5b\/IMG_0465.JPG'  width=\"200\" height=\"150\" alt='Paolo Giorgi e Fabio Cecconi' \/><\/div>\n<div >\n<p><em >Ho iniziato la mia avventura, appoggiandomi ad una persona professionale del settore e molto paziente, adatta per la mia impresa: Valeria Dentamaro, giornalista de La Meridiana Osimo e del Resto del Carlino, persona impagabile, che mi ha subito aiutato ed indirizzato sul lavoro da fare e mi ha messo a disposizione un archivio storico di giornali locali da lei conservato. E&#8217; stato un vero divertimento, ma anche un&#8217;occasione di grande interesse, leggere i vecchi quotidiani, ritornando alla vita del passato, annotando via via le vicende della Croce Rossa Osimana.\u00a0Ho riscoperto un certo modo di comunicare, oggi sorpassato, ho colto nelle\u00a0\u00a0notizie rispetto e stima nelle persone che ricoprivano posti di prestigio e di comando, che lavoravano nei vari enti pubblici come Comune, Provincia, Regione, Sanit\u00e0 ecc., mezzi di soccorso che al tempo sembravano all&#8217;avanguardia ecc&#8230;. Oggi c&#8217;\u00e8 internet per comunicare velocemente! Questa raccolta sulla storia della nostra <acronym title='Croce Rossa Italiana' lang='it'>CRI<\/acronym>\u00a0\u00a0\u00e8 stata suddivisa per componenti: dalle Infermiere Volontarie ai pi\u00f9 giovani Pionieri, sino ad arrivare a tutta la documentazione fotografica delle varie attivit\u00e0 svolte negli anni fino a quelle che ci impegnano ogni giorno. Il volume che consegno ai Volontari e alla Citt\u00e0 di Osimo si conclude\u00a0\u00a0con una corposa rassegna stampa dal momento della nascita del Comitato <acronym title='Croce Rossa Italiana' lang='it'>CRI<\/acronym> sino ad oggi. Un grazie sentito, dunque, a tutti coloro che mi hanno dato una mano in questo percorso storico di un&#8217;associazione che ha il solo scopo di portare aiuto a chi ne ha bisogno.&#8221;\u00a0<\/em>Paolo Giorgi &#8211;\u00a0Presidente <acronym title='Croce Rossa Italiana' lang='it'>CRI<\/acronym> Osimo.<br \/>All&#8217;evento erano presenti il Sindaco di Osimo &#8211; Stefano Simoncini, il Presidente Regionale della Croce Rossa Italiana &#8211; Fabio Cecconi\u00a0ed il presidente della Commissione Nazionale per la Diffusione del Diritto Internazionale Piero Ridolfi.<\/p>\n<\/div>\n<div >\u00a0<\/div>\n<\/div>\n<div >\u00a0<\/div>\n<div >\u00a0<\/div>\n<div >\u00a0<\/div>\n<div >\u00a0<\/div>\n<div >\u00a0<\/div>\n<div >\u00a0<\/div>\n<div >\u00a0<\/div>\n<div >\u00a0<\/div>\n<div >\u00a0<\/div>\n<div >\u00a0<\/div>\n<div >\u00a0<\/div>\n<div >\u00a0<\/div>\n<div >\u00a0<\/div>\n<div >\u00a0<\/div>\n","protected":false},"excerpt":{"rendered":"<p>Paolo Giorgi presenta il libro sulla storia del Comitato Locale di Osimo E&#8217; stata una giornata intensa quella del Comitato Locale di Osimo e del suo Presidente &#8211; Paolo Giorgi. \u00a0Presso il Teatro La Nuova Fenice di Osimo, alla presenza della Cittadinanza e dei Volontari della Croce Rossa Italiana, Paolo [&hellip;]<\/p>\n","protected":false},"author":13,"featured_media":228,"comment_status":"closed","ping_status":"closed","sticky":false,"template":"","format":"standard","meta":{"_themeisle_gutenberg_block_has_review":false,"footnotes":""},"categories":[3,4,5],"tags":[],"class_list":["post-227","post","type-post","status-publish","format-standard","has-post-thumbnail","hentry","category-comitato-marche","category-news","category-secondo-piano-generico"],"interactive":false,"_links":{"self":[{"href":"https:\/\/cri.it\/marche\/wp-json\/wp\/v2\/posts\/227","targetHints":{"allow":["GET"]}}],"collection":[{"href":"https:\/\/cri.it\/marche\/wp-json\/wp\/v2\/posts"}],"about":[{"href":"https:\/\/cri.it\/marche\/wp-json\/wp\/v2\/types\/post"}],"author":[{"embeddable":true,"href":"https:\/\/cri.it\/marche\/wp-json\/wp\/v2\/users\/13"}],"replies":[{"embeddable":true,"href":"https:\/\/cri.it\/marche\/wp-json\/wp\/v2\/comments?post=227"}],"version-history":[{"count":0,"href":"https:\/\/cri.it\/marche\/wp-json\/wp\/v2\/posts\/227\/revisions"}],"wp:featuredmedia":[{"embeddable":true,"href":"https:\/\/cri.it\/marche\/wp-json\/wp\/v2\/media\/228"}],"wp:attachment":[{"href":"https:\/\/cri.it\/marche\/wp-json\/wp\/v2\/media?parent=227"}],"wp:term":[{"taxonomy":"category","embeddable":true,"href":"https:\/\/cri.it\/marche\/wp-json\/wp\/v2\/categories?post=227"},{"taxonomy":"post_tag","embeddable":true,"href":"https:\/\/cri.it\/marche\/wp-json\/wp\/v2\/tags?post=227"}],"curies":[{"name":"wp","href":"https:\/\/api.w.org\/{rel}","templated":true}]}}