{"id":6676,"date":"2026-04-25T14:06:56","date_gmt":"2026-04-25T12:06:56","guid":{"rendered":"https:\/\/cri.it\/lombardia\/?p=6676"},"modified":"2026-04-25T14:24:06","modified_gmt":"2026-04-25T12:24:06","slug":"studenti-lombardi-alla-prova-di-diritto-internazionale-umanitario-successo-per-la-gara-regionale-diu","status":"publish","type":"post","link":"https:\/\/cri.it\/lombardia\/2026\/04\/25\/studenti-lombardi-alla-prova-di-diritto-internazionale-umanitario-successo-per-la-gara-regionale-diu\/","title":{"rendered":"Studenti lombardi alla prova di Diritto Internazionale Umanitario: successo per la gara regionale DIU"},"content":{"rendered":"<p>&nbsp;<\/p>\n<p style=\"text-align: center;\"><span style=\"font-weight: 400;\">Si \u00e8 svolta <\/span><b>sabato 11 aprile a Palazzolo sull\u2019Oglio<\/b><span style=\"font-weight: 400;\">, presso la Scuola Primaria Sacro Cuore. la <\/span><b>terza edizione della gara regionale di Diritto Internazionale Umanitario (DIU)<\/b><span style=\"font-weight: 400;\">, un\u2019iniziativa che ha coinvolto 66 studenti provenienti da istituti superiori della Lombardia, suddivisi in 11 squadre e accompagnati dai docenti.<\/span><\/p>\n<p style=\"text-align: center;\"><span style=\"font-weight: 400;\">L\u2019evento rientra in un progetto attivo a livello nazionale dal 2022, con l\u2019obiettivo di diffondere tra i giovani la conoscenza del diritto internazionale umanitario e i principi della Croce Rossa Italiana. Fondamentale il contributo organizzativo di circa cento volontari, impegnati a garantire il corretto svolgimento della giornata.<\/span><\/p>\n<p style=\"text-align: center;\"><span style=\"font-weight: 400;\">Cuore della competizione sono state tre prove pratiche, basate su scenari realistici e complessi, che hanno messo alla prova non solo le conoscenze teoriche degli studenti, ma anche la loro capacit\u00e0 di analisi e di applicazione concreta. Tra le simulazioni proposte, interventi in aree di conflitto colpite da epidemie e interazioni con prigionieri di guerra, situazioni che richiedono decisioni rapide e consapevoli.<\/span><\/p>\n<p style=\"text-align: center;\"><span style=\"font-weight: 400;\">A sottolineare il valore formativo dell\u2019iniziativa \u00e8 stata Marina Bertoli, assessora del Comune di Palazzolo sull\u2019Oglio: \u00abMi auguro che questa esperienza aiuti i ragazzi a sviluppare pensiero critico, rendendoli pi\u00f9 consapevoli della complessit\u00e0 del mondo e pi\u00f9 curiosi verso gli altri\u00bb.<\/span><\/p>\n<p style=\"text-align: center;\"><span style=\"font-weight: 400;\">Al termine delle prove, <\/span><b>la classe 4C del Liceo Giovio di Como si \u00e8 classificata al primo posto, conquistando l\u2019accesso alla fase nazionale<\/b><span style=\"font-weight: 400;\">, in programma a Roma dal 16 al 17 maggio. Al secondo posto la classe 4B dell\u2019Istituto Superiore Taramelli-Foscolo di Pavia, terza classificata la 4BS dell\u2019ITET Mantegna di Mantova: per le rispettive classi, ingressi gratuiti per il Museo Internazionale della Croce Rossa (MICR) di Castiglione delle Stiviere per approfondire la storia dell\u2019Associazione.\u00a0<\/span><\/p>\n<p style=\"text-align: center;\"><span style=\"font-weight: 400;\">A margine della Gara DIU, si \u00e8 svolto il <\/span><b>\u201cGioco 1864\u201d <\/b><span style=\"font-weight: 400;\">che ripercorre le principali tappe della storia delle Convenzioni di Ginevra, firmate per la prima volta proprio nel 1864. <\/span><span style=\"font-weight: 400;\"><br \/>\n<\/span><span style=\"font-weight: 400;\">Prima classificata, la squadra \u201cCarpe DIU-m\u201d della classe 4C del Liceo scientifico Paolo Giovio di Como (tutta la classe vince i biglietti per visitare il MICR); seconda classificata la squadra \u201cPacta sunt servanda\u201d della 4B dell&#8217;Istituto Superiore Taramelli-Foscolo di Pavia; al terzo posto la squadra \u201cStreet Legends\u201d della 3BS del Liceo Scientifico Marie Curie di Tradate.<\/span><\/p>\n<p style=\"text-align: center;\"><span style=\"font-weight: 400;\">Altre menzioni di rilievo:\u00a0<\/span><\/p>\n<ul style=\"text-align: center;\">\n<li style=\"font-weight: 400;\" aria-level=\"1\"><b><i>Uno sguardo nell&#8217;Educazione alla Pace<\/i><\/b><span style=\"font-weight: 400;\"> &#8211; postazione Educazione alla Pace: Menzione d&#8217;onore per la squadra \u201cThe Lions\u201d della classe 3B dell&#8217;istituto superiore Fiorini-Pantani di Busto Arsizio;<\/span><\/li>\n<li style=\"font-weight: 400;\" aria-level=\"1\"><b><i>IST sotto processo<\/i><\/b><span style=\"font-weight: 400;\"> (postazione Love Red): Menzione d&#8217;onore per la squadra \u201cChe DIU ci aiuti\u201d della 4C del Liceo Galileo Galilei di Caravaggio;<\/span><\/li>\n<li style=\"font-weight: 400;\" aria-level=\"1\"><b><i>La citt\u00e0 di Freyja<\/i><\/b><span style=\"font-weight: 400;\"> (postazione Cambiamento climatico): Menzione d&#8217;onore per la squadra \u201cMean girls\u201d della classe 3AU del Liceo Scientifico Marie Curie di Tradate;<\/span><\/li>\n<\/ul>\n<p style=\"text-align: center;\"><span style=\"font-weight: 400;\">Assegnate anche <\/span><b>menzioni speciali per la creativit\u00e0<\/b><span style=\"font-weight: 400;\">: \u201cHenry Dunant\u201d per la scelta del nome alla squadra \u201cWe can DIU it!\u201d del Marie-Curie di Tradate; \u201cBest TEE\u201d alla maglietta della quadra \u201cPACTA SUNT SERVANDA\u201d del Taramelli-Foscolo di Pavia.<\/span><\/p>\n<p style=\"text-align: center;\"><span style=\"font-weight: 400;\">L\u2019iniziativa si conferma cos\u00ec un\u2019importante occasione educativa, capace di avvicinare le nuove generazioni a temi di rilevanza globale attraverso un approccio concreto e partecipativo.<\/span><\/p>\n<p style=\"text-align: center;\"><div id=\"Block_wpape_gallery_69eed68d1dabb\" style=\"width:100%;padding-left:5px;padding-top:5px;padding-right:5px;padding-bottom:5px; display: none;\"><div class=\"wpape_gallery_button wpape_gallery_align_left\"  id=\"wpape_gallery_69eed68d1dabbfilter\"><a class=\" apebtn apebtn-flat apebtn-primary  active\" style=\"margin-right:5px;margin-bottom:10px;\" href=\"#\" data-filter=\"*\">Home<\/a><a href=\"#\" data-filter=\".category6660\" class=\" apebtn apebtn-flat apebtn-primary \" style=\"margin-right:5px;margin-bottom:10px;\">GARA DIU<\/a><\/div><div id=\"wpape_gallery_69eed68d1dabb\" data-options=\"wpape_gallery_69eed68d1dabb\" style=\"width:100%;\" class=\"wpape_gallery\"><div class=\"wpape-img category6660\" ><div class=\"wpape-img-image  wpape-lightbox\"  ><div data-thumbnail=\"https:\/\/cri.it\/lombardia\/wp-content\/uploads\/sites\/11\/2026\/04\/COPERTINA-2-300x199.jpg\" title=\"COPERTINA\" data-width=\"300\" data-height=\"199\" ><\/div><div data-popup=\"https:\/\/cri.it\/lombardia\/wp-content\/uploads\/sites\/11\/2026\/04\/COPERTINA-2-scaled.jpg\"  title=\"COPERTINA\"><\/div><div class=\"thumbnail-overlay\"><div class=\"wpapeTitle \">COPERTINA<\/div><div class=\"wpapeIcons\"><i class=\"fa fa-search wpapeZoomIcon \" ><\/i><\/div><\/div><\/div><\/div><div class=\"wpape-img category6660\" ><div class=\"wpape-img-image  wpape-lightbox\"  ><div data-thumbnail=\"https:\/\/cri.it\/lombardia\/wp-content\/uploads\/sites\/11\/2026\/04\/GARA-DIU-001-300x225.jpg\" title=\"OLYMPUS DIGITAL CAMERA\" data-width=\"300\" data-height=\"225\" ><\/div><div data-popup=\"https:\/\/cri.it\/lombardia\/wp-content\/uploads\/sites\/11\/2026\/04\/GARA-DIU-001-scaled.jpg\"  title=\"OLYMPUS DIGITAL CAMERA\"><\/div><div class=\"thumbnail-overlay\"><div class=\"wpapeTitle \">OLYMPUS DIGITAL CAMERA<\/div><div class=\"wpapeIcons\"><i class=\"fa fa-search wpapeZoomIcon \" ><\/i><\/div><\/div><\/div><\/div><div class=\"wpape-img category6660\" ><div class=\"wpape-img-image  wpape-lightbox\"  ><div data-thumbnail=\"https:\/\/cri.it\/lombardia\/wp-content\/uploads\/sites\/11\/2026\/04\/GARA-DIU-008-300x200.jpg\" title=\"GARA-DIU-008\" data-width=\"300\" data-height=\"200\" ><\/div><div data-popup=\"https:\/\/cri.it\/lombardia\/wp-content\/uploads\/sites\/11\/2026\/04\/GARA-DIU-008-scaled.jpg\"  title=\"GARA-DIU-008\"><\/div><div class=\"thumbnail-overlay\"><div class=\"wpapeTitle \">GARA-DIU-008<\/div><div class=\"wpapeIcons\"><i class=\"fa fa-search wpapeZoomIcon \" ><\/i><\/div><\/div><\/div><\/div><div class=\"wpape-img category6660\" ><div class=\"wpape-img-image  wpape-lightbox\"  ><div data-thumbnail=\"https:\/\/cri.it\/lombardia\/wp-content\/uploads\/sites\/11\/2026\/04\/GARA-DIU-009-300x199.jpg\" title=\"GARA-DIU-009\" data-width=\"300\" data-height=\"199\" ><\/div><div data-popup=\"https:\/\/cri.it\/lombardia\/wp-content\/uploads\/sites\/11\/2026\/04\/GARA-DIU-009-scaled.jpg\"  title=\"GARA-DIU-009\"><\/div><div class=\"thumbnail-overlay\"><div class=\"wpapeTitle \">GARA-DIU-009<\/div><div class=\"wpapeIcons\"><i class=\"fa fa-search wpapeZoomIcon \" ><\/i><\/div><\/div><\/div><\/div><div class=\"wpape-img category6660\" ><div class=\"wpape-img-image  wpape-lightbox\"  ><div data-thumbnail=\"https:\/\/cri.it\/lombardia\/wp-content\/uploads\/sites\/11\/2026\/04\/GARA-DIU-010-300x225.jpg\" title=\"OLYMPUS DIGITAL CAMERA\" data-width=\"300\" data-height=\"225\" ><\/div><div data-popup=\"https:\/\/cri.it\/lombardia\/wp-content\/uploads\/sites\/11\/2026\/04\/GARA-DIU-010-scaled.jpg\"  title=\"OLYMPUS DIGITAL CAMERA\"><\/div><div class=\"thumbnail-overlay\"><div class=\"wpapeTitle \">OLYMPUS DIGITAL CAMERA<\/div><div class=\"wpapeIcons\"><i class=\"fa fa-search wpapeZoomIcon \" ><\/i><\/div><\/div><\/div><\/div><div class=\"wpape-img category6660\" ><div class=\"wpape-img-image  wpape-lightbox\"  ><div data-thumbnail=\"https:\/\/cri.it\/lombardia\/wp-content\/uploads\/sites\/11\/2026\/04\/GARA-DIU-011-300x199.jpg\" title=\"GARA-DIU-011\" data-width=\"300\" data-height=\"199\" ><\/div><div data-popup=\"https:\/\/cri.it\/lombardia\/wp-content\/uploads\/sites\/11\/2026\/04\/GARA-DIU-011-scaled.jpg\"  title=\"GARA-DIU-011\"><\/div><div class=\"thumbnail-overlay\"><div class=\"wpapeTitle \">GARA-DIU-011<\/div><div class=\"wpapeIcons\"><i class=\"fa fa-search wpapeZoomIcon \" ><\/i><\/div><\/div><\/div><\/div><div class=\"wpape-img category6660\" ><div class=\"wpape-img-image  wpape-lightbox\"  ><div data-thumbnail=\"https:\/\/cri.it\/lombardia\/wp-content\/uploads\/sites\/11\/2026\/04\/GARA-DIU-012-300x199.jpg\" title=\"GARA-DIU-012\" data-width=\"300\" data-height=\"199\" ><\/div><div data-popup=\"https:\/\/cri.it\/lombardia\/wp-content\/uploads\/sites\/11\/2026\/04\/GARA-DIU-012-scaled.jpg\"  title=\"GARA-DIU-012\"><\/div><div class=\"thumbnail-overlay\"><div class=\"wpapeTitle \">GARA-DIU-012<\/div><div class=\"wpapeIcons\"><i class=\"fa fa-search wpapeZoomIcon \" ><\/i><\/div><\/div><\/div><\/div><div class=\"wpape-img category6660\" ><div class=\"wpape-img-image  wpape-lightbox\"  ><div data-thumbnail=\"https:\/\/cri.it\/lombardia\/wp-content\/uploads\/sites\/11\/2026\/04\/GARA-DIU-003-300x200.jpg\" title=\"GARA-DIU-003\" data-width=\"300\" data-height=\"200\" ><\/div><div data-popup=\"https:\/\/cri.it\/lombardia\/wp-content\/uploads\/sites\/11\/2026\/04\/GARA-DIU-003-scaled.jpg\"  title=\"GARA-DIU-003\"><\/div><div class=\"thumbnail-overlay\"><div class=\"wpapeTitle \">GARA-DIU-003<\/div><div class=\"wpapeIcons\"><i class=\"fa fa-search wpapeZoomIcon \" ><\/i><\/div><\/div><\/div><\/div><div class=\"wpape-img category6660\" ><div class=\"wpape-img-image  wpape-lightbox\"  ><div data-thumbnail=\"https:\/\/cri.it\/lombardia\/wp-content\/uploads\/sites\/11\/2026\/04\/GARA-DIU-004-300x200.jpg\" title=\"GARA-DIU-004\" data-width=\"300\" data-height=\"200\" ><\/div><div data-popup=\"https:\/\/cri.it\/lombardia\/wp-content\/uploads\/sites\/11\/2026\/04\/GARA-DIU-004-scaled.jpg\"  title=\"GARA-DIU-004\"><\/div><div class=\"thumbnail-overlay\"><div class=\"wpapeTitle \">GARA-DIU-004<\/div><div class=\"wpapeIcons\"><i class=\"fa fa-search wpapeZoomIcon \" ><\/i><\/div><\/div><\/div><\/div><div class=\"wpape-img category6660\" ><div class=\"wpape-img-image  wpape-lightbox\"  ><div data-thumbnail=\"https:\/\/cri.it\/lombardia\/wp-content\/uploads\/sites\/11\/2026\/04\/GARA-DIU-005-300x200.jpg\" title=\"GARA-DIU-005\" data-width=\"300\" data-height=\"200\" ><\/div><div data-popup=\"https:\/\/cri.it\/lombardia\/wp-content\/uploads\/sites\/11\/2026\/04\/GARA-DIU-005-scaled.jpg\"  title=\"GARA-DIU-005\"><\/div><div class=\"thumbnail-overlay\"><div class=\"wpapeTitle \">GARA-DIU-005<\/div><div class=\"wpapeIcons\"><i class=\"fa fa-search wpapeZoomIcon \" ><\/i><\/div><\/div><\/div><\/div><div class=\"wpape-img category6660\" ><div class=\"wpape-img-image  wpape-lightbox\"  ><div data-thumbnail=\"https:\/\/cri.it\/lombardia\/wp-content\/uploads\/sites\/11\/2026\/04\/GARA-DIU-0061-300x200.jpg\" title=\"GARA-DIU-006(1)\" data-width=\"300\" data-height=\"200\" ><\/div><div data-popup=\"https:\/\/cri.it\/lombardia\/wp-content\/uploads\/sites\/11\/2026\/04\/GARA-DIU-0061-scaled.jpg\"  title=\"GARA-DIU-006(1)\"><\/div><div class=\"thumbnail-overlay\"><div class=\"wpapeTitle \">GARA-DIU-006(1)<\/div><div class=\"wpapeIcons\"><i class=\"fa fa-search wpapeZoomIcon \" ><\/i><\/div><\/div><\/div><\/div><div class=\"wpape-img category6660\" ><div class=\"wpape-img-image  wpape-lightbox\"  ><div data-thumbnail=\"https:\/\/cri.it\/lombardia\/wp-content\/uploads\/sites\/11\/2026\/04\/GARA-DIU-006-300x200.jpg\" title=\"GARA-DIU-006\" data-width=\"300\" data-height=\"200\" ><\/div><div data-popup=\"https:\/\/cri.it\/lombardia\/wp-content\/uploads\/sites\/11\/2026\/04\/GARA-DIU-006-scaled.jpg\"  title=\"GARA-DIU-006\"><\/div><div class=\"thumbnail-overlay\"><div class=\"wpapeTitle \">GARA-DIU-006<\/div><div class=\"wpapeIcons\"><i class=\"fa fa-search wpapeZoomIcon \" ><\/i><\/div><\/div><\/div><\/div><div class=\"wpape-img category6660\" ><div class=\"wpape-img-image  wpape-lightbox\"  ><div data-thumbnail=\"https:\/\/cri.it\/lombardia\/wp-content\/uploads\/sites\/11\/2026\/04\/GARA-DIU-0071-300x200.jpg\" title=\"GARA-DIU-007(1)\" data-width=\"300\" data-height=\"200\" ><\/div><div data-popup=\"https:\/\/cri.it\/lombardia\/wp-content\/uploads\/sites\/11\/2026\/04\/GARA-DIU-0071-scaled.jpg\"  title=\"GARA-DIU-007(1)\"><\/div><div class=\"thumbnail-overlay\"><div class=\"wpapeTitle \">GARA-DIU-007(1)<\/div><div class=\"wpapeIcons\"><i class=\"fa fa-search wpapeZoomIcon \" ><\/i><\/div><\/div><\/div><\/div><div class=\"wpape-img category6660\" ><div class=\"wpape-img-image  wpape-lightbox\"  ><div data-thumbnail=\"https:\/\/cri.it\/lombardia\/wp-content\/uploads\/sites\/11\/2026\/04\/GARA-DIU-007-300x200.jpg\" title=\"GARA-DIU-007\" data-width=\"300\" data-height=\"200\" ><\/div><div data-popup=\"https:\/\/cri.it\/lombardia\/wp-content\/uploads\/sites\/11\/2026\/04\/GARA-DIU-007-scaled.jpg\"  title=\"GARA-DIU-007\"><\/div><div class=\"thumbnail-overlay\"><div class=\"wpapeTitle \">GARA-DIU-007<\/div><div class=\"wpapeIcons\"><i class=\"fa fa-search wpapeZoomIcon \" ><\/i><\/div><\/div><\/div><\/div><div class=\"wpape-img category6660\" ><div class=\"wpape-img-image  wpape-lightbox\"  ><div data-thumbnail=\"https:\/\/cri.it\/lombardia\/wp-content\/uploads\/sites\/11\/2026\/04\/GARA-DIU-002-300x199.jpg\" title=\"GARA-DIU-002\" data-width=\"300\" data-height=\"199\" ><\/div><div data-popup=\"https:\/\/cri.it\/lombardia\/wp-content\/uploads\/sites\/11\/2026\/04\/GARA-DIU-002-scaled.jpg\"  title=\"GARA-DIU-002\"><\/div><div class=\"thumbnail-overlay\"><div class=\"wpapeTitle \">GARA-DIU-002<\/div><div class=\"wpapeIcons\"><i class=\"fa fa-search wpapeZoomIcon \" ><\/i><\/div><\/div><\/div><\/div><\/div><\/div><script>var wpape_gallery_69eed68d1dabb = {\"filterContainer\": \"#wpape_gallery_69eed68d1dabbfilter\", \"touch\": 1, \"columns\": 3, \"columnWidth\": \"auto\", \"resolutions\": [ ,  , ], \"overlayEffect\": \"direction-aware-fade\", \"boxesToLoadStart\": \"9\", \"boxesToLoad\": \"6\", \"lazyLoad\": true, \"LoadingWord\": \"Gallery images loading\", \"loadMoreWord\": \"More images\", \"noMoreEntriesWord\": \"No images\", \"loadMoreClass\": \" apebtn apebtn-flat apebtn-primary \", \"horizontalSpaceBetweenBoxes\": 10, \"verticalSpaceBetweenBoxes\": 10}, wpape_gallery_69eed68d1dabb_css = \"body .mfp-ready.mfp-bg{background-color: rgba(11,11,11,0.8);}.mfp-container .mfp-arrow{display:none;}#wpape_gallery_69eed68d1dabb .wpape-img-container{ -webkit-border-radius: 5px;-moz-border-radius: 5px;border-radius: 5px;}#wpape_gallery_69eed68d1dabb .wpapeTitle{ font-size:12px; line-height:88%; color:#ffffff;}#wpape_gallery_69eed68d1dabb .wpapeTitle:hover{color:#ffffff;}#wpape_gallery_69eed68d1dabb .thumbnail-overlay{background:rgba(7,7,7,0.5);}#wpape_gallery_69eed68d1dabb .wpapeZoomIcon{ font-size:22px; line-height:100%; color:#ffffff;background:rgba(0,0,0,0);}#wpape_gallery_69eed68d1dabb .wpapeZoomIcon:hover{color:#ffffff;background:rgba(0,0,0,0);}#wpape_gallery_69eed68d1dabb .image-with-dimensions{background-color: rgba(255,255,255,1);}body .mfp-title, body .mfp-counter{color: rgb(243,243,243);}\",apeGalleryDelay = 0; head = document.head || document.getElementsByTagName(\"head\")[0], style = document.createElement(\"style\"); style.type = \"text\/css\"; if (style.styleSheet) style.styleSheet.cssText = wpape_gallery_69eed68d1dabb_css; \telse  style.appendChild(document.createTextNode(wpape_gallery_69eed68d1dabb_css)); head.appendChild(style);<\/script>\n","protected":false},"excerpt":{"rendered":"<p>&nbsp; Si \u00e8 svolta sabato 11 aprile a Palazzolo sull\u2019Oglio, presso la Scuola Primaria Sacro Cuore. la terza edizione della gara regionale di Diritto Internazionale Umanitario (DIU), un\u2019iniziativa che ha coinvolto 66 studenti provenienti da istituti superiori della Lombardia, suddivisi in 11 squadre e accompagnati dai docenti. L\u2019evento rientra in [&hellip;]<\/p>\n","protected":false},"author":127,"featured_media":6682,"comment_status":"closed","ping_status":"closed","sticky":false,"template":"","format":"standard","meta":{"_themeisle_gutenberg_block_has_review":false,"footnotes":""},"categories":[6,11,23,8],"tags":[],"class_list":["post-6676","post","type-post","status-publish","format-standard","has-post-thumbnail","hentry","category-primo-piano-generico","category-eventi","category-principi-e-valori","category-secondo-piano-generico"],"interactive":false,"_links":{"self":[{"href":"https:\/\/cri.it\/lombardia\/wp-json\/wp\/v2\/posts\/6676","targetHints":{"allow":["GET"]}}],"collection":[{"href":"https:\/\/cri.it\/lombardia\/wp-json\/wp\/v2\/posts"}],"about":[{"href":"https:\/\/cri.it\/lombardia\/wp-json\/wp\/v2\/types\/post"}],"author":[{"embeddable":true,"href":"https:\/\/cri.it\/lombardia\/wp-json\/wp\/v2\/users\/127"}],"replies":[{"embeddable":true,"href":"https:\/\/cri.it\/lombardia\/wp-json\/wp\/v2\/comments?post=6676"}],"version-history":[{"count":2,"href":"https:\/\/cri.it\/lombardia\/wp-json\/wp\/v2\/posts\/6676\/revisions"}],"predecessor-version":[{"id":6679,"href":"https:\/\/cri.it\/lombardia\/wp-json\/wp\/v2\/posts\/6676\/revisions\/6679"}],"wp:featuredmedia":[{"embeddable":true,"href":"https:\/\/cri.it\/lombardia\/wp-json\/wp\/v2\/media\/6682"}],"wp:attachment":[{"href":"https:\/\/cri.it\/lombardia\/wp-json\/wp\/v2\/media?parent=6676"}],"wp:term":[{"taxonomy":"category","embeddable":true,"href":"https:\/\/cri.it\/lombardia\/wp-json\/wp\/v2\/categories?post=6676"},{"taxonomy":"post_tag","embeddable":true,"href":"https:\/\/cri.it\/lombardia\/wp-json\/wp\/v2\/tags?post=6676"}],"curies":[{"name":"wp","href":"https:\/\/api.w.org\/{rel}","templated":true}]}}