{"id":394,"date":"2018-04-05T00:00:00","date_gmt":"2018-04-04T22:00:00","guid":{"rendered":"https:\/\/sito.cri.intra\/lombardia\/2018\/04\/05\/aggiornamenticomitato-lombardiaconventionseventiformazioneincontrinewsprincipi-e-valoririunionisecondo-piano-generico-2\/"},"modified":"2018-04-05T00:00:00","modified_gmt":"2018-04-04T22:00:00","slug":"aggiornamenticomitato-lombardiaconventionseventiformazioneincontrinewsprincipi-e-valoririunionisecondo-piano-generico-2","status":"publish","type":"post","link":"https:\/\/cri.it\/lombardia\/2018\/04\/05\/aggiornamenticomitato-lombardiaconventionseventiformazioneincontrinewsprincipi-e-valoririunionisecondo-piano-generico-2\/","title":{"rendered":"Incontro regionale di aggiornamento su Principi e Valori"},"content":{"rendered":"<h1 >Incontro regionale di aggiornamento su Principi e Valori<\/h1>\n<div >\n<div >\n<dl  style='width: 299px;'>\n<dt><img fetchpriority=\"high\"  src='http:\/\/cri.it\/wp-content\/uploads\/cri-content\/images\/2\/d\/0\/D.ecef085e506087d6909e\/Valori.jpg'  width=\"299\" height=\"292\" alt='L&#039;incontro avr\u00e0 luogo nella sede del Comitato Regionale in via Pucci 7 a Milano' \/><\/dt>\n<dd>L&#8217;incontro avr\u00e0 luogo nella sede del Comitato Regionale in via Pucci 7 a Milano<\/dd>\n<\/dl><\/div>\n<div >\n<p>Si terr\u00e0 sabato 7 aprile 2018 l&#8217;incontro regionale di aggiornamento su Principi e Valori della Croce Rossa, aperto agli istruttori <acronym title='Diritto Internazionale Umanitario' lang='it'>DIU<\/acronym> e Cultori di Storia della Croce Rossa (CisCri)<\/p>\n<p>Si tratta di una proposta innovativa che fornir\u00e0 spunti per trasmettere i nostri Principi e Valori in modo coinvolgente ed efficace attraverso una metodologia didattica non formale e partecipativa.<\/p>\n<p>Obiettivi della lezione:<br \/>Lavoro personale su se stessi per interiorizzare il significato dei Principi Fondamentali e dei Valori con l&#8217;acquisizione o il miglioramento di skills correlati tramite attivit\u00e0 esperenziali su:\u00a0<\/p>\n<p>&#8211; Comunicazione e Ascolto (Umanit\u00e0, Imparzialit\u00e0, Neutralit\u00e0, Universalit\u00e0)\u00a0<\/p>\n<p>&#8211; Pregiudizio e discriminazione (Neutralit\u00e0, Imparzialit\u00e0, Unit\u00e0)\u00a0<\/p>\n<p>&#8211; Leadership non violenta (Umanit\u00e0, Imparzialit\u00e0, Indipendenza, Universalit\u00e0, Volontariet\u00e0, Unit\u00e0)\u00a0<\/p>\n<p>&#8211; Risoluzione non violenta dei conflitti (Imparzialit\u00e0, Neutralit\u00e0, Universalit\u00e0, Volontariet\u00e0)\u00a0<\/p>\n<p>&#8211; Dilemmi etici e applicazione dei Principi Fondamentali (tutti i Principi)\u00a0<\/p>\n<p>L&#8217;incontro avr\u00e0 luogo nella sede del Comitato Regionale in via Pucci 7 a Milano (Aula D &#8211; terzo piano).\u00a0<\/p>\n<p><strong >Programma:\u00a0<br \/><\/strong>08:45 \u2013 09:00: Registrazione<\/p>\n<p>09:00 \u2013 09:15: Accoglienza e ice-break\u00a0<\/p>\n<p>09:15 \u2013 11:00: Attivit\u00e0\u00a0<\/p>\n<p>11:00 \u2013 11:15: Pausa caff\u00e8\u00a0<\/p>\n<p>11:15 \u2013 12:30: Attivit\u00e0\u00a0<\/p>\n<p>12:30 \u2013 13:00: Debriefing e conclusioni\u00a0<\/p>\n<p>\u00a0<\/p>\n<p>Numero massimo di partecipanti: 30<br \/>\u00a0<\/p>\n<p><strong >Iscrizione<\/strong>: <br \/>inviare i propri dati a silvia.elzi@lombardia.cri.it<\/p>\n<\/div>\n<div >\u00a0<\/div>\n<\/div>\n","protected":false},"excerpt":{"rendered":"<p>Si terr\u00e0 sabato 7 aprile 2018 l&#8217;incontro regionale di aggiornamento su Principi e Valori della Croce Rossa, nell&#8217;articolo i dettagli e le modalit\u00e0 di iscrizione.<\/p>\n","protected":false},"author":12,"featured_media":0,"comment_status":"closed","ping_status":"closed","sticky":false,"template":"","format":"standard","meta":{"_themeisle_gutenberg_block_has_review":false,"footnotes":""},"categories":[22,4,21,11,17,13,5,23,24,8],"tags":[],"class_list":["post-394","post","type-post","status-publish","format-standard","hentry","category-aggiornamenti","category-comitato-lombardia","category-conventions","category-eventi","category-formazione","category-incontri","category-news","category-principi-e-valori","category-riunioni","category-secondo-piano-generico"],"interactive":false,"_links":{"self":[{"href":"https:\/\/cri.it\/lombardia\/wp-json\/wp\/v2\/posts\/394","targetHints":{"allow":["GET"]}}],"collection":[{"href":"https:\/\/cri.it\/lombardia\/wp-json\/wp\/v2\/posts"}],"about":[{"href":"https:\/\/cri.it\/lombardia\/wp-json\/wp\/v2\/types\/post"}],"author":[{"embeddable":true,"href":"https:\/\/cri.it\/lombardia\/wp-json\/wp\/v2\/users\/12"}],"replies":[{"embeddable":true,"href":"https:\/\/cri.it\/lombardia\/wp-json\/wp\/v2\/comments?post=394"}],"version-history":[{"count":0,"href":"https:\/\/cri.it\/lombardia\/wp-json\/wp\/v2\/posts\/394\/revisions"}],"wp:attachment":[{"href":"https:\/\/cri.it\/lombardia\/wp-json\/wp\/v2\/media?parent=394"}],"wp:term":[{"taxonomy":"category","embeddable":true,"href":"https:\/\/cri.it\/lombardia\/wp-json\/wp\/v2\/categories?post=394"},{"taxonomy":"post_tag","embeddable":true,"href":"https:\/\/cri.it\/lombardia\/wp-json\/wp\/v2\/tags?post=394"}],"curies":[{"name":"wp","href":"https:\/\/api.w.org\/{rel}","templated":true}]}}